{"id":528876,"date":"2025-11-12T08:13:29","date_gmt":"2025-11-12T08:13:29","guid":{"rendered":"https:\/\/www.europesays.com\/fr\/528876\/"},"modified":"2025-11-12T08:13:29","modified_gmt":"2025-11-12T08:13:29","slug":"loeil-du-photographe-en-pays-bigouden-un-matin-pluvieux-a-loctudy","status":"publish","type":"post","link":"https:\/\/www.europesays.com\/fr\/528876\/","title":{"rendered":"L\u2019\u0153il du photographe en Pays bigouden\u00a0: un matin pluvieux \u00e0 Loctudy"},"content":{"rendered":"<p>Les conditions m\u00e9t\u00e9orologiques ont magnifi\u00e9 ce clich\u00e9 tout en reflets pris par Richard Gu\u00e9guen lundi 20 octobre 2025 dans la rue du Port de Loctudy. La photo a \u00e9t\u00e9 saisie \u00ab\u00a0au petit matin, un jour de grand vent en profitant de la flaque d\u2019eau des pluies nocturnes\u00a0\u00bb.<\/p>\n<p>Animaux, couchers de soleil, sc\u00e8ne insolite, d\u00e9tail intriguant dans un d\u00e9cor maritime, champ\u00eatre ou urbain\u2026 Les possibilit\u00e9s sont infinies pour para\u00eetre dans cette rubrique. Quelques mots pour d\u00e9crire le contexte (date, lieu, circonstances) dans lequel a \u00e9t\u00e9 pris le clich\u00e9 permettront d\u2019\u00e9clairer un peu plus le lecteur. L\u2019envoi des images (r\u00e9solution d\u2019au minimum 1 Mo) par mail \u00e0 l\u2019adresse pont-labbe@letelegramme.fr vaut autorisation de publication gratuite dans nos colonnes et sur le site Internet du T\u00e9l\u00e9gramme.<\/p>\n","protected":false},"excerpt":{"rendered":"Les conditions m\u00e9t\u00e9orologiques ont magnifi\u00e9 ce clich\u00e9 tout en reflets pris par Richard Gu\u00e9guen lundi 20 octobre 2025&hellip;\n","protected":false},"author":2,"featured_media":528877,"comment_status":"","ping_status":"","sticky":false,"template":"","format":"standard","meta":{"footnotes":""},"categories":[1358],"tags":[1348,1384,1385,1386,58,59,1011,27,52621,1335,3323],"class_list":{"0":"post-528876","1":"post","2":"type-post","3":"status-publish","4":"format-standard","5":"has-post-thumbnail","7":"category-arts-et-design","8":"tag-arts","9":"tag-arts-and-design","10":"tag-arts-et-design","11":"tag-design","12":"tag-divertissement","13":"tag-entertainment","14":"tag-fr","15":"tag-france","16":"tag-loeil-du-photographe-dans-le-pays-bigouden","17":"tag-loctudy","18":"tag-pont-labbe"},"share_on_mastodon":{"url":"https:\/\/pubeurope.com\/@fr\/115535727997713939","error":""},"_links":{"self":[{"href":"https:\/\/www.europesays.com\/fr\/wp-json\/wp\/v2\/posts\/528876","targetHints":{"allow":["GET"]}}],"collection":[{"href":"https:\/\/www.europesays.com\/fr\/wp-json\/wp\/v2\/posts"}],"about":[{"href":"https:\/\/www.europesays.com\/fr\/wp-json\/wp\/v2\/types\/post"}],"author":[{"embeddable":true,"href":"https:\/\/www.europesays.com\/fr\/wp-json\/wp\/v2\/users\/2"}],"replies":[{"embeddable":true,"href":"https:\/\/www.europesays.com\/fr\/wp-json\/wp\/v2\/comments?post=528876"}],"version-history":[{"count":0,"href":"https:\/\/www.europesays.com\/fr\/wp-json\/wp\/v2\/posts\/528876\/revisions"}],"wp:featuredmedia":[{"embeddable":true,"href":"https:\/\/www.europesays.com\/fr\/wp-json\/wp\/v2\/media\/528877"}],"wp:attachment":[{"href":"https:\/\/www.europesays.com\/fr\/wp-json\/wp\/v2\/media?parent=528876"}],"wp:term":[{"taxonomy":"category","embeddable":true,"href":"https:\/\/www.europesays.com\/fr\/wp-json\/wp\/v2\/categories?post=528876"},{"taxonomy":"post_tag","embeddable":true,"href":"https:\/\/www.europesays.com\/fr\/wp-json\/wp\/v2\/tags?post=528876"}],"curies":[{"name":"wp","href":"https:\/\/api.w.org\/{rel}","templated":true}]}}