{"id":528913,"date":"2025-11-12T08:47:12","date_gmt":"2025-11-12T08:47:12","guid":{"rendered":"https:\/\/www.europesays.com\/fr\/528913\/"},"modified":"2025-11-12T08:47:12","modified_gmt":"2025-11-12T08:47:12","slug":"a-la-prison-de-rouen-un-detenu-attaque-un-surveillant-puis-met-le-feu-a-sa-cellule","status":"publish","type":"post","link":"https:\/\/www.europesays.com\/fr\/528913\/","title":{"rendered":"\u00c0 la prison de Rouen, un d\u00e9tenu attaque un surveillant puis met le feu \u00e0 sa cellule"},"content":{"rendered":"<p>            Par<br \/>\n        <strong><br \/>\n            <a href=\"https:\/\/actu.fr\/auteur\/julien-bouteiller\" title=\"Consulter tous les articles de Julien Bouteiller\" target=\"_blank\" rel=\"noopener\">Julien Bouteiller<\/a><br \/>\n        <\/strong><\/p>\n<p>        Publi\u00e9 le<\/p>\n<p>            12 nov. 2025 \u00e0 8h59        <\/p>\n<p><strong>Violente agression \u00e0 Bonne Nouvelle.<\/strong> Mardi 11 novembre 2025, un agent p\u00e9nitentiaire de la prison de <a href=\"https:\/\/actu.fr\/normandie\/rouen_76540\" target=\"_blank\" rel=\"noopener\">Rouen<\/a> a \u00e9t\u00e9 <strong>attaqu\u00e9 au cou par un d\u00e9tenu<\/strong>, indique une source syndicale, confirmant une information de\u00a0<a href=\"https:\/\/www.paris-normandie.fr\/id673421\/article\/2025-11-11\/blesse-par-un-detenu-un-surveillant-de-la-prison-de-rouen-transporte-aux\" target=\"_blank\" rel=\"noopener\">Paris-Normandie<\/a>.<\/p>\n<p>Il attaque le surveillant et met le feu<\/p>\n<p class=\" wall-content\">Dans la matin\u00e9e, le d\u00e9tenu s\u2019est manifest\u00e9 bruyamment, faisant intervenir des agents de la <a href=\"https:\/\/actu.fr\/normandie\/rouen_76540\/la-question-pas-si-bete-pourquoi-la-prison-de-rouen-s-appelle-bonne-nouvelle_38512266.html\" target=\"_blank\" rel=\"noopener\">prison Bonne Nouvelle<\/a>. L\u00e0, il a \u00ab\u00a0port\u00e9 <strong>un coup avec une lame artisanale<\/strong> au niveau du cou de notre coll\u00e8gue\u00a0\u00bb. Ce dernier est parvenu \u00e0 \u00e9viter le pire et n\u2019a \u00e9t\u00e9 que <strong>l\u00e9g\u00e8rement touch\u00e9.\u00a0<\/strong><\/p>\n<p class=\" wall-content\">Le d\u00e9tenu \u00ab\u00a0bien connu pour ses multiples agressions sur le personnel\u00a0\u00bb, selon le syndicat FO, \u00ab\u00a0a <strong>mis le feu \u00e0 sa cellule<\/strong>, ajoutant le chaos \u00e0 la tentative de meurtre\u00a0\u00bb.<\/p>\n<p class=\" wall-content\">Le d\u00e9part de feu a pu \u00eatre ma\u00eetris\u00e9. Le d\u00e9tenu, br\u00fbl\u00e9, a \u00e9t\u00e9<strong> transport\u00e9 \u00e0 l\u2019h\u00f4pital<\/strong>. On ignore comment son \u00e9tat de sant\u00e9 a \u00e9volu\u00e9.<\/p>\n<p class=\" wall-content\">Les agents p\u00e9nitentiaires sont r\u00e9guli\u00e8rement confront\u00e9s \u00e0 des actes de violences et les syndicats exigent tout aussi r\u00e9guli\u00e8rement davantage de moyens et des sanctions exemplaires. S\u2019agissant de ce d\u00e9tenu en particulier, FO exige son <strong>\u00ab\u00a0transfert imm\u00e9diat vers un \u00e9tablissement adapt\u00e9 \u00e0 sa dangerosit\u00e9\u00a0\u00bb.<\/strong><\/p>\n<p>Vid\u00e9os : en ce moment sur ActuSuivez l\u2019actualit\u00e9 de Rouen <a href=\"https:\/\/www.whatsapp.com\/channel\/0029VaKfnf99hXF2ddApFB1D\" target=\"_blank\" rel=\"noopener\">sur notre cha\u00eene WhatsApp<\/a> et <a href=\"https:\/\/www.tiktok.com\/@76actu.fr?lang=fr\" target=\"_blank\" rel=\"noopener\">sur notre compte TikTok<\/a><\/p>\n<p class=\" wall-content\">Personnalisez votre actualit\u00e9 en ajoutant vos villes et m\u00e9dias en favori avec <a href=\"https:\/\/moncompte.actu.fr\" title=\"D\u00e9couvez Mon Actu\" rel=\"nofollow noopener\" data-trk=\"{&quot;cta&quot;:{&quot;action&quot;:&quot;https:\\\/\\\/moncompte.actu.fr&quot;,&quot;category&quot;:&quot;mon compte&quot;,&quot;from&quot;:&quot;article footer&quot;,&quot;name&quot;:&quot;Mon actu&quot;,&quot;type&quot;:&quot;cta&quot;}}\" target=\"_blank\">Mon Actu<\/a>.<\/p>\n<p>                    <script async src=\"\/\/www.tiktok.com\/embed.js\"><\/script><\/p>\n","protected":false},"excerpt":{"rendered":"Par Julien Bouteiller Publi\u00e9 le 12 nov. 2025 \u00e0 8h59 Violente agression \u00e0 Bonne Nouvelle. Mardi 11 novembre&hellip;\n","protected":false},"author":2,"featured_media":528914,"comment_status":"","ping_status":"","sticky":false,"template":"","format":"standard","meta":{"footnotes":""},"categories":[9587],"tags":[1111,11,1777,674,118,1011,27,1310,12,5161,1072,899,25,9590],"class_list":{"0":"post-528913","1":"post","2":"type-post","3":"status-publish","4":"format-standard","5":"has-post-thumbnail","7":"category-rouen","8":"tag-actu","9":"tag-actualites","10":"tag-eu","11":"tag-europe","12":"tag-faits-divers","13":"tag-fr","14":"tag-france","15":"tag-incendie","16":"tag-news","17":"tag-normandie","18":"tag-police","19":"tag-prisons","20":"tag-republique-francaise","21":"tag-rouen"},"share_on_mastodon":{"url":"https:\/\/pubeurope.com\/@fr\/115535861872050234","error":""},"_links":{"self":[{"href":"https:\/\/www.europesays.com\/fr\/wp-json\/wp\/v2\/posts\/528913","targetHints":{"allow":["GET"]}}],"collection":[{"href":"https:\/\/www.europesays.com\/fr\/wp-json\/wp\/v2\/posts"}],"about":[{"href":"https:\/\/www.europesays.com\/fr\/wp-json\/wp\/v2\/types\/post"}],"author":[{"embeddable":true,"href":"https:\/\/www.europesays.com\/fr\/wp-json\/wp\/v2\/users\/2"}],"replies":[{"embeddable":true,"href":"https:\/\/www.europesays.com\/fr\/wp-json\/wp\/v2\/comments?post=528913"}],"version-history":[{"count":0,"href":"https:\/\/www.europesays.com\/fr\/wp-json\/wp\/v2\/posts\/528913\/revisions"}],"wp:featuredmedia":[{"embeddable":true,"href":"https:\/\/www.europesays.com\/fr\/wp-json\/wp\/v2\/media\/528914"}],"wp:attachment":[{"href":"https:\/\/www.europesays.com\/fr\/wp-json\/wp\/v2\/media?parent=528913"}],"wp:term":[{"taxonomy":"category","embeddable":true,"href":"https:\/\/www.europesays.com\/fr\/wp-json\/wp\/v2\/categories?post=528913"},{"taxonomy":"post_tag","embeddable":true,"href":"https:\/\/www.europesays.com\/fr\/wp-json\/wp\/v2\/tags?post=528913"}],"curies":[{"name":"wp","href":"https:\/\/api.w.org\/{rel}","templated":true}]}}