{"id":528923,"date":"2025-11-12T08:56:29","date_gmt":"2025-11-12T08:56:29","guid":{"rendered":"https:\/\/www.europesays.com\/fr\/528923\/"},"modified":"2025-11-12T08:56:29","modified_gmt":"2025-11-12T08:56:29","slug":"une-recherche-strasbourgeoise-etudie-le-lien-entre-pfas-et-cancer-du-sein","status":"publish","type":"post","link":"https:\/\/www.europesays.com\/fr\/528923\/","title":{"rendered":"Une recherche strasbourgeoise \u00e9tudie le lien entre PFAS et cancer du sein"},"content":{"rendered":"<p class=\"wp-block-post-excerpt__excerpt\">Carole Mathelin, cheffe du service de chirurgie de l\u2019Institut de canc\u00e9rologie de Strasbourg, a pr\u00e9sent\u00e9 les premiers r\u00e9sultats d\u2019une recherche sur le cancer du sein en octobre. Des polluants \u00e9ternels ont \u00e9t\u00e9 retrouv\u00e9s dans la quasi-totalit\u00e9 des tumeurs analys\u00e9es. <\/p>\n<p>Dorian Mao<\/p>\n<p>Publi\u00e9 le 12 novembre 2025\u00a0\u00a0\u00b7\u00a0\u00a0<\/p>\n<p>Imprim\u00e9 le 12 novembre 2025 \u00e0 09h56\u00a0\u00a0\u00b7\u00a0\u00a0<\/p>\n<p>\t\t\t\t\t3\u00a0minutes\n<\/p>\n<p class=\"has-drop-cap\">Quel r\u00f4le les polluants \u00e9ternels, les fameux PFAS, jouent-ils dans le cancer du sein\u00a0? C\u2019est l\u2019une des nombreuses questions auxquelles le projet de recherche Environnement et cancer du sein tente de r\u00e9pondre. Pilot\u00e9 par la professeure Carole Mathelin, cheffe du service de chirurgie de l\u2019Institut de canc\u00e9rologie de Strasbourg (ICANS), les premiers r\u00e9sultats cliniques, encore consid\u00e9r\u00e9s comme pr\u00e9liminaires, ont \u00e9t\u00e9 pr\u00e9sent\u00e9s \u00e0 l\u2019occasion des 31e\u00a0rencontres internationales de s\u00e9nologie \u00e0 Strasbourg, vendredi 10 octobre.<\/p>\n<p>L\u2019analyse de 917 tumeurs canc\u00e9reuses, pr\u00e9lev\u00e9es lors d\u2019op\u00e9rations chirurgicales men\u00e9es depuis 2020 sur des patientes atteintes d\u2019un cancer du sein, a r\u00e9v\u00e9l\u00e9 une presque omnipr\u00e9sence de PFAS. \u00ab\u00a0Nous avons recherch\u00e9 quatre substances diff\u00e9rentes : le PFOA, le PFOS, le PFNA et le PFHxS. Au total, nous avons trouv\u00e9 au moins l\u2019une d\u2019elles dans 96\u00a0% des tumeurs analys\u00e9es\u00a0\u00bb, explique Carole Mathelin.<\/p>\n<p>Des PFAS d\u00e9couverts \u00e0 l\u2019int\u00e9rieur des tumeurs<\/p>\n<p>Donnez acc\u00e8s au projet confidentiel d\u2019Europa Park\u00a0!<\/p>\n<p class=\"has-text-align-left\"><strong>Cet article est temporairement r\u00e9serv\u00e9 \u00e0 nos abonn\u00e9\u00b7es.<\/strong><\/p>\n<p class=\"has-text-align-left\">D\u00e8s que nous atteignons 10 abonnements suppl\u00e9mentaires, il passe en acc\u00e8s libre.<\/p>\n<p class=\"has-text-align-left\"><strong>Pourquoi ce syst\u00e8me ?<\/strong><\/p>\n<p class=\"has-text-align-left\">Notre journaliste Guillaume Krempp travaille sur le dossier d\u2019Europa Vall\u00e9e depuis plusieurs ann\u00e9es. Il est impossible de quantifier le temps qu\u2019il a pass\u00e9 \u00e0 enqu\u00eater sur ce sujet. Mais ce qui est s\u00fbr, c\u2019est que chaque r\u00e9v\u00e9lation doit nous apporter un minimum d\u2019abonn\u00e9s pour financer nos investigations. Pour que tous les habitants d\u2019Alsace centrale puissent acc\u00e9der \u00e0 cet article, il nous faut donc 10 abonnements annuels.<\/p>\n<p class=\"has-text-align-center\">Merci d\u2019avance pour votre soutien \u00e0 l\u2019investigation locale et \u00e0 une information d\u2019int\u00e9r\u00eat public en acc\u00e8s libre ! <\/p>\n<p>\n\t\t\t\t<strong>14\/11\/2025<\/strong><br \/>\n\t\t\t\tdate de fin\n\t\t\t<\/p>\n<p>\n\t\t\t<strong><br \/>\n\t\t\t\t15\t\t\t<\/strong><\/p>\n<p>\t\t\t\t\tsur<br \/>\n\t\t\t\t\t2615\n\t\t\t\t\t<\/p>\n<p>\t\t\t<a href=\"https:\/\/www.rue89strasbourg.com\/\" class=\"custom-logo-link\" rel=\"home nofollow noopener\" target=\"_blank\"><img loading=\"lazy\" decoding=\"async\" width=\"290\" height=\"62\" src=\"https:\/\/www.europesays.com\/fr\/wp-content\/uploads\/2025\/04\/1743975279_388_logo.png\" class=\"custom-logo\" alt=\"Rue89 Strasbourg Enqu\u00eates et informations locales\"  \/><\/a><\/p>\n<p>\n\t\t\t\tAbonnez-vous maintenant pour suivre l\u2019actualit\u00e9 locale.\t\t\t<\/p>\n<p class=\"font-bold font-serif-heading mb-2 text-4xl\">\n\t\t\t\t\t\tL\u2019investigation locale \u00e0 port\u00e9e de main.\n\t\t\t\t\t<\/p>\n<p>\n\t\t\t\t\t\tAbonnez-vous et profitez d\u2019un acc\u00e8s illimit\u00e9 \u00e0 Rue89 Strasbourg. Annulez quand vous voulez.\n\t\t\t\t\t<\/p>\n<p class=\"xl:text-sm\">\n\t\t\t\t\tD\u00e9j\u00e0 abonn\u00e9\u00a0?<br \/>\n\t\t\t\t\t<a class=\"border border-transparent text-center transition-colors duration-instant focus:border-info focus:rounded focus:shadow-focus cursor-pointer text-black hover:text-gray-700 active:bg-black-700 font-semibold inline-block\" href=\"https:\/\/www.rue89strasbourg.com\/user\/connexion?redirect=\/recherche-strasbourgeoise-etudie-lien-pfas-cancer-sein-365898\" rel=\"nofollow noopener\" target=\"_blank\">Connectez-vous<\/a>\t\t\t\t<\/p>\n<p>\n\t\t\t\tChoisissez votre formule\u00a0:\n\t\t\t<\/p>\n<p>\t\t\t\tFermer<\/p>\n","protected":false},"excerpt":{"rendered":"Carole Mathelin, cheffe du service de chirurgie de l\u2019Institut de canc\u00e9rologie de Strasbourg, a pr\u00e9sent\u00e9 les premiers r\u00e9sultats&hellip;\n","protected":false},"author":2,"featured_media":528924,"comment_status":"","ping_status":"","sticky":false,"template":"","format":"standard","meta":{"footnotes":""},"categories":[2820],"tags":[1111,11,101,1777,674,1011,27,775,64814,12,13885,1800,25,71,640],"class_list":{"0":"post-528923","1":"post","2":"type-post","3":"status-publish","4":"format-standard","5":"has-post-thumbnail","7":"category-strasbourg","8":"tag-actu","9":"tag-actualites","10":"tag-cancer","11":"tag-eu","12":"tag-europe","13":"tag-fr","14":"tag-france","15":"tag-grand-est","16":"tag-icans","17":"tag-news","18":"tag-pfas","19":"tag-pollution","20":"tag-republique-francaise","21":"tag-sante","22":"tag-strasbourg"},"share_on_mastodon":{"url":"https:\/\/pubeurope.com\/@fr\/115535897816704656","error":""},"_links":{"self":[{"href":"https:\/\/www.europesays.com\/fr\/wp-json\/wp\/v2\/posts\/528923","targetHints":{"allow":["GET"]}}],"collection":[{"href":"https:\/\/www.europesays.com\/fr\/wp-json\/wp\/v2\/posts"}],"about":[{"href":"https:\/\/www.europesays.com\/fr\/wp-json\/wp\/v2\/types\/post"}],"author":[{"embeddable":true,"href":"https:\/\/www.europesays.com\/fr\/wp-json\/wp\/v2\/users\/2"}],"replies":[{"embeddable":true,"href":"https:\/\/www.europesays.com\/fr\/wp-json\/wp\/v2\/comments?post=528923"}],"version-history":[{"count":0,"href":"https:\/\/www.europesays.com\/fr\/wp-json\/wp\/v2\/posts\/528923\/revisions"}],"wp:featuredmedia":[{"embeddable":true,"href":"https:\/\/www.europesays.com\/fr\/wp-json\/wp\/v2\/media\/528924"}],"wp:attachment":[{"href":"https:\/\/www.europesays.com\/fr\/wp-json\/wp\/v2\/media?parent=528923"}],"wp:term":[{"taxonomy":"category","embeddable":true,"href":"https:\/\/www.europesays.com\/fr\/wp-json\/wp\/v2\/categories?post=528923"},{"taxonomy":"post_tag","embeddable":true,"href":"https:\/\/www.europesays.com\/fr\/wp-json\/wp\/v2\/tags?post=528923"}],"curies":[{"name":"wp","href":"https:\/\/api.w.org\/{rel}","templated":true}]}}