{"id":528927,"date":"2025-11-12T09:00:29","date_gmt":"2025-11-12T09:00:29","guid":{"rendered":"https:\/\/www.europesays.com\/fr\/528927\/"},"modified":"2025-11-12T09:00:29","modified_gmt":"2025-11-12T09:00:29","slug":"medecine-connectee-sunwaves-medtech-annonce-limplantation-de-son-siege-a","status":"publish","type":"post","link":"https:\/\/www.europesays.com\/fr\/528927\/","title":{"rendered":"M\u00e9decine connect\u00e9e : SunWaves-MedTech annonce l\u2019implantation de son si\u00e8ge \u00e0 (\u2026)"},"content":{"rendered":"<p>                    <img loading=\"lazy\" decoding=\"async\" src=\"https:\/\/www.europesays.com\/fr\/wp-content\/uploads\/2025\/11\/39addec4d91e55f084784d851cf887.jpg\" class=\"img-responsive post-image\" width=\"680\" height=\"510\" alt=\"M\u00e9decine connect\u00e9e : (\u2026)\" title=\"M\u00e9decine connect\u00e9e : SunWaves-MedTech annonce l'implantation de son si\u00e8ge \u00e0 Nice et de son centre de R&amp;D \u00e0 Sophia Antipolis\"\/><\/p>\n<p class=\"chapo\">Face aux enjeux de sant\u00e9 d\u00fbs \u00e0 l\u2019acc\u00e8s aux soins, SunWaves-MedTech choisit Nice C\u00f4te d\u2019Azur pour d\u00e9ployer une solution unique de m\u00e9decine connect\u00e9e, conjuguant IA m\u00e9dicale, objets connect\u00e9s et supervision humaine.<\/p>\n<p>La startup fran\u00e7aise SunWaves-MedTech, fond\u00e9e par trois experts issus de la m\u00e9decine, du droit et de l\u2019industrie pharmaceutique, annonce l\u2019implantation de son si\u00e8ge \u00e0 Nice et de son centre de R&amp;D \u00e0 Sophia Antipolis. Son objectif\u00a0: construire une nouvelle infrastructure de sant\u00e9 connect\u00e9e, pr\u00e9ventive et humaine, \u00e0 la hauteur des d\u00e9fis actuels. \u00ab\u00a0En France, 23 millions de personnes vivent dans un d\u00e9sert m\u00e9dical. Notre technologie agit comme un filet de s\u00e9curit\u00e9 proactif, au service des patients, des m\u00e9decins et du syst\u00e8me de sant\u00e9 dans son ensemble\u00a0\u00bb, explique <strong>Philippe Dedrie, <\/strong> CEO et cofondateur de SunWaves-MedTech.<\/p>\n<p>Une r\u00e9ponse technologique \u00e0 un enjeu soci\u00e9tal majeur<\/p>\n<p>SunWaves-MedTech d\u00e9ploie une plateforme de <strong>t\u00e9l\u00e9surveillance m\u00e9dicale active<\/strong>, interop\u00e9rable avec les objets connect\u00e9s du march\u00e9. Montres, glucom\u00e8tres, sous-matelas, capteurs m\u00e9dicaux\u00a0: jusqu\u2019\u00e0 70 param\u00e8tres physiologiques et comportementaux sont analys\u00e9s en temps r\u00e9el.<br class=\"autobr\"\/><br \/>\nL\u2019IA m\u00e9dicale d\u00e9velopp\u00e9e par SunWaves-MedTech est con\u00e7ue par des m\u00e9decins, pour des m\u00e9decins. Elle d\u00e9tecte les signaux faibles, anticipe les risques (chute, d\u00e9compensation, aggravation silencieuse) et d\u00e9clenche des alertes qualifi\u00e9es, toujours valid\u00e9es par le Centre de Supervision M\u00e9dicale actif 24h\/24, 7j\/7. \u00ab\u00a0Nous ne rempla\u00e7ons pas les m\u00e9decins, nous leur apportons une information claire, contextualis\u00e9e, utile. C\u2019est une pr\u00e9sence m\u00e9dicale continue, qui respecte les parcours de soins et les personnes \u00a0\u00bb, ajoute Philippe Dedrie.<\/p>\n<p>Nice C\u00f4te d\u2019Azur\u00a0: un choix d\u2019ancrage strat\u00e9gique<\/p>\n<p>L\u2019installation \u00e0 Nice s\u2019est impos\u00e9e comme une \u00e9vidence. D\u00e8s les premiers \u00e9changes avec Universit\u00e9 C\u00f4te d\u2019Azur, dans le cadre du programme europ\u00e9en Ulysseus, l\u2019\u00e9cosyst\u00e8me a r\u00e9pondu pr\u00e9sent\u00a0: e-sant\u00e9, IA, recherche appliqu\u00e9e, mobilisation rapide des acteurs publics et priv\u00e9s. \u00ab\u00a0 L\u2019implantation de SunWaves-MedTech sur le territoire Nice C\u00f4te d\u2019Azur illustre notre volont\u00e9 de capter des projets \u00e0 fort impact, align\u00e9s avec les priorit\u00e9s strat\u00e9giques du territoire. Team Nice C\u00f4te d\u2019Azur agit en \u00e9claireur pour identifier ces initiatives, faciliter leur int\u00e9gration dans l\u2019\u00e9cosyst\u00e8me local, et cr\u00e9er les conditions d\u2019un ancrage solide sur le territoire.\u00a0\u00bb, souligne <strong>Herv\u00e9 Laubertie,<\/strong> Directeur G\u00e9n\u00e9ral de Team Nice C\u00f4te d\u2019Azur. La connectivit\u00e9 internationale offerte par l\u2019a\u00e9roport Nice C\u00f4te d\u2019Azur (2e a\u00e9roport fran\u00e7ais apr\u00e8s Paris) constitue un levier important pour le d\u00e9ploiement national et international de l\u2019entreprise.<\/p>\n<p>SunWaves porte un mod\u00e8le d\u2019entreprise agile et \u00e9thique\u00a0: t\u00e9l\u00e9travail libre, hi\u00e9rarchie plate, z\u00e9ro papier. L\u2019entreprise a \u00e9galement lanc\u00e9 SunMakers, un programme d\u2019ambassadeurs seniors, mobilisant les retrait\u00e9s comme relais de proximit\u00e9 dans leur quartier.<br class=\"autobr\"\/><br \/>\nD\u2019ici fin 2025, l\u2019\u00e9quipe atteindra 20 collaborateurs, avec un objectif de 75 personnes fin 2026. Tous les recrutements (data, IA, relation patient, supervision m\u00e9dicale) seront pilot\u00e9s depuis Nice. L\u2019entreprise pr\u00e9voit \u00e9galement de rapatrier \u00e0 Nice sa structure parisienne d\u00e9di\u00e9e \u00e0 l\u2019autonomie et de lancer plusieurs spin-offs sectorielles ancr\u00e9es sur le territoire. \u00ab\u00a0Nous sommes venus sans conna\u00eetre la r\u00e9gion. Nous y restons par choix. C\u2019est un territoire exigeant, r\u00e9actif, o\u00f9 les projets utiles peuvent grandir. C\u2019est ici que se joue une nouvelle page de la sant\u00e9 connect\u00e9e\u00a0\u00bb, conclut Philippe Dedrie.<\/p>\n<p>Des solutions pr\u00eates, une ambition internationale<\/p>\n<p><strong>En 2025, trois offres sont pr\u00eates \u00e0 la commercialisation\u00a0:<\/strong><br class=\"autobr\"\/><br \/>\n<strong>SunWaves-Autonomie <\/strong>\u00a0: accompagnement des personnes \u00e2g\u00e9es, en ALD ou en situation de handicap,<br class=\"autobr\"\/><br \/>\n<strong>SunWaves-Open IoT<\/strong>\u00a0: usage individuel d\u2019objets connect\u00e9s de sant\u00e9,<br class=\"autobr\"\/><br \/>\n<strong>SunWaves-Sport<\/strong>\u00a0: pr\u00e9vention et performance pour les sportifs de haut niveau ou amateurs.<br class=\"autobr\"\/><br \/>\nCinq nouvelles verticales sont en d\u00e9veloppement pour 2026 et 2027\u00a0: oncologie, post-hospitalisation, sant\u00e9 des territoires isol\u00e9s, essais cliniques, long\u00e9vit\u00e9. La plateforme est multilingue, modulaire et interop\u00e9rable, d\u00e9j\u00e0 sollicit\u00e9e en Allemagne, au Canada et dans plusieurs pays europ\u00e9ens.<\/p>\n<p>Photo de Une\u00a0: Philippe Dedrie, CEO et cofondateur de SunWaves-MedTech. \u00a9SunWaves-MedTech.- Tous droits r\u00e9serv\u00e9s.<\/p>\n","protected":false},"excerpt":{"rendered":"Face aux enjeux de sant\u00e9 d\u00fbs \u00e0 l\u2019acc\u00e8s aux soins, SunWaves-MedTech choisit Nice C\u00f4te d\u2019Azur pour d\u00e9ployer une&hellip;\n","protected":false},"author":2,"featured_media":528928,"comment_status":"","ping_status":"","sticky":false,"template":"","format":"standard","meta":{"footnotes":""},"categories":[2819],"tags":[1111,11,2408,1777,674,1011,27,12,2401,882,25],"class_list":{"0":"post-528927","1":"post","2":"type-post","3":"status-publish","4":"format-standard","5":"has-post-thumbnail","7":"category-nice","8":"tag-actu","9":"tag-actualites","10":"tag-appels-d","11":"tag-eu","12":"tag-europe","13":"tag-fr","14":"tag-france","15":"tag-news","16":"tag-nice","17":"tag-provence-alpes-cote-dazur","18":"tag-republique-francaise"},"share_on_mastodon":{"url":"https:\/\/pubeurope.com\/@fr\/115535913461298999","error":""},"_links":{"self":[{"href":"https:\/\/www.europesays.com\/fr\/wp-json\/wp\/v2\/posts\/528927","targetHints":{"allow":["GET"]}}],"collection":[{"href":"https:\/\/www.europesays.com\/fr\/wp-json\/wp\/v2\/posts"}],"about":[{"href":"https:\/\/www.europesays.com\/fr\/wp-json\/wp\/v2\/types\/post"}],"author":[{"embeddable":true,"href":"https:\/\/www.europesays.com\/fr\/wp-json\/wp\/v2\/users\/2"}],"replies":[{"embeddable":true,"href":"https:\/\/www.europesays.com\/fr\/wp-json\/wp\/v2\/comments?post=528927"}],"version-history":[{"count":0,"href":"https:\/\/www.europesays.com\/fr\/wp-json\/wp\/v2\/posts\/528927\/revisions"}],"wp:featuredmedia":[{"embeddable":true,"href":"https:\/\/www.europesays.com\/fr\/wp-json\/wp\/v2\/media\/528928"}],"wp:attachment":[{"href":"https:\/\/www.europesays.com\/fr\/wp-json\/wp\/v2\/media?parent=528927"}],"wp:term":[{"taxonomy":"category","embeddable":true,"href":"https:\/\/www.europesays.com\/fr\/wp-json\/wp\/v2\/categories?post=528927"},{"taxonomy":"post_tag","embeddable":true,"href":"https:\/\/www.europesays.com\/fr\/wp-json\/wp\/v2\/tags?post=528927"}],"curies":[{"name":"wp","href":"https:\/\/api.w.org\/{rel}","templated":true}]}}