{"id":528931,"date":"2025-11-12T09:06:45","date_gmt":"2025-11-12T09:06:45","guid":{"rendered":"https:\/\/www.europesays.com\/fr\/528931\/"},"modified":"2025-11-12T09:06:45","modified_gmt":"2025-11-12T09:06:45","slug":"plus-de-45-km-de-bouchons-sur-le-peripherique-a-9h","status":"publish","type":"post","link":"https:\/\/www.europesays.com\/fr\/528931\/","title":{"rendered":"plus de 45 km de bouchons sur le p\u00e9riph\u00e9rique \u00e0 9h"},"content":{"rendered":"<p>            Par<br \/>\n        <strong><br \/>\n            <a href=\"https:\/\/actu.fr\/auteur\/redaction-nantes\" title=\"Consulter tous les articles de R\u00e9daction Nantes\" target=\"_blank\" rel=\"noopener\">R\u00e9daction Nantes<\/a><br \/>\n        <\/strong><\/p>\n<p>        Publi\u00e9 le<\/p>\n<p>            12 nov. 2025 \u00e0 9h18        <\/p>\n<p>Apr\u00e8s un mardi 11\u00a0novembre f\u00e9ri\u00e9, <b>la circulation est plus dense<\/b> ce mercredi 12\u00a0novembre 2025 sur les routes de l\u2019agglom\u00e9ration nantaise. <a href=\"https:\/\/www.bison-fute.gouv.fr\/courbes-bouchons,11025.html\" target=\"_blank\" rel=\"noopener\">Bison Fut\u00e9<\/a> recense <b>49,5\u00a0km de bouchons sur le p\u00e9riph\u00e9rique de Nantes<\/b>, \u00e0 9h. \u00c0 titre de comparaison sur le m\u00eame cr\u00e9neau horaire, la congestion automobile est jug\u00e9e \u00ab\u2009exceptionnelle\u2009\u00bb par Bison Fut\u00e9 \u00e0 partir de <b>30\u00a0km d\u2019embouteillages<\/b>.<\/p>\n<p>Un pic \u00e0 plus de 63\u00a0km de bouchons<\/p>\n<p class=\" wall-content\">\u00c0 9h09, l\u2019axe du p\u00e9riph\u00e9rique nantais le plus embouteill\u00e9 est la N844 avec 18,3 km de bouchons. Selon les donn\u00e9es de Bison Fut\u00e9, le pic de congestion automobile recens\u00e9s\u00a0<b>ce mercredi est de 63,4\u00a0km de bouchons \u00e0 8h40<\/b>.<\/p>\n<p class=\" wall-content\">La circulation commence \u00e0 se fluidifier dans l\u2019agglom\u00e9ration m\u00eame si on rel\u00e8ve 37,3\u00a0km de bouchons \u00e0 9h12.<\/p>\n<p class=\" wall-content\">Personnalisez votre actualit\u00e9 en ajoutant vos villes et m\u00e9dias en favori avec <a href=\"https:\/\/moncompte.actu.fr\" title=\"D\u00e9couvez Mon Actu\" rel=\"nofollow noopener\" data-trk=\"{&quot;cta&quot;:{&quot;action&quot;:&quot;https:\\\/\\\/moncompte.actu.fr&quot;,&quot;category&quot;:&quot;mon compte&quot;,&quot;from&quot;:&quot;article footer&quot;,&quot;name&quot;:&quot;Mon actu&quot;,&quot;type&quot;:&quot;cta&quot;}}\" target=\"_blank\">Mon Actu<\/a>.<\/p>\n","protected":false},"excerpt":{"rendered":"Par R\u00e9daction Nantes Publi\u00e9 le 12 nov. 2025 \u00e0 9h18 Apr\u00e8s un mardi 11\u00a0novembre f\u00e9ri\u00e9, la circulation est&hellip;\n","protected":false},"author":2,"featured_media":528932,"comment_status":"","ping_status":"","sticky":false,"template":"","format":"standard","meta":{"footnotes":""},"categories":[2818],"tags":[1111,11,3542,1777,674,1011,27,766,12,2636,4013,25,104],"class_list":{"0":"post-528931","1":"post","2":"type-post","3":"status-publish","4":"format-standard","5":"has-post-thumbnail","7":"category-nantes","8":"tag-actu","9":"tag-actualites","10":"tag-circulation","11":"tag-eu","12":"tag-europe","13":"tag-fr","14":"tag-france","15":"tag-nantes","16":"tag-news","17":"tag-pays-de-la-loire","18":"tag-peripherique","19":"tag-republique-francaise","20":"tag-societe"},"share_on_mastodon":{"url":"https:\/\/pubeurope.com\/@fr\/115535936444789364","error":""},"_links":{"self":[{"href":"https:\/\/www.europesays.com\/fr\/wp-json\/wp\/v2\/posts\/528931","targetHints":{"allow":["GET"]}}],"collection":[{"href":"https:\/\/www.europesays.com\/fr\/wp-json\/wp\/v2\/posts"}],"about":[{"href":"https:\/\/www.europesays.com\/fr\/wp-json\/wp\/v2\/types\/post"}],"author":[{"embeddable":true,"href":"https:\/\/www.europesays.com\/fr\/wp-json\/wp\/v2\/users\/2"}],"replies":[{"embeddable":true,"href":"https:\/\/www.europesays.com\/fr\/wp-json\/wp\/v2\/comments?post=528931"}],"version-history":[{"count":0,"href":"https:\/\/www.europesays.com\/fr\/wp-json\/wp\/v2\/posts\/528931\/revisions"}],"wp:featuredmedia":[{"embeddable":true,"href":"https:\/\/www.europesays.com\/fr\/wp-json\/wp\/v2\/media\/528932"}],"wp:attachment":[{"href":"https:\/\/www.europesays.com\/fr\/wp-json\/wp\/v2\/media?parent=528931"}],"wp:term":[{"taxonomy":"category","embeddable":true,"href":"https:\/\/www.europesays.com\/fr\/wp-json\/wp\/v2\/categories?post=528931"},{"taxonomy":"post_tag","embeddable":true,"href":"https:\/\/www.europesays.com\/fr\/wp-json\/wp\/v2\/tags?post=528931"}],"curies":[{"name":"wp","href":"https:\/\/api.w.org\/{rel}","templated":true}]}}