{"id":528941,"date":"2025-11-12T09:19:41","date_gmt":"2025-11-12T09:19:41","guid":{"rendered":"https:\/\/www.europesays.com\/fr\/528941\/"},"modified":"2025-11-12T09:19:41","modified_gmt":"2025-11-12T09:19:41","slug":"une-oeuvre-du-rappeur-oli-du-groupe-bigflo-et-oli-entre-aux-collections-nationales-a-toulouse","status":"publish","type":"post","link":"https:\/\/www.europesays.com\/fr\/528941\/","title":{"rendered":"Une \u0153uvre du rappeur Oli, du groupe Bigflo et Oli, entre aux collections nationales \u00e0 Toulouse"},"content":{"rendered":"<p>\n    L\u2019artiste de 29 ans, passionn\u00e9 d\u2019art contemporain, sera r\u00e9compens\u00e9 par le mus\u00e9e des Abattoirs apr\u00e8s le succ\u00e8s de son exposition Le mus\u00e9e imaginaire d\u2019Oli en d\u00e9but d\u2019ann\u00e9e.<\/p>\n<p class=\"fig-paragraph\"><a href=\"http:\/\/www.lefigaro.fr\/musique\/bigflo-et-oli-font-appel-a-l-intelligence-artificielle-pour-leur-dernier-clip-20240326\" data-fig-type=\"Article\" data-gtm-custom-categorie=\"navigation\" data-gtm-custom-action=\"crossclick\" data-gtm-custom-label=\"Contextuel\" data-gtm-event=\"customEventSPE\" data-fig-domain=\"LEFIGARO\" target=\"_blank\" rel=\"noopener\">Le rappeur Oli<\/a>\u00a0poursuit son aventure artistique. En parall\u00e8le de ses concerts aux quatre coins du monde, la moiti\u00e9 du groupe fraternel Bigflo et Oli s\u2019est attel\u00e9 \u00e0 l\u2019art contemporain avec l\u2019ouverture, entre d\u00e9cembre 2024 et mai 2025, de<a href=\"http:\/\/www.lefigaro.fr\/musique\/bigflo-et-oli-le-rappeur-oli-commissaire-d-une-exposition-d-art-contemporain-a-toulouse-20241120\" data-fig-type=\"Article\" data-gtm-custom-categorie=\"navigation\" data-gtm-custom-action=\"crossclick\" data-gtm-custom-label=\"Contextuel\" data-gtm-event=\"customEventSPE\" data-fig-domain=\"LEFIGARO\" target=\"_blank\" rel=\"noopener\">\u00a0son exposition Le mus\u00e9e imaginaire d\u2019Oli<\/a> \u00a0aux Abattoirs de Toulouse. Apr\u00e8s avoir rencontr\u00e9 un large succ\u00e8s critique et attir\u00e9 plus de 115\u00a0000 visiteurs, le mus\u00e9e a d\u00e9cid\u00e9 d\u2019introduire de fa\u00e7on p\u00e9renne une \u0153uvre du rappeur dans ses Collections Nationales d\u2019Art Contemporain.<\/p>\n<p class=\"fig-paragraph\">Sur les r\u00e9seaux sociaux, l\u2019interpr\u00e8te des tubes Dommage et Comme d\u2019hab s\u2019est r\u00e9joui de voir l\u2019un de ses r\u00eaves devenir r\u00e9alit\u00e9. \u00ab\u00a0C\u2019est un honneur\u00a0\u00bb, a-t-il \u00e9crit, sans d\u00e9voiler de quelle \u0153uvre il s\u2019agissait. \u00ab\u00a0Un clip et un texte conserv\u00e9 dans le patrimoine public fran\u00e7ais aux c\u00f4t\u00e9s d\u2019\u0153uvres mythiques qui traverseront le temps&#8230; quelques souvenirs que je n\u2019avais pas partag\u00e9 avant d\u2019annoncer la suite\u00a0\u00bb, a-t-il simplement ajout\u00e9 \u00e0 son message.<\/p>\n<p>                                    <a class=\"fig-a11y-skip a11y-hidden\" href=\"#fig-a11y-skip-main-inarticle\"><br \/>\n        Passer la publicit\u00e9<br \/>\n    <\/a><\/p>\n<p>Exposition \u00e9clectique<\/p>\n<p class=\"fig-paragraph\">Pendant plusieurs mois, le rappeur Olivio Ordo\u00f1ez a expos\u00e9 dans sa cit\u00e9 natale ses \u00ab\u00a0propres installations artistiques\u00a0\u00bb et celles des \u00ab\u00a0ami(e)s et des artistes [qu\u2019il] admire\u00a0\u00bb, d\u00e9taille le mus\u00e9e des Abattoirs. Il pouvait aussi piocher dans une cinquantaine d\u2019\u0153uvres de la r\u00e9serve de l\u2019institution, parmi lesquelles celles d\u2019<a href=\"http:\/\/www.lefigaro.fr\/horlogerie\/piaget-relance-la-montre-folle-d-andy-warhol-20241031\" target=\"_blank\" data-fig-type=\"Article\" rel=\"noopener\" data-gtm-custom-categorie=\"navigation\" data-gtm-custom-action=\"crossclick\" data-gtm-custom-label=\"Contextuel\" data-gtm-event=\"customEventSPE\" data-fig-domain=\"LEFIGARO\">Andy Warhol<\/a>, C\u00e9sar,\u00a0<a href=\"http:\/\/www.lefigaro.fr\/culture\/pour-decorer-votre-bureau-vous-preferez-un-van-gogh-ou-un-keith-haring-20241119\" target=\"_blank\" data-fig-type=\"Article\" rel=\"noopener\" data-gtm-custom-categorie=\"navigation\" data-gtm-custom-action=\"crossclick\" data-gtm-custom-label=\"Contextuel\" data-gtm-event=\"customEventSPE\" data-fig-domain=\"LEFIGARO\">Keith Haring<\/a>,\u00a0<a href=\"https:\/\/www.lefigaro.fr\/lifestyle\/rodez-une-escale-artistique-et-patrimoniale-pour-marcher-dans-les-pas-de-l-artiste-disparu-pierre-soulages-20230105\" target=\"_blank\" data-fig-type=\"Article\" rel=\"noopener\" data-gtm-custom-categorie=\"navigation\" data-gtm-custom-action=\"crossclick\" data-gtm-custom-label=\"Contextuel\" data-gtm-event=\"customEventSPE\" data-fig-domain=\"LEFIGARO\">Pierre Soulages<\/a>, JR, Bianca Bondi, ou encore\u00a0<a href=\"https:\/\/www.lefigaro.fr\/arts-expositions\/2016\/04\/11\/03015-20160411ARTFIG00186-villegle-eternel-enfant.php\" target=\"_blank\" data-fig-type=\"Article\" rel=\"noopener\" data-gtm-custom-categorie=\"navigation\" data-gtm-custom-action=\"crossclick\" data-gtm-custom-label=\"Contextuel\" data-gtm-event=\"customEventSPE\" data-fig-domain=\"LEFIGARO\">Jacques Villegl\u00e9<\/a>,\u00a0<a href=\"http:\/\/www.lefigaro.fr\/musique\/claude-nougaro-l-heure-de-la-revanche-20240622\" target=\"_blank\" data-fig-type=\"Article\" rel=\"noopener\" data-gtm-custom-categorie=\"navigation\" data-gtm-custom-action=\"crossclick\" data-gtm-custom-label=\"Contextuel\" data-gtm-event=\"customEventSPE\" data-fig-domain=\"LEFIGARO\">Claude Nougaro<\/a>\u00a0et l\u2019auteur de bande dessin\u00e9e\u00a0Zep.<\/p>\n<p class=\"fig-paragraph\">Il y a un an, l\u2019artiste se disait \u00ab\u00a0passionn\u00e9 d\u2019art depuis tout petit\u00a0\u00bb et \u00e9voquait un \u00ab\u00a0projet est fort et symbolique pour [lui]\u00a0\u00bb. Avec Le mus\u00e9e imaginaire d\u2019Oli, il a pu mettre en lumi\u00e8re \u00ab\u00a0les th\u00e8mes qui sont chers au duo et qui sont r\u00e9guli\u00e8rement \u00e9voqu\u00e9s dans leurs chansons, font rimer la famille, l\u2019enfance et l\u2019attachement \u00e0 Toulouse avec le multiculturalisme\u00a0\u00bb, explique le mus\u00e9e.<\/p>\n<p class=\"fig-body-link\">\n            \u00c0 lire aussi<br \/>\n        <a class=\"fig-body-link__link fig-premium-mark\" href=\"http:\/\/www.lefigaro.fr\/culture\/le-rappeur-booba-en-majeste-a-paris-la-defense-arena-20251011\" target=\"_blank\" data-fig-type=\"Article\" rel=\"noopener\" data-gtm-custom-categorie=\"navigation\" data-gtm-custom-action=\"crossclick\" data-gtm-custom-label=\"Contextuel\" data-gtm-event=\"customEventSPE\" data-fig-domain=\"LEFIGARO\"><\/p>\n<p>        Le rappeur Booba en majest\u00e9 \u00e0 Paris La D\u00e9fense Arena<br \/>\n    <\/a>\n<\/p>\n<p class=\"fig-paragraph\">En mai dernier, la fin de l\u2019exposition a \u00e9t\u00e9 c\u00e9l\u00e9br\u00e9e avec une soir\u00e9e de cl\u00f4ture r\u00e9unissant quelques grands noms de la sc\u00e8ne musicale. Parmi eux, les DJ\u2019s Cut Killer, Veekee et Jiddybruh, ainsi que le chanteur pop aux influences funk et \u00e9lectro, Julien Granel. Sur les r\u00e9seaux sociaux, Oli a partag\u00e9 un dessin sur lequel il explique qu\u2019\u00ab\u00a0un rappeur qui fait de l\u2019art contemporain, c\u2019est mieux qu\u2019un artiste contemporain qui fait du rap\u00a0\u00bb.\u00a0<\/p>\n","protected":false},"excerpt":{"rendered":"L\u2019artiste de 29 ans, passionn\u00e9 d\u2019art contemporain, sera r\u00e9compens\u00e9 par le mus\u00e9e des Abattoirs apr\u00e8s le succ\u00e8s de&hellip;\n","protected":false},"author":2,"featured_media":528942,"comment_status":"","ping_status":"","sticky":false,"template":"","format":"standard","meta":{"footnotes":""},"categories":[2816],"tags":[1111,11,1396,7642,1777,674,1011,27,12,2680,25,2312],"class_list":{"0":"post-528941","1":"post","2":"type-post","3":"status-publish","4":"format-standard","5":"has-post-thumbnail","7":"category-toulouse","8":"tag-actu","9":"tag-actualites","10":"tag-art-contemporain","11":"tag-bigflo-et-oli","12":"tag-eu","13":"tag-europe","14":"tag-fr","15":"tag-france","16":"tag-news","17":"tag-occitanie","18":"tag-republique-francaise","19":"tag-toulouse"},"share_on_mastodon":{"url":"https:\/\/pubeurope.com\/@fr\/115535987629563882","error":""},"_links":{"self":[{"href":"https:\/\/www.europesays.com\/fr\/wp-json\/wp\/v2\/posts\/528941","targetHints":{"allow":["GET"]}}],"collection":[{"href":"https:\/\/www.europesays.com\/fr\/wp-json\/wp\/v2\/posts"}],"about":[{"href":"https:\/\/www.europesays.com\/fr\/wp-json\/wp\/v2\/types\/post"}],"author":[{"embeddable":true,"href":"https:\/\/www.europesays.com\/fr\/wp-json\/wp\/v2\/users\/2"}],"replies":[{"embeddable":true,"href":"https:\/\/www.europesays.com\/fr\/wp-json\/wp\/v2\/comments?post=528941"}],"version-history":[{"count":0,"href":"https:\/\/www.europesays.com\/fr\/wp-json\/wp\/v2\/posts\/528941\/revisions"}],"wp:featuredmedia":[{"embeddable":true,"href":"https:\/\/www.europesays.com\/fr\/wp-json\/wp\/v2\/media\/528942"}],"wp:attachment":[{"href":"https:\/\/www.europesays.com\/fr\/wp-json\/wp\/v2\/media?parent=528941"}],"wp:term":[{"taxonomy":"category","embeddable":true,"href":"https:\/\/www.europesays.com\/fr\/wp-json\/wp\/v2\/categories?post=528941"},{"taxonomy":"post_tag","embeddable":true,"href":"https:\/\/www.europesays.com\/fr\/wp-json\/wp\/v2\/tags?post=528941"}],"curies":[{"name":"wp","href":"https:\/\/api.w.org\/{rel}","templated":true}]}}