{"id":528943,"date":"2025-11-12T09:22:19","date_gmt":"2025-11-12T09:22:19","guid":{"rendered":"https:\/\/www.europesays.com\/fr\/528943\/"},"modified":"2025-11-12T09:22:19","modified_gmt":"2025-11-12T09:22:19","slug":"je-ne-veux-pas-quil-y-ait-de-nouveau-mathis-lappel-des-parents-du-jeune-tue-par-un-chauffard-sous-protoxyde-dazote-a-lille","status":"publish","type":"post","link":"https:\/\/www.europesays.com\/fr\/528943\/","title":{"rendered":"\u00ab\u00a0Je ne veux pas qu&rsquo;il y ait de nouveau Mathis\u00a0\u00bb : l&rsquo;appel des parents du jeune tu\u00e9 par un chauffard sous protoxyde d&rsquo;azote \u00e0 Lille"},"content":{"rendered":"<ul class=\"jsx-862013697 ArticleChapo__List\">\n<li class=\"jsx-862013697 ArticleChapo__List_Item flex\">Une marche blanche a \u00e9t\u00e9 organis\u00e9e mardi \u00e0 Saint-Omer en m\u00e9moire de Mathis.<\/li>\n<li class=\"jsx-862013697 ArticleChapo__List_Item flex\">Ce jeune homme de 19 ans a \u00e9t\u00e9 tu\u00e9 le 1\u1d49\u02b3 novembre par un chauffard qui avait consomm\u00e9 du protoxyde d&rsquo;azote.<\/li>\n<li class=\"jsx-862013697 ArticleChapo__List_Item flex\">Ses parents demandent l&rsquo;interdiction de la vente de ce gaz euphorisant aux particuliers.<\/li>\n<\/ul>\n<p><a href=\"https:\/\/www.tf1info.fr\/emissions\/tf1\/le-20h-11001\/\" rel=\"noopener\" class=\"jsx-484472199 Link jsx-1428418400 jsx-640816507\" target=\"_blank\"><\/p>\n<p style=\"font-weight:400\" class=\"jsx-1837267516\">Suivez la couverture compl\u00e8te<\/p>\n<p style=\"font-weight:800\" class=\"jsx-1837267516\">Le 20H<\/p>\n<p><\/a><\/p>\n<p data-module=\"article-paragraph\" class=\"jsx-3046738180 Paragraph Paragraph__End\">Unies dans la peine, des centaines de personnes se sont retrouv\u00e9es ce mardi 11 novembre pour <a href=\"https:\/\/www.tf1info.fr\/justice-faits-divers\/saint-omer-les-images-de-la-marche-blanche-organisee-en-hommage-a-mathis-tue-par-un-chauffard-2406073.html\" target=\"_blank\" rel=\"noopener\">une marche blanche<\/a> dans les rues de Saint-Omer (Pas-de-Calais), la ville o\u00f9 a grandi Mathis. Ce rassemblement est \u00e0 l&rsquo;initiative de l&rsquo;un de ses meilleurs amis. Il \u00e9tait pr\u00e9sent aux c\u00f4t\u00e9s du jeune homme il y a dix jours, le soir o\u00f9 il a \u00e9t\u00e9 percut\u00e9 par un chauffard soup\u00e7onn\u00e9 d&rsquo;avoir consomm\u00e9 du protoxyde d&rsquo;azote. \u00ab\u00a0C&rsquo;est traumatisant, c&rsquo;est \u00e9c\u0153urant de perdre un ami comme \u00e7a \u00e0 notre \u00e2ge. On est jeune, on a la vie devant nous et en une seconde, \u00e7a bascule\u00a0\u00bb, dit-il dans le reportage du 20H de TF1 visible ci-dessus.\u00a0<\/p>\n<blockquote class=\"jsx-2786790838 Quote__Text\"><p>Que ceux qui d\u00e9tiennent le protoxyde sachent qu&rsquo;en en ayant sur eux, ils encourent une peine d&#8217;emprisonnement.<\/p><\/blockquote>\n<p>Me Antoine R\u00e9gley, avocat des parents de Mathis<\/p>\n<p data-module=\"article-paragraph\" class=\"jsx-3046738180 Paragraph\">Emmanuel Polart, le <a href=\"https:\/\/www.tf1info.fr\/justice-faits-divers\/video-lille-pourquoi-il-a-pris-la-vie-de-notre-fils-le-temoignage-poignant-du-pere-de-mathis-fauche-par-un-chauffard-en-fuite-2404462.html\" target=\"_blank\" rel=\"noopener\">p\u00e8re de Mathis<\/a> souhaite aller au-del\u00e0 de l&rsquo;hommage.\u00a0\u00bbJe ne veux pas qu&rsquo;il y ait de nouveau Mathis qui s&rsquo;en aille un jour\u00a0\u00bb, lance-t-il, souhaitant que ce drame permette de changer la loi en p\u00e9nalisant la d\u00e9tention de protoxyde d&rsquo;azote. \u00ab\u00a0Je ne pensais pas qu&rsquo;il allait y avoir une mobilisation comme celle-l\u00e0 et je veux vraiment que \u00e7a serve \u00e0 quelque chose pour honorer Mathis\u00a0\u00bb, poursuit-il. Ce gaz permettant de fabriquer de la chantilly est souvent d\u00e9tourn\u00e9 de son usage pour ses effets euphorisants. Sa d\u00e9tention est <a href=\"https:\/\/www.tf1info.fr\/societe\/reportage-video-protoxyde-d-azote-des-appels-pour-qu-il-soit-reconnu-comme-un-stupefiant-mais-le-test-n-est-pas-homologue-en-france-2404621.html\" target=\"_blank\" rel=\"noopener\">pourtant l\u00e9gale<\/a>.\u00a0<\/p>\n<p data-module=\"article-paragraph\" class=\"jsx-3046738180 Paragraph Paragraph__End\">Les parents de Mathis souhaitent rencontrer le ministre de la Justice G\u00e9rald Darmanin. Leur avocat plaide pour interdire totalement la vente du protoxyde d&rsquo;azote aux particuliers. \u00ab\u00a0Pour que ceux qui d\u00e9tiennent le protoxyde sachent qu&rsquo;en en ayant sur eux, ils encourent une peine d&#8217;emprisonnement, une peine d&rsquo;amende et surtout, et c&rsquo;est \u00e7a qui fera la diff\u00e9rence, des peines <a href=\"https:\/\/www.tf1info.fr\/justice-faits-divers\/video-reportage-on-ramasse-des-bouteilles-sur-la-bande-d-arret-d-urgence-l-inquietante-hausse-des-accidents-lies-au-protoxyde-d-azote-2403536.html\" target=\"_blank\" rel=\"noopener\">sur le permis de conduire<\/a>\u00ab\u00a0, souligne Me Antoine R\u00e9gley, l&rsquo;avocat des parents de Mathis.\u00a0<\/p>\n<p><a href=\"https:\/\/www.tf1info.fr\/sante\/ca-provoque-un-defaut-de-coordination-motrice-quels-sont-les-effets-du-protoxyde-d-azote-gaz-hilarant-sur-les-conducteurs-volant-voiture-2404419.html\" rel=\"noopener\" class=\"jsx-3308031228 Link flex\" target=\"_blank\"><img decoding=\"async\" src=\"https:\/\/www.europesays.com\/fr\/wp-content\/uploads\/2025\/11\/protoxyde-d-azote-2046-ed52f3-0@1x.jpeg\" alt=\"Un jeune sur dix aurait d\u00e9j\u00e0 consomm\u00e9 du &quot;gaz hilarant&quot; et la moiti\u00e9 affirme l'avoir d\u00e9j\u00e0 fait en conduisant, selon une enqu\u00eate Ipsos command\u00e9 par la Fondation Vinci Autoroutes publi\u00e9e en octobre 2025.\" loading=\"lazy\" importance=\"low\" fetchpriority=\"low\" class=\"\" aria-hidden=\"true\"\/><\/p>\n<p class=\"jsx-3657663356 ReadMoreArticle__Title\">Lire aussi<\/p>\n<p class=\"jsx-3657663356\">\u00ab\u00a0\u00c7a provoque un d\u00e9faut de coordination motrice\u00a0\u00bb : quels sont les effets du protoxyde d&rsquo;azote sur les conducteurs ?<\/p>\n<p><\/a><\/p>\n<p data-module=\"article-paragraph\" class=\"jsx-3046738180 Paragraph Paragraph__End\">L&rsquo;homme qui a renvers\u00e9 Mathis a \u00e9t\u00e9 mis en examen pour \u00ab\u00a0homicide routier aggrav\u00e9\u00a0\u00bb. Il est plac\u00e9 en d\u00e9tention provisoire dans l&rsquo;attente de son proc\u00e8s.<\/p>\n<p>La r\u00e9daction de TF1info | Reportage : L\u00e9a MERLIER, Vincent LAMHAUT et Tanguy JOIRE<\/p>\n","protected":false},"excerpt":{"rendered":"Une marche blanche a \u00e9t\u00e9 organis\u00e9e mardi \u00e0 Saint-Omer en m\u00e9moire de Mathis. Ce jeune homme de 19&hellip;\n","protected":false},"author":2,"featured_media":528944,"comment_status":"","ping_status":"","sticky":false,"template":"","format":"standard","meta":{"footnotes":""},"categories":[2815],"tags":[1111,11,1921,39673,2951,2950,1777,674,1011,27,811,1922,2954,2952,1307,12,25,133,2953,2949],"class_list":{"0":"post-528943","1":"post","2":"type-post","3":"status-publish","4":"format-standard","5":"has-post-thumbnail","7":"category-lille","8":"tag-actu","9":"tag-actualites","10":"tag-article-video","11":"tag-biens-de-consommation-courante","12":"tag-criminalite","13":"tag-delinquance","14":"tag-eu","15":"tag-europe","16":"tag-fr","17":"tag-france","18":"tag-hauts-de-france","19":"tag-info","20":"tag-justice-et-faits-divers","21":"tag-le-20h","22":"tag-lille","23":"tag-news","24":"tag-republique-francaise","25":"tag-video","26":"tag-video-police","27":"tag-violences"},"share_on_mastodon":{"url":"","error":""},"_links":{"self":[{"href":"https:\/\/www.europesays.com\/fr\/wp-json\/wp\/v2\/posts\/528943","targetHints":{"allow":["GET"]}}],"collection":[{"href":"https:\/\/www.europesays.com\/fr\/wp-json\/wp\/v2\/posts"}],"about":[{"href":"https:\/\/www.europesays.com\/fr\/wp-json\/wp\/v2\/types\/post"}],"author":[{"embeddable":true,"href":"https:\/\/www.europesays.com\/fr\/wp-json\/wp\/v2\/users\/2"}],"replies":[{"embeddable":true,"href":"https:\/\/www.europesays.com\/fr\/wp-json\/wp\/v2\/comments?post=528943"}],"version-history":[{"count":0,"href":"https:\/\/www.europesays.com\/fr\/wp-json\/wp\/v2\/posts\/528943\/revisions"}],"wp:featuredmedia":[{"embeddable":true,"href":"https:\/\/www.europesays.com\/fr\/wp-json\/wp\/v2\/media\/528944"}],"wp:attachment":[{"href":"https:\/\/www.europesays.com\/fr\/wp-json\/wp\/v2\/media?parent=528943"}],"wp:term":[{"taxonomy":"category","embeddable":true,"href":"https:\/\/www.europesays.com\/fr\/wp-json\/wp\/v2\/categories?post=528943"},{"taxonomy":"post_tag","embeddable":true,"href":"https:\/\/www.europesays.com\/fr\/wp-json\/wp\/v2\/tags?post=528943"}],"curies":[{"name":"wp","href":"https:\/\/api.w.org\/{rel}","templated":true}]}}