{"id":528959,"date":"2025-11-12T09:38:12","date_gmt":"2025-11-12T09:38:12","guid":{"rendered":"https:\/\/www.europesays.com\/fr\/528959\/"},"modified":"2025-11-12T09:38:12","modified_gmt":"2025-11-12T09:38:12","slug":"a-paris-ouverture-dun-proces-historique-sur-les-crimes-dans-lest-de-la-rdc","status":"publish","type":"post","link":"https:\/\/www.europesays.com\/fr\/528959\/","title":{"rendered":"A Paris, ouverture d&rsquo;un proc\u00e8s historique sur les crimes dans l&rsquo;est de la RDC"},"content":{"rendered":"<p class=\"mb-4 text-lg md:leading-8 break-words\">Le proc\u00e8s de l&rsquo;ex-rebelle congolais Roger Lumbala s&rsquo;est ouvert mercredi \u00e0 Paris, une audience historique sur les atrocit\u00e9s commises dans l&rsquo;est de la R\u00e9publique d\u00e9mocratique du Congo, th\u00e9\u00e2tre d&rsquo;un des conflits les plus meurtriers du XXIe si\u00e8cle.<\/p>\n<p class=\"mb-4 text-lg md:leading-8 break-words\">Notamment poursuivi pour complicit\u00e9 de crimes contre l&rsquo;humanit\u00e9 commis il y a pr\u00e8s d&rsquo;un quart de si\u00e8cle, cet homme de 67 ans est d\u00e9tenu \u00e0 la prison de la Sant\u00e9 depuis son arrestation en France en d\u00e9cembre 2020.<\/p>\n<p class=\"mb-4 text-lg md:leading-8 break-words\">A l&rsquo;ouverture des d\u00e9bats, il s&rsquo;est pr\u00e9sent\u00e9 comme ancien ministre du Commerce et ex-parlementaire de son pays, ainsi que comme \u00ab\u00a0promoteur de deux cha\u00eenes de t\u00e9l\u00e9vision\u00a0\u00bb congolaises.<\/p>\n<p class=\"mb-4 text-lg md:leading-8 break-words\">Il encourt le 19 d\u00e9cembre un verdict de r\u00e9clusion criminelle \u00e0 perp\u00e9tuit\u00e9 au terme de six semaines de d\u00e9bats, avec les t\u00e9moignages attendus de dizaines de victimes, sans que l&rsquo;on sache combien pourront se d\u00e9placer\u00a0jusqu&rsquo;\u00e0 la cour d&rsquo;assises de Paris ou m\u00eame t\u00e9moigner \u00e0 distance depuis l&rsquo;est de la RDC, toujours en proie \u00e0 des conflits.<\/p>\n<p class=\"mb-4 text-lg md:leading-8 break-words\">La justice fran\u00e7aise reproche \u00e0 Roger Lumbala les crimes commis en 2002 et 2003 en Ituri et dans le Haut-U\u00e9l\u00e9 par son mouvement rebelle du RCD-N (Rassemblement des Congolais d\u00e9mocrates-National), soutenu par l&rsquo;Ouganda voisin, et qui comptait parmi la dizaine de groupes alors en guerre dans le nord-est de la RDC.<\/p>\n<p class=\"mb-4 text-lg md:leading-8 break-words\">Ces exactions ont \u00e9t\u00e9 perp\u00e9tr\u00e9es lors d&rsquo;une offensive contre des mouvements pro-gouvernementaux, baptis\u00e9e \u00ab\u00a0Effacer le tableau\u00a0\u00bb et men\u00e9e conjointement avec son alli\u00e9 du Mouvement de lib\u00e9ration du Congo (MLC) de l&rsquo;actuel ministre congolais Jean-Pierre Bemba.<\/p>\n<p class=\"mb-4 text-lg md:leading-8 break-words\">Outre la lutte contre les forces loyales au pr\u00e9sident de l&rsquo;\u00e9poque Joseph-D\u00e9sir\u00e9 Kabila, cette op\u00e9ration visait \u00e0 \u00ab\u00a0mettre la main sur les ressources naturelles\u00a0\u00bb de la r\u00e9gion, selon le rapport \u00ab\u00a0Mapping\u00a0\u00bb de l&rsquo;ONU publi\u00e9 en 2010.<\/p>\n<p class=\"mb-4 text-lg md:leading-8 break-words\">Elle a donn\u00e9 lieu \u00e0 de nombreux crimes: ex\u00e9cutions sommaires, travail forc\u00e9, tortures, mutilations, pillages, ainsi que des viols de femmes.<\/p>\n<p class=\"mb-4 text-lg md:leading-8 break-words\">&#8211; \u00ab\u00a0Instruments de guerre\u00a0\u00bb &#8211;<\/p>\n<p class=\"mb-4 text-lg md:leading-8 break-words\">Ceux-ci ont \u00e9t\u00e9 utilis\u00e9s comme \u00ab\u00a0instruments de guerre\u00a0\u00bb par des combattants qui se d\u00e9signaient comme \u00ab\u00a0les effaceurs\u00a0\u00bb, selon les magistrats instructeurs fran\u00e7ais qui avaient lanc\u00e9 leurs investigations en 2016. Les femmes nande et pygm\u00e9es bambuti, deux communaut\u00e9s soup\u00e7onn\u00e9es de pencher du c\u00f4t\u00e9 d&rsquo;un groupe arm\u00e9 pro-Kinshasa, le RCD-ML, ont pay\u00e9 un lourd tribut.<\/p>\n<p class=\"mb-4 text-lg md:leading-8 break-words\">Eph\u00e9m\u00e8re ministre durant la p\u00e9riode de transition entre 2003 et 2005, puis candidat \u00e0 la pr\u00e9sidentielle en 2006 avant de reprendre le chemin de l&rsquo;exil, Roger Lumbala, qui a expliqu\u00e9 durant l&rsquo;enqu\u00eate qu&rsquo;il n&rsquo;\u00e9tait alors qu&rsquo;un \u00ab\u00a0homme politique n&rsquo;ayant dispos\u00e9 d&rsquo;aucun militaire sous ses ordres\u00a0\u00bb, va contester la comp\u00e9tence de la justice fran\u00e7aise lors de la premi\u00e8re journ\u00e9e de d\u00e9bats.<\/p>\n<p class=\"mb-4 text-lg md:leading-8 break-words\">Les juges d&rsquo;instruction, qui le d\u00e9crivent comme \u00ab\u00a0un chef de guerre \u00e0 la t\u00eate de forces arm\u00e9es\u00a0\u00bb ayant laiss\u00e9 les combattants \u00ab\u00a0sous son autorit\u00e9 et son contr\u00f4le commettre des crimes contre l&rsquo;humanit\u00e9\u00a0\u00bb, l&rsquo;ont poursuivi au titre de la comp\u00e9tence universelle. Celle-ci permet de juger les auteurs de tels crimes m\u00eame s&rsquo;ils sont commis dans un autre pays.<\/p>\n<p class=\"mb-4 text-lg md:leading-8 break-words\">Parmi les conditions, l&rsquo;auteur pr\u00e9sum\u00e9 ne doit pas \u00eatre poursuivi pour les m\u00eames faits devant une juridiction de son pays et doit avoir sa r\u00e9sidence habituelle en France: \u00e0 l&rsquo;inverse de Jean-Pierre Bemba, c&rsquo;est le cas de Roger Lumbala qui dispose d&rsquo;un appartement \u00e0 Paris.<\/p>\n<p class=\"mb-4 text-lg md:leading-8 break-words\">&#8211; \u00ab\u00a0Signal fort\u00a0\u00bb &#8211;<\/p>\n<p class=\"mb-4 text-lg md:leading-8 break-words\">Ce \u00ab\u00a0proc\u00e8s historique\u00a0\u00bb est le premier au monde \u00ab\u00a0en vertu de la comp\u00e9tence universelle pour des atrocit\u00e9s de masse commises en R\u00e9publique d\u00e9mocratique du Congo (RDC) par un ressortissant congolais\u00a0\u00bb, se sont f\u00e9licit\u00e9es dans un communiqu\u00e9 plusieurs ONG parties civiles, la Clooney Foundation for Justice (CFJ), TRIAL International, Minority Rights Group (MRG), Justice Plus et PAP-RDC, qui soutient les populations pygm\u00e9es de RDC.<\/p>\n<p class=\"mb-4 text-lg md:leading-8 break-words\">\u00ab\u00a0Le fait de tenir Lumbala responsable de ses actes envoie un signal fort dans le conflit violent qui s\u00e9vit actuellement en RDC, \u00e0 savoir que les abus feront l&rsquo;objet d&rsquo;enqu\u00eates et que justice sera rendue\u00a0\u00bb, se f\u00e9licite Samuel Ade Ndasi, de l&rsquo;ONG britannique MRG.<\/p>\n<p class=\"mb-4 text-lg md:leading-8 break-words\">Aujourd&rsquo;hui, des combats entre forces arm\u00e9es congolaises et groupes arm\u00e9s, notamment le M23 soutenu par le Rwanda voisin, se poursuivent dans l&rsquo;est de la RDC malgr\u00e9 des pourparlers et la r\u00e9cente signature d&rsquo;un accord de paix entre Kinshasa et Kigali.<\/p>\n<p class=\"mb-4 text-lg md:leading-8 break-words\">Depuis pr\u00e8s de 30 ans, ces guerres ont fait directement ou indirectement (maladies, destruction des infrastructures, etc.), des millions de morts et de d\u00e9plac\u00e9s.<\/p>\n<p class=\"mb-4 text-lg md:leading-8 break-words\">ng\/bfa\/hj<\/p>\n","protected":false},"excerpt":{"rendered":"Le proc\u00e8s de l&rsquo;ex-rebelle congolais Roger Lumbala s&rsquo;est ouvert mercredi \u00e0 Paris, une audience historique sur les atrocit\u00e9s&hellip;\n","protected":false},"author":2,"featured_media":528960,"comment_status":"","ping_status":"","sticky":false,"template":"","format":"standard","meta":{"footnotes":""},"categories":[1888],"tags":[1111,1928,11,1927,26146,1777,674,1011,27,64818,64817,12,1926,626,1925,45344,25,64816],"class_list":{"0":"post-528959","1":"post","2":"type-post","3":"status-publish","4":"format-standard","5":"has-post-thumbnail","7":"category-paris","8":"tag-actu","9":"tag-actu-paris","10":"tag-actualites","11":"tag-actualites-paris","12":"tag-crimes-contre-lhumanite","13":"tag-eu","14":"tag-europe","15":"tag-fr","16":"tag-france","17":"tag-instruments-de-guerre","18":"tag-mouvement-de-liberation-du-congo","19":"tag-news","20":"tag-news-paris","21":"tag-paris","22":"tag-paris-news","23":"tag-prison-de-la-sante","24":"tag-republique-francaise","25":"tag-roger-lumbala"},"share_on_mastodon":{"url":"https:\/\/pubeurope.com\/@fr\/115536062222227484","error":""},"_links":{"self":[{"href":"https:\/\/www.europesays.com\/fr\/wp-json\/wp\/v2\/posts\/528959","targetHints":{"allow":["GET"]}}],"collection":[{"href":"https:\/\/www.europesays.com\/fr\/wp-json\/wp\/v2\/posts"}],"about":[{"href":"https:\/\/www.europesays.com\/fr\/wp-json\/wp\/v2\/types\/post"}],"author":[{"embeddable":true,"href":"https:\/\/www.europesays.com\/fr\/wp-json\/wp\/v2\/users\/2"}],"replies":[{"embeddable":true,"href":"https:\/\/www.europesays.com\/fr\/wp-json\/wp\/v2\/comments?post=528959"}],"version-history":[{"count":0,"href":"https:\/\/www.europesays.com\/fr\/wp-json\/wp\/v2\/posts\/528959\/revisions"}],"wp:featuredmedia":[{"embeddable":true,"href":"https:\/\/www.europesays.com\/fr\/wp-json\/wp\/v2\/media\/528960"}],"wp:attachment":[{"href":"https:\/\/www.europesays.com\/fr\/wp-json\/wp\/v2\/media?parent=528959"}],"wp:term":[{"taxonomy":"category","embeddable":true,"href":"https:\/\/www.europesays.com\/fr\/wp-json\/wp\/v2\/categories?post=528959"},{"taxonomy":"post_tag","embeddable":true,"href":"https:\/\/www.europesays.com\/fr\/wp-json\/wp\/v2\/tags?post=528959"}],"curies":[{"name":"wp","href":"https:\/\/api.w.org\/{rel}","templated":true}]}}