{"id":528965,"date":"2025-11-12T09:45:24","date_gmt":"2025-11-12T09:45:24","guid":{"rendered":"https:\/\/www.europesays.com\/fr\/528965\/"},"modified":"2025-11-12T09:45:24","modified_gmt":"2025-11-12T09:45:24","slug":"ukraine-cinq-mois-apres-limpitoyable-operation-spiderweb-les-bombardiers-russes-en-subissent-les-consequences","status":"publish","type":"post","link":"https:\/\/www.europesays.com\/fr\/528965\/","title":{"rendered":"Ukraine: cinq mois apr\u00e8s l&rsquo;impitoyable op\u00e9ration Spiderweb, les bombardiers russes en subissent les cons\u00e9quences"},"content":{"rendered":"<p>Une centaine de<a href=\"https:\/\/www.geo.fr\/geopolitique\/l-ukraine-se-lance-dans-la-guerre-des-porteurs-de-drones-fpv-avec-le-robot-veuve-noire-228253\" target=\"_blank\" rel=\"noopener\"> drones FPV<\/a> occupait le ciel. Le 1er juin 2025, l\u2019arm\u00e9e ukrainienne a men\u00e9 une op\u00e9ration d\u2019ampleur contre les bombardiers russes. Quatre r\u00e9gions ont \u00e9t\u00e9 frapp\u00e9es simultan\u00e9ment afin de d\u00e9truire le plus d\u2019avions possible. Les forces ukrainiennes ont appel\u00e9 cette mission : Op\u00e9ration Spiderweb.<\/p>\n<p>Selon le m\u00e9dia <a href=\"https:\/\/theins.ru\/en\/politics\/284957\" target=\"_blank\" rel=\"noopener\">The Insider<\/a>, cinq mois apr\u00e8s l\u2019attaque, ses cons\u00e9quences seraient d\u00e9sormais visibles. S\u2019il est difficile de savoir pr\u00e9cis\u00e9ment combien d\u2019<a href=\"https:\/\/www.geo.fr\/geopolitique\/la-russie-s-apprete-t-elle-a-deployer-des-bombardiers-strategiques-non-loin-des-etats-unis-228596\" target=\"_blank\" rel=\"noopener\">avions bombardiers<\/a> russes ont \u00e9t\u00e9 d\u00e9truits le 1er juin \u2013 l\u2019arm\u00e9e ukrainienne avance le nombre de 41 mais les observateurs ind\u00e9pendants estiment une perte de 12 \u00e0 14 appareils \u2013 on sait quel type d\u2019avions a \u00e9t\u00e9 touch\u00e9. Des Tu-95MS et des Tu-22M3, deux sortes de bombardiers supersoniques capables de transporter des missiles nucl\u00e9aires, ont \u00e9t\u00e9 vis\u00e9s.<\/p>\n<p>La Russie a pris une direction strat\u00e9gique surprenante apr\u00e8s l&rsquo;op\u00e9ration Spiderweb<\/p>\n<p>La Russie n\u2019a pas communiqu\u00e9 sur les pertes r\u00e9elles subies le 1er juin. Mais elle n\u2019a pas tard\u00e9 \u00e0 riposter. Les<a href=\"https:\/\/www.geo.fr\/geopolitique\/le-raid-ukrainien-sur-la-base-d-engels-a-coute-96-missiles-aux-russes-pour-l-ukraine-il-y-a-aussi-un-prix-a-payer-225354\" target=\"_blank\" rel=\"noopener\"> frappes de missiles sur l\u2019Ukraine <\/a>se sont intensifi\u00e9es. Pire : les attaques les plus intenses depuis le d\u00e9but de la guerre ont toutes eu lieu entre le 1er juin et le 31 ao\u00fbt 2025. Tout porte \u00e0 croire que la Russie souhaite mettre une pression suppl\u00e9mentaire sur l\u2019Ukraine apr\u00e8s cette op\u00e9ration adverse. Mais le Kremlin a aussi chang\u00e9 de strat\u00e9gie concernant ses bombardiers.<\/p>\n<p>Pour \u00e9viter de nouvelles attaques de drones similaires sur ses bases a\u00e9riennes, semble-t-il, les Russes ont d\u00e9cid\u00e9 de rapatrier tous les avions bombardiers dans l\u2019extr\u00eame-Orient, sur la base d\u2019Ukrainka, pr\u00e8s de la fronti\u00e8re chinoise. Certains sont m\u00eame encore plus loin : \u00e0 Anadyr, pr\u00e8s de l\u2019Alaska, et \u00e0 Yelizovo, dans la province du <a href=\"https:\/\/www.geo.fr\/environnement\/kamtchatka-une-nappe-de-pollution-de-40km-de-long-a-la-derive-sur-locean-202401\" target=\"_blank\" rel=\"noopener\">Kamtchatka<\/a>. Ukrainka est devenue la base arri\u00e8re de tous les bombardiers Tu-95MS. Et cela demande une nouvelle organisation pour les d\u00e9ployer.<\/p>\n<p>Les avions russes tiendront-ils le coup ?<\/p>\n<p>Les zones de lancement des missiles, elles, n\u2019ont pas chang\u00e9. Les avions bombardiers russes doivent donc parcourir des distances bien plus grandes pour effectuer leur mission. En comptant les r\u00e9approvisionnements en k\u00e9ros\u00e8ne, toute sortie de Tu-95MS demanderait d\u00e9sormais 23 heures de vol et un aller-retour de 12 000 km. Cela ne semble pas emp\u00eacher les Russes de faire de plus en plus appel aux bombardiers.<\/p>\n<p>Mais les cons\u00e9quences de cette distance seront peut-\u00eatre fatales. Les avions datent, pour les plus r\u00e9cents, des ann\u00e9es 1990 et les moteurs ne sont pas habilit\u00e9s \u00e0 voler pour toujours. Ceux des Tu-95MS sont op\u00e9rationnels pour 5 000 heures, \u00e0 raison de 200 heures par an. Si chaque sortie \u00e9quivaut d\u00e9sormais \u00e0 23 heures de vol, il en faudrait moins de dix pour les clouer au sol. Une nouvelle r\u00e9alit\u00e9 qui pourrait, \u00e0 terme, \u00eatre pr\u00e9judiciable pour la Russie.<\/p>\n<p>Article initialement publi\u00e9 le 18 septembre.<\/p>\n","protected":false},"excerpt":{"rendered":"Une centaine de drones FPV occupait le ciel. Le 1er juin 2025, l\u2019arm\u00e9e ukrainienne a men\u00e9 une op\u00e9ration&hellip;\n","protected":false},"author":2,"featured_media":528966,"comment_status":"","ping_status":"","sticky":false,"template":"","format":"standard","meta":{"footnotes":""},"categories":[1591],"tags":[10714,10715,11,37,1887,131,12,1885,1886,132],"class_list":{"0":"post-528965","1":"post","2":"type-post","3":"status-publish","4":"format-standard","5":"has-post-thumbnail","7":"category-russie","8":"tag-actu-russie","9":"tag-actu-ukraine","10":"tag-actualites","11":"tag-avion","12":"tag-federation-de-russie","13":"tag-guerre-en-ukraine","14":"tag-news","15":"tag-russia","16":"tag-russian-federation","17":"tag-russie"},"share_on_mastodon":{"url":"https:\/\/pubeurope.com\/@fr\/115536089746570678","error":""},"_links":{"self":[{"href":"https:\/\/www.europesays.com\/fr\/wp-json\/wp\/v2\/posts\/528965","targetHints":{"allow":["GET"]}}],"collection":[{"href":"https:\/\/www.europesays.com\/fr\/wp-json\/wp\/v2\/posts"}],"about":[{"href":"https:\/\/www.europesays.com\/fr\/wp-json\/wp\/v2\/types\/post"}],"author":[{"embeddable":true,"href":"https:\/\/www.europesays.com\/fr\/wp-json\/wp\/v2\/users\/2"}],"replies":[{"embeddable":true,"href":"https:\/\/www.europesays.com\/fr\/wp-json\/wp\/v2\/comments?post=528965"}],"version-history":[{"count":0,"href":"https:\/\/www.europesays.com\/fr\/wp-json\/wp\/v2\/posts\/528965\/revisions"}],"wp:featuredmedia":[{"embeddable":true,"href":"https:\/\/www.europesays.com\/fr\/wp-json\/wp\/v2\/media\/528966"}],"wp:attachment":[{"href":"https:\/\/www.europesays.com\/fr\/wp-json\/wp\/v2\/media?parent=528965"}],"wp:term":[{"taxonomy":"category","embeddable":true,"href":"https:\/\/www.europesays.com\/fr\/wp-json\/wp\/v2\/categories?post=528965"},{"taxonomy":"post_tag","embeddable":true,"href":"https:\/\/www.europesays.com\/fr\/wp-json\/wp\/v2\/tags?post=528965"}],"curies":[{"name":"wp","href":"https:\/\/api.w.org\/{rel}","templated":true}]}}