{"id":528969,"date":"2025-11-12T09:51:19","date_gmt":"2025-11-12T09:51:19","guid":{"rendered":"https:\/\/www.europesays.com\/fr\/528969\/"},"modified":"2025-11-12T09:51:19","modified_gmt":"2025-11-12T09:51:19","slug":"au-large-de-lamerique-latine-ce-porte-avions-americain-attise-les-tensions-avec-le-venezuela","status":"publish","type":"post","link":"https:\/\/www.europesays.com\/fr\/528969\/","title":{"rendered":"au large de l&rsquo;Am\u00e9rique latine, ce porte-avions am\u00e9ricain attise les tensions avec le Venezuela"},"content":{"rendered":"<p>Ces derni\u00e8res semaines, les \u00c9tats-Unis ont men\u00e9 une vingtaine de frappes a\u00e9riennes dans les Cara\u00efbes et le Pacifique contre des embarcations qu&rsquo;ils accusent &#8211; sans pr\u00e9senter de preuves &#8211; de transporter de la drogue, faisant au total 76 victimes.<\/p>\n<p>Arriv\u00e9 mardi au large de l&rsquo;Am\u00e9rique latine, le porte-avions am\u00e9ricain, Gerald R. Ford, marque une mont\u00e9e en puissance consid\u00e9rable des moyens militaires mobilis\u00e9s par Washington dans la r\u00e9gion et accentue les tensions avec le Venezuela.<\/p>\n<p>L&rsquo;arriv\u00e9e du Gerald R. Ford, le plus grand porte-avions du monde, pour renforcer ce que Washington assure \u00eatre une op\u00e9ration anti-drogue, co\u00efncide avec des exercices militaires v\u00e9n\u00e9zu\u00e9liens de d\u00e9fense et intervient alors que la Russie, alli\u00e9e de Caracas, a condamn\u00e9 les frappes a\u00e9riennes am\u00e9ricaines contre les embarcations de narcotrafiquants pr\u00e9sum\u00e9s.<\/p>\n<p>\u00ab\u00a0Contrer le narcoterrorisme\u00a0\u00bb<\/p>\n<p>\u00ab\u00a0Le groupe a\u00e9ronaval Gerald R. Ford (&#8230;) est entr\u00e9 le 11 novembre dans la zone\u00a0\u00bb de Southcom, le commandement am\u00e9ricain pour l&rsquo;Am\u00e9rique latine et les Cara\u00efbes, a annonc\u00e9 ce dernier dans un communiqu\u00e9. Ce d\u00e9ploiement, annonc\u00e9 par Washington le 24 octobre, a pour but de \u00ab\u00a0soutenir l&rsquo;ordre du pr\u00e9sident (Donald Trump) de d\u00e9manteler les organisations criminelles transnationales et de contrer le narcoterrorisme\u00a0\u00bb, ajoute Southcom.<\/p>\n<p>Le porte-avions, le plus avanc\u00e9 de l&rsquo;arm\u00e9e am\u00e9ricaine, transporte entre autres quatre escadrilles d&rsquo;avions de combat et est accompagn\u00e9 notamment de trois destroyers lance-missiles.<\/p>\n<p>Depuis ao\u00fbt, Washington maintient dans les Cara\u00efbes une importante pr\u00e9sence militaire avec notamment une demi-douzaine de navires de guerre, officiellement pour lutter contre le trafic de drogue \u00e0 destination des Etats-Unis. <\/p>\n<p>\u00ab\u00a0Lutte arm\u00e9e\u00a0\u00bb<\/p>\n<p>Le Venezuela accuse Washington de prendre pr\u00e9texte du narcotrafic \u00ab\u00a0pour imposer un changement de r\u00e9gime\u00a0\u00bb \u00e0 Caracas et s&#8217;emparer de son p\u00e9trole.<\/p>\n<p>Donald Trump, qui a autoris\u00e9 des op\u00e9rations clandestines de la CIA au Venezuela, a donn\u00e9 des indications contradictoires sur sa strat\u00e9gie, \u00e9voquant par moments des frappes sur le sol v\u00e9n\u00e9zu\u00e9lien et des jours compt\u00e9s pour Nicolas Maduro, mais \u00e9cartant aussi l&rsquo;id\u00e9e d&rsquo;une guerre.<\/p>\n<p>\u00ab\u00a0Si nous devions, en tant que R\u00e9publique, en tant que peuple, aller \u00e0 la lutte arm\u00e9e pour d\u00e9fendre l&rsquo;h\u00e9ritage sacr\u00e9 des lib\u00e9rateurs et des lib\u00e9ratrices, nous serions pr\u00eats \u00e0 gagner\u00a0\u00bb, a r\u00e9agi le pr\u00e9sident v\u00e9n\u00e9zu\u00e9lien.<\/p>\n<p>Ce dernier a promulgu\u00e9 une loi cr\u00e9ant des \u00ab\u00a0Commandos de d\u00e9fense int\u00e9grale\u00a0\u00bb, assurant lundi que cette structure avait \u00ab\u00a0la force et le pouvoir\u00a0\u00bb de faire face aux \u00c9tats-Unis.<\/p>\n<p>Frappes \u00ab\u00a0inacceptables\u00a0\u00bb<\/p>\n<p>Parall\u00e8lement aux d\u00e9clarations du Pentagone, l&rsquo;arm\u00e9e v\u00e9n\u00e9zu\u00e9lienne a annonc\u00e9 un d\u00e9ploiement \u00ab\u00a0massif\u00a0\u00bb dans tout le pays, contre \u00ab\u00a0l&rsquo;imp\u00e9rialisme\u00a0\u00bb am\u00e9ricain. Le ministre de la D\u00e9fense Vladimir Padrino Lopez a \u00e9voqu\u00e9 des \u00ab\u00a0moyens terrestres, a\u00e9riens, navals, fluviaux et de missiles, syst\u00e8mes d&rsquo;armes, unit\u00e9s militaires, milice bolivarienne\u00a0\u00bb, dans un communiqu\u00e9.<\/p>\n<p>Selon lui, quelque 200 000 soldats ont particip\u00e9 \u00e0 l&rsquo;exercice, bien qu&rsquo;aucun mouvement militaire n&rsquo;ait \u00e9t\u00e9 observ\u00e9 dans des villes comme Caracas.<\/p>\n<p>Le gouvernement a annonc\u00e9 \u00e0 maintes reprises des man\u0153uvres militaires dans le pays. Elles sont fortement m\u00e9diatis\u00e9es par le pouvoir sans \u00eatre toujours visibles sur le terrain.<\/p>\n<p>Ces derni\u00e8res semaines, les \u00c9tats-Unis ont men\u00e9 une vingtaine de frappes a\u00e9riennes dans les Cara\u00efbes et le Pacifique contre des embarcations qu&rsquo;ils accusent &#8211; sans pr\u00e9senter de preuves &#8211; de transporter de la drogue, faisant au total 76 victimes.<\/p>\n<p>Le Haut-Commissaire des Nations unies aux droits de l&rsquo;Homme, Volker T\u00fcrk, a exhort\u00e9 lundi Washington \u00e0 enqu\u00eater sur la l\u00e9galit\u00e9 de ses frappes, \u00e9voquant de \u00ab\u00a0solides indices\u00a0\u00bb selon lesquels elles constituent des ex\u00e9cutions extrajudiciaires. <\/p>\n<p>Et mardi, le ministre russe des Affaires \u00e9trang\u00e8res a qualifi\u00e9 ces op\u00e9rations d'\u00a0\u00bbinacceptables\u00a0\u00bb. \u00ab\u00a0C&rsquo;est ainsi, en g\u00e9n\u00e9ral, qu&rsquo;agissent les pays (&#8230;) qui se consid\u00e8rent au-dessus des lois\u00a0\u00bb, a lanc\u00e9 Sergue\u00ef Lavrov lors d&rsquo;une rencontre avec des m\u00e9dias russes, retransmise sur les cha\u00eenes d&rsquo;\u00c9tat.<\/p>\n<p>Nicolas Maduro, fid\u00e8le alli\u00e9 de Vladimir Poutine, avait annonc\u00e9 en mai un nouveau rapprochement entre Moscou et Caracas avec la signature d&rsquo;un trait\u00e9 de coop\u00e9ration.<\/p>\n<p>Le d\u00e9ploiement militaire am\u00e9ricain dans les Cara\u00efbes a g\u00e9n\u00e9r\u00e9 des inqui\u00e9tudes du Br\u00e9sil de Lula, mais aussi de la Colombie de Gustavo Petro qui a indiqu\u00e9 mardi suspendre les \u00e9changes de renseignements de Bogota avec Washington \u00ab\u00a0tant que les attaques par missile contre des bateaux se (poursuivraient)\u00a0\u00bb.<\/p>\n<p>M\u00eame le Royaume-Uni, pourtant proche alli\u00e9 des \u00c9tats-Unis, a renonc\u00e9 il y a plus d&rsquo;un mois \u00e0 partager ses renseignements avec Washington concernant les navires soup\u00e7onn\u00e9s de trafic de drogue dans les Cara\u00efbes, ne souhaitant pas \u00eatre complice des frappes am\u00e9ricaines, a affirm\u00e9 mardi la cha\u00eene de t\u00e9l\u00e9vision am\u00e9ricaine CNN, citant des sources proches du dossier.<\/p>\n<p>Contact\u00e9 par l&rsquo;AFP, Downing Street a indiqu\u00e9 ne pas souhaiter commenter sur les questions de s\u00e9curit\u00e9 ou de renseignement.<\/p>\n","protected":false},"excerpt":{"rendered":"Ces derni\u00e8res semaines, les \u00c9tats-Unis ont men\u00e9 une vingtaine de frappes a\u00e9riennes dans les Cara\u00efbes et le Pacifique&hellip;\n","protected":false},"author":2,"featured_media":528970,"comment_status":"","ping_status":"","sticky":false,"template":"","format":"standard","meta":{"footnotes":""},"categories":[1589],"tags":[11,73,1866,12,1864,1865,1863,308],"class_list":{"0":"post-528969","1":"post","2":"type-post","3":"status-publish","4":"format-standard","5":"has-post-thumbnail","7":"category-etats-unis","8":"tag-actualites","9":"tag-etats-unis","10":"tag-etats-unis-damerique","11":"tag-news","12":"tag-united-states","13":"tag-united-states-of-america","14":"tag-us","15":"tag-usa"},"share_on_mastodon":{"url":"https:\/\/pubeurope.com\/@fr\/115536113615480561","error":""},"_links":{"self":[{"href":"https:\/\/www.europesays.com\/fr\/wp-json\/wp\/v2\/posts\/528969","targetHints":{"allow":["GET"]}}],"collection":[{"href":"https:\/\/www.europesays.com\/fr\/wp-json\/wp\/v2\/posts"}],"about":[{"href":"https:\/\/www.europesays.com\/fr\/wp-json\/wp\/v2\/types\/post"}],"author":[{"embeddable":true,"href":"https:\/\/www.europesays.com\/fr\/wp-json\/wp\/v2\/users\/2"}],"replies":[{"embeddable":true,"href":"https:\/\/www.europesays.com\/fr\/wp-json\/wp\/v2\/comments?post=528969"}],"version-history":[{"count":0,"href":"https:\/\/www.europesays.com\/fr\/wp-json\/wp\/v2\/posts\/528969\/revisions"}],"wp:featuredmedia":[{"embeddable":true,"href":"https:\/\/www.europesays.com\/fr\/wp-json\/wp\/v2\/media\/528970"}],"wp:attachment":[{"href":"https:\/\/www.europesays.com\/fr\/wp-json\/wp\/v2\/media?parent=528969"}],"wp:term":[{"taxonomy":"category","embeddable":true,"href":"https:\/\/www.europesays.com\/fr\/wp-json\/wp\/v2\/categories?post=528969"},{"taxonomy":"post_tag","embeddable":true,"href":"https:\/\/www.europesays.com\/fr\/wp-json\/wp\/v2\/tags?post=528969"}],"curies":[{"name":"wp","href":"https:\/\/api.w.org\/{rel}","templated":true}]}}