{"id":528971,"date":"2025-11-12T09:52:16","date_gmt":"2025-11-12T09:52:16","guid":{"rendered":"https:\/\/www.europesays.com\/fr\/528971\/"},"modified":"2025-11-12T09:52:16","modified_gmt":"2025-11-12T09:52:16","slug":"le-puy-du-fou-sexporte-au-royaume-uni","status":"publish","type":"post","link":"https:\/\/www.europesays.com\/fr\/528971\/","title":{"rendered":"Le Puy du Fou s\u2019exporte au Royaume-Uni"},"content":{"rendered":"<p style=\"text-align: center;\"><strong>Alors que le parc vend\u00e9en fran\u00e7ais vogue de succ\u00e8s en succ\u00e8s, il pr\u00e9voit de s\u2019exporter d\u00e9sormais au Royaume-Uni\u2026<\/strong><\/p>\n<p>Le Puy du Fou a battu cette ann\u00e9e un record de fr\u00e9quentation avec 3 millions de visiteurs contre 2,8 millions en 2024 soit une hausse de 50\u00a0% en 10 ans. Cela d\u00e9passe celle du Parc Ast\u00e9rix et le place en deuxi\u00e8me position face au g\u00e9ant am\u00e9ricain Disney en France. Il est vrai que l\u2019entr\u00e9e du parc est rest\u00e9e attractive pour la majorit\u00e9 des Fran\u00e7as soit 46 euros contre 65 pour le parc Ast\u00e9rix.<\/p>\n<p>Aujourd\u2019hui le parc pense plus que jamais \u00e0 exporter son concept \u00e0 l\u2019international. Le parc s\u2019est ainsi export\u00e9 \u00e0 Tol\u00e8de en Espagne depuis 2024 et \u00e0 Shanghai en Chine en version plus r\u00e9duite. <\/p>\n<p>En Chine le parc s\u2019est install\u00e9 <a href=\"https:\/\/lepetitjournal.com\/shanghai\/frederic-dai-le-puy-du-fou-arrive-en-chine-avec-saga-shanghai-386062\" rel=\"nofollow noopener\" target=\"_blank\">au sein du centre de congr\u00e8s Everbright \u00e0 Shanghai qui s\u2019\u00e9tend sur 25000m<\/a>2. L\u2019id\u00e9e est de transporter les spectateurs dans le Shanghai des ann\u00e9es 30 via un parcours d\u2019une heure.<\/p>\n<p>En Espagne le parc a \u00e9t\u00e9 un succ\u00e8s. Il est situ\u00e9 dans les monts de Tol\u00e8de et a ouvert en 2021. Il offre aux visiteurs des spectacles sur des p\u00e9riodes ou des h\u00e9ros cl\u00e9s de l\u2019histoire espagnole comme le Si\u00e8cle d\u2019or, le Cid ou Lope de vega\u2026 Durant la nuit le parc pr\u00e9sente un spectacle qui retrace 1500 ans de l\u2019histoire d\u2019Espagne. Le parc a accueilli 1,7 millions de visiteurs en 2025.<\/p>\n<p>Et d\u00e9sormais le Puy du Fou voit grand avec un parc \u00e0 Bicester pr\u00e8s d\u2019Oxford, la ville qui abrite l\u2019une des plus c\u00e9l\u00e8bres universit\u00e9s anglaises et l\u2019une des plus belles du pays.<\/p>\n<p>L\u2019ouverture du parc anglais est pr\u00e9vu en 2029. Il s\u2019\u00e9tendra sur 150 hectares\u00a0 et proposera des spectacles autour des l\u00e9gendes et de l\u2019histoire britannique.<\/p>\n<p>En France le parc a aussi des projets comme un train couchette Belle Epoque qui accueillera des clients pour un voyage spectacle d\u2019une semaine en France, un spectacle dans les Zenith de France en 2027 et une forte expansion h\u00f4teli\u00e8re avec 100 chambres en plus en 2026. <\/p>\n<p>Le parc montre qu\u2019avec de bons politiciens on peut cr\u00e9er de la croissance et du dynamisme dans le pays et m\u00eame exporter dans le monde les valeurs fran\u00e7aises&#8230;<\/p>\n<p><a href=\"https:\/\/www.businesstravel.fr\/le-puy-du-fou-gagne-loscar-du-meilleur-spectacle-vivant.html\" rel=\"nofollow noopener\" target=\"_blank\">Alors que le parc vend\u00e9en fran\u00e7ais vogue de succ\u00e8s en succ\u00e8s, il pr\u00e9voit de s\u2019exporter d\u00e9sormais au Royaume-Uni\u2026<\/a><\/p>\n<p>VOUS AIMEZ AIME CET ARTICLE ? SOUTENEZ-NOUS : <a target=\"_blank\" href=\"https:\/\/www.okpal.com\/soutenir-businesstravel-fr\/?utm_campaign=01ECS6S645YY48XJKDM2QFQQFF&amp;utm_medium=campaign_edit-okpuid_01ECS6S3K9NCWYV72060RSNTRH-20200709&amp;utm_source=share_directlink#\/\" rel=\"nofollow noopener\">CLIQUEZ ICI POUR FAIRE UN DON<\/a> <\/p>\n<p>VOS AVIS SONT PR\u00c9CIEUX : <a target=\"_blank\" href=\"https:\/\/www.businesstravel.fr\/forum-business-traveler\/\" rel=\"nofollow noopener noreferrer\"> CLIQUEZ ICI POUR VOUS INSCRIRE ET PUBLIER UN SUJET DANS LE FORUM<\/a> <\/p>\n","protected":false},"excerpt":{"rendered":"Alors que le parc vend\u00e9en fran\u00e7ais vogue de succ\u00e8s en succ\u00e8s, il pr\u00e9voit de s\u2019exporter d\u00e9sormais au Royaume-Uni\u2026&hellip;\n","protected":false},"author":2,"featured_media":528972,"comment_status":"","ping_status":"","sticky":false,"template":"","format":"standard","meta":{"footnotes":""},"categories":[1588],"tags":[11,1777,674,12,473,1853,1851,1850,1852],"class_list":{"0":"post-528971","1":"post","2":"type-post","3":"status-publish","4":"format-standard","5":"has-post-thumbnail","7":"category-royaume-uni","8":"tag-actualites","9":"tag-eu","10":"tag-europe","11":"tag-news","12":"tag-royaume-uni","13":"tag-royaume-uni-de-grande-bretagne-et-dirlande-du-nord","14":"tag-uk","15":"tag-united-kingdom","16":"tag-united-kingdom-of-great-britain-and-northern-ireland"},"share_on_mastodon":{"url":"https:\/\/pubeurope.com\/@fr\/115536117312000338","error":""},"_links":{"self":[{"href":"https:\/\/www.europesays.com\/fr\/wp-json\/wp\/v2\/posts\/528971","targetHints":{"allow":["GET"]}}],"collection":[{"href":"https:\/\/www.europesays.com\/fr\/wp-json\/wp\/v2\/posts"}],"about":[{"href":"https:\/\/www.europesays.com\/fr\/wp-json\/wp\/v2\/types\/post"}],"author":[{"embeddable":true,"href":"https:\/\/www.europesays.com\/fr\/wp-json\/wp\/v2\/users\/2"}],"replies":[{"embeddable":true,"href":"https:\/\/www.europesays.com\/fr\/wp-json\/wp\/v2\/comments?post=528971"}],"version-history":[{"count":0,"href":"https:\/\/www.europesays.com\/fr\/wp-json\/wp\/v2\/posts\/528971\/revisions"}],"wp:featuredmedia":[{"embeddable":true,"href":"https:\/\/www.europesays.com\/fr\/wp-json\/wp\/v2\/media\/528972"}],"wp:attachment":[{"href":"https:\/\/www.europesays.com\/fr\/wp-json\/wp\/v2\/media?parent=528971"}],"wp:term":[{"taxonomy":"category","embeddable":true,"href":"https:\/\/www.europesays.com\/fr\/wp-json\/wp\/v2\/categories?post=528971"},{"taxonomy":"post_tag","embeddable":true,"href":"https:\/\/www.europesays.com\/fr\/wp-json\/wp\/v2\/tags?post=528971"}],"curies":[{"name":"wp","href":"https:\/\/api.w.org\/{rel}","templated":true}]}}