{"id":528973,"date":"2025-11-12T09:56:48","date_gmt":"2025-11-12T09:56:48","guid":{"rendered":"https:\/\/www.europesays.com\/fr\/528973\/"},"modified":"2025-11-12T09:56:48","modified_gmt":"2025-11-12T09:56:48","slug":"pourquoi-les-geants-americains-de-la-tech-se-ruent-sur-leurope","status":"publish","type":"post","link":"https:\/\/www.europesays.com\/fr\/528973\/","title":{"rendered":"pourquoi les g\u00e9ants am\u00e9ricains de la tech se ruent sur l\u2019Europe ?"},"content":{"rendered":"<p>L\u2019Europe devient peu \u00e0 peu <strong>un terrain strat\u00e9gique<\/strong> pour les g\u00e9ants de la technologie.<\/p>\n<p>Alors que la Commission europ\u00e9enne multiplie les initiatives pour <a href=\"https:\/\/siecledigital.fr\/2025\/06\/25\/leurope-se-reveille-un-plan-a-70-milliards-deuros-pour-relancer-sa-tech\/\" target=\"_blank\" rel=\"noopener\">renforcer la souverainet\u00e9 num\u00e9rique<\/a> du continent, Google et Microsoft annoncent, chacun de leur c\u00f4t\u00e9, <strong>des investissements records<\/strong> dans leurs infrastructures de donn\u00e9es et d\u2019intelligence artificielle.<\/p>\n<p>Ces annonces traduisent une volont\u00e9 claire&amp;nbsp: rapprocher la puissance de calcul et les capacit\u00e9s cloud des march\u00e9s europ\u00e9ens\u2026<\/p>\n<p>Microsoft mise 10 milliards de dollars sur le Portugal<\/p>\n<p>Dans un <a href=\"https:\/\/www.reuters.com\/business\/microsoft-plans-invest-10-billion-portugal-ai-data-hub-bloomberg-news-reports-2025-11-11\/\" target=\"_blank\" rel=\"noopener\">rapport de Reuters<\/a>, on apprend que Microsoft pr\u00e9voit un plan d\u2019investissement colossal de <strong>10 milliards de dollars au Portugal<\/strong>, centr\u00e9 sur la construction d\u2019un m\u00e9ga centre de donn\u00e9es \u00e0 <strong>Sines<\/strong>, dans le sud du pays.<\/p>\n<p>En partenariat avec la soci\u00e9t\u00e9 britannique <strong>Nscale<\/strong> et la start-up locale <strong>Start Campus<\/strong>, Microsoft pr\u00e9voit d\u2019y installer <strong>plus de 12 000 puces Nvidia<\/strong> de derni\u00e8re g\u00e9n\u00e9ration, destin\u00e9es \u00e0 soutenir le d\u00e9veloppement de ses services d\u2019intelligence artificielle.<\/p>\n<p>Pour <strong>Brad Smith<\/strong>, pr\u00e9sident de Microsoft, le Portugal s\u2019impose comme un \u00ab\u00a0point n\u00e9vralgique\u00a0\u00bb pour les infrastructures technologiques en Europe. Le pays b\u00e9n\u00e9ficie \u00e0 la fois de ressources \u00e9nerg\u00e9tiques renouvelables et d\u2019une position g\u00e9ographique strat\u00e9gique, connect\u00e9e \u00e0 plusieurs c\u00e2bles sous-marins reliant l\u2019Am\u00e9rique \u00e0 l\u2019Europe.<\/p>\n<p>\u00ab\u00a0La demande dans le domaine de l\u2019IA, ces derniers mois, est devenue folle\u00ab\u00a0, reconna\u00eet Daniel Bathurst, directeur produit de Nscale, \u00e9voquant une v\u00e9ritable \u00ab\u00a0<strong>course \u00e0 la puissance de calcul\u00a0\u00bb<\/strong> entre les grands acteurs du secteur.<\/p>\n<p>Google injecte 5,5 milliards d\u2019euros en Allemagne<\/p>\n<p>De son c\u00f4t\u00e9, on apprend dans un autre <a href=\"https:\/\/www.reuters.com\/sustainability\/boards-policy-regulation\/google-invest-mid-single-digit-billion-amount-germany-says-industry-source-2025-11-11\/\" target=\"_blank\" rel=\"noopener\">communiqu\u00e9 de Reuters<\/a> que Google pr\u00e9voit un <strong>investissement de 5,5 milliards d\u2019euros sur quatre ans<\/strong> pour renforcer ses capacit\u00e9s en Allemagne. Le projet pr\u00e9voit notamment la construction de <strong>deux nouveaux centres de donn\u00e9es dans la r\u00e9gion de Francfort<\/strong>, destin\u00e9s \u00e0 soutenir les activit\u00e9s cloud et d\u2019IA du groupe.<\/p>\n<p>Notons qu\u2019il s\u2019agit du <strong>plus grand plan d\u2019investissement de Google dans le pays<\/strong>, pr\u00e9sent\u00e9 \u00e0 Berlin aux c\u00f4t\u00e9s du ministre allemand des Finances, <strong>Lars Klingbeil<\/strong>. L\u2019entreprise entend ainsi participer \u00e0 la transformation num\u00e9rique du pays, encore en retard face aux \u00c9tats-Unis et \u00e0 la Chine dans le domaine de l\u2019IA.<\/p>\n<p><strong>Philipp Justus<\/strong>, directeur g\u00e9n\u00e9ral de Google Allemagne, a insist\u00e9 sur la dimension strat\u00e9gique de ce plan&amp;nbsp: \u00ab\u00a0Nous investissons dans l\u2019avenir num\u00e9rique de l\u2019Allemagne et dans la croissance \u00e9conomique europ\u00e9enne\u00ab\u00a0.<\/p>\n<p>L\u2019Europe, nouvel \u00e9picentre des infrastructures IA&amp;nbsp?<\/p>\n<p>Ces annonces s\u2019inscrivent dans une <strong>dynamique d\u2019investissements technologiques <\/strong>sans pr\u00e9c\u00e9dent sur le continent. Nvidia et Deutsche Telekom pr\u00e9voient d\u00e9j\u00e0 un centre de donn\u00e9es d\u2019un milliard d\u2019euros \u00e0 Munich, tandis que d\u2019autres acteurs envisagent des projets similaires en France et aux Pays-Bas.<\/p>\n<p>Face \u00e0 la mont\u00e9e des besoins en puissance de calcul, l\u2019Europe appara\u00eet de plus en plus comme <strong>un espace de d\u00e9ploiement prioritaire<\/strong> pour les g\u00e9ants am\u00e9ricains de la tech, d\u00e9sireux de se rapprocher des march\u00e9s locaux et des r\u00e9gulations europ\u00e9ennes en mati\u00e8re de donn\u00e9es.<\/p>\n<p>En moins d\u2019un an, l\u2019Europe est ainsi en passe de devenir <strong>l\u2019un des p\u00f4les mondiaux les plus attractifs<\/strong> pour l\u2019infrastructure IA, un mouvement qui pourrait redessiner l\u2019\u00e9quilibre technologique mondial\u2026<\/p>\n","protected":false},"excerpt":{"rendered":"L\u2019Europe devient peu \u00e0 peu un terrain strat\u00e9gique pour les g\u00e9ants de la technologie. Alors que la Commission&hellip;\n","protected":false},"author":2,"featured_media":528974,"comment_status":"","ping_status":"","sticky":false,"template":"","format":"standard","meta":{"footnotes":""},"categories":[1587],"tags":[11,672,1804,1805,1803,1777,674,1801,323,861,5533,12,1802],"class_list":{"0":"post-528973","1":"post","2":"type-post","3":"status-publish","4":"format-standard","5":"has-post-thumbnail","7":"category-allemagne","8":"tag-actualites","9":"tag-allemagne","10":"tag-bundesrepublik-deutschland","11":"tag-de","12":"tag-deutschland","13":"tag-eu","14":"tag-europe","15":"tag-germany","16":"tag-google","17":"tag-ia","18":"tag-microsoft","19":"tag-news","20":"tag-republique-federale-dallemagne"},"share_on_mastodon":{"url":"https:\/\/pubeurope.com\/@fr\/115536136917574000","error":""},"_links":{"self":[{"href":"https:\/\/www.europesays.com\/fr\/wp-json\/wp\/v2\/posts\/528973","targetHints":{"allow":["GET"]}}],"collection":[{"href":"https:\/\/www.europesays.com\/fr\/wp-json\/wp\/v2\/posts"}],"about":[{"href":"https:\/\/www.europesays.com\/fr\/wp-json\/wp\/v2\/types\/post"}],"author":[{"embeddable":true,"href":"https:\/\/www.europesays.com\/fr\/wp-json\/wp\/v2\/users\/2"}],"replies":[{"embeddable":true,"href":"https:\/\/www.europesays.com\/fr\/wp-json\/wp\/v2\/comments?post=528973"}],"version-history":[{"count":0,"href":"https:\/\/www.europesays.com\/fr\/wp-json\/wp\/v2\/posts\/528973\/revisions"}],"wp:featuredmedia":[{"embeddable":true,"href":"https:\/\/www.europesays.com\/fr\/wp-json\/wp\/v2\/media\/528974"}],"wp:attachment":[{"href":"https:\/\/www.europesays.com\/fr\/wp-json\/wp\/v2\/media?parent=528973"}],"wp:term":[{"taxonomy":"category","embeddable":true,"href":"https:\/\/www.europesays.com\/fr\/wp-json\/wp\/v2\/categories?post=528973"},{"taxonomy":"post_tag","embeddable":true,"href":"https:\/\/www.europesays.com\/fr\/wp-json\/wp\/v2\/tags?post=528973"}],"curies":[{"name":"wp","href":"https:\/\/api.w.org\/{rel}","templated":true}]}}