{"id":528988,"date":"2025-11-12T10:22:12","date_gmt":"2025-11-12T10:22:12","guid":{"rendered":"https:\/\/www.europesays.com\/fr\/528988\/"},"modified":"2025-11-12T10:22:12","modified_gmt":"2025-11-12T10:22:12","slug":"une-reserve-a-letranger-pour-jan-hernandez-reilhe-actualite","status":"publish","type":"post","link":"https:\/\/www.europesays.com\/fr\/528988\/","title":{"rendered":"Une r\u00e9serve \u00e0 l&rsquo;\u00e9tranger pour Jan Hernandez Reilhe &#8211; Actualit\u00e9"},"content":{"rendered":"<p style=\"text-align: justify;\">Pour sa premi\u00e8re saison chez les Espoirs en 2026, <a href=\"https:\/\/www.directvelo.com\/coureur\/57584\/jan-hernandez-reilhe\" target=\"_blank\" rel=\"noopener\"><strong>Jan Hernandez Reilhe<\/strong><\/a> va rejoindre la r\u00e9serve d&rsquo;une \u00e9quipe pro.<\/p>\n<p>Le soci\u00e9taire du SC Serres-Castet portera le maillot du club espagnol Caja Rural-Alea, la r\u00e9serve de la ProTeam Caja Rural-Seguros RGA. C&rsquo;est dans cette \u00e9quipe qu&rsquo;Ellande Larronde \u00e9voluait avant de passer pro en 2026 dans le ProTeam espagnol.<\/p>\n<p>Cette saison, Jan Hernandez Reilhe s&rsquo;est class\u00e9 5e du Grand Prix du Mont Pujols et 6e de la Route du Soulor (Toutes cat\u00e9gories), 6e du Tour du Carmausin S\u00e9gala (1.1) ou encore 10e de la Classique des Alpes Juniors. Mais <a href=\"https:\/\/www.directvelo.com\/actualite\/121233\/apres-un-mois-de-mai-complique-jan-hernandez-reilhe-reprend-confiance\" target=\"_blank\" rel=\"noopener\"><strong>une intoxication alimentaire l&rsquo;a terrass\u00e9 \u00e0 la Course de la Paix<\/strong><\/a> qu&rsquo;il disputait avec l&rsquo;\u00e9quipe de France.\u00a0En fin de saison, avec les Elites, il a pris la 12e place du Grand Prix de la Tomate et la 17e du Tour du P\u00e9rigord.<\/p>\n<p>L&rsquo;an dernier, il s&rsquo;\u00e9tait r\u00e9v\u00e9l\u00e9 en se classant 6e de la Gipuzkoa Klasika (2.1) avant de remporter la Classique des Pyr\u00e9n\u00e9es-Atlantiques et de\u00a0finir 4e du Championnat de France. Il avait termin\u00e9 6e du classement des J1 du Challenge DirectVelo.<\/p>\n<p>Caja Rural-Alea a d\u00e9voil\u00e9 \u00e0 ce jour\u00a0<strong><a href=\"https:\/\/www.directvelo.com\/equipe\/238\/caja-rural-alea\" target=\"_blank\" rel=\"noopener\">huit recrues<\/a><\/strong> pour la saison 2026.<\/p>\n<p>Retrouvez toutes les mutations de l&rsquo;intersaison 2025-2026<a href=\"https:\/\/www.directvelo.com\/mutations\/2026\" target=\"_blank\" rel=\"noopener\"><strong> en cliquant ici<\/strong><\/a>.<\/p>\n","protected":false},"excerpt":{"rendered":"Pour sa premi\u00e8re saison chez les Espoirs en 2026, Jan Hernandez Reilhe va rejoindre la r\u00e9serve d&rsquo;une \u00e9quipe&hellip;\n","protected":false},"author":2,"featured_media":528989,"comment_status":"","ping_status":"","sticky":false,"template":"","format":"standard","meta":{"footnotes":""},"categories":[1411],"tags":[834,828,836,829,837,827,83,826,824,823,1154,207,814,817,815,816,822,821,832,211,839,1011,27,820,818,819,835,831,830,833,838,60,212,208,825],"class_list":{"0":"post-528988","1":"post","2":"type-post","3":"status-publish","4":"format-standard","5":"has-post-thumbnail","7":"category-cyclisme","8":"tag-attaque","9":"tag-belgique","10":"tag-braquet","11":"tag-bretagne","12":"tag-chute","13":"tag-competition","14":"tag-coupe-de-france","15":"tag-coureur","16":"tag-course-cyclisme","17":"tag-course-cycliste","18":"tag-cycling","19":"tag-cyclisme","20":"tag-direct","21":"tag-direct-velo","22":"tag-directvelo","23":"tag-directvelo-com","24":"tag-epreuve","25":"tag-epreuve-cycliste","26":"tag-federation-francaise-de-cyclisme","27":"tag-ffc","28":"tag-flandres","29":"tag-fr","30":"tag-france","31":"tag-live","32":"tag-live-course","33":"tag-live-epreuve","34":"tag-peloton","35":"tag-radio-peloton","36":"tag-radio-tour","37":"tag-ravitaillement","38":"tag-relance","39":"tag-sports","40":"tag-uci","41":"tag-velo","42":"tag-velos"},"share_on_mastodon":{"url":"https:\/\/pubeurope.com\/@fr\/115536235393370895","error":""},"_links":{"self":[{"href":"https:\/\/www.europesays.com\/fr\/wp-json\/wp\/v2\/posts\/528988","targetHints":{"allow":["GET"]}}],"collection":[{"href":"https:\/\/www.europesays.com\/fr\/wp-json\/wp\/v2\/posts"}],"about":[{"href":"https:\/\/www.europesays.com\/fr\/wp-json\/wp\/v2\/types\/post"}],"author":[{"embeddable":true,"href":"https:\/\/www.europesays.com\/fr\/wp-json\/wp\/v2\/users\/2"}],"replies":[{"embeddable":true,"href":"https:\/\/www.europesays.com\/fr\/wp-json\/wp\/v2\/comments?post=528988"}],"version-history":[{"count":0,"href":"https:\/\/www.europesays.com\/fr\/wp-json\/wp\/v2\/posts\/528988\/revisions"}],"wp:featuredmedia":[{"embeddable":true,"href":"https:\/\/www.europesays.com\/fr\/wp-json\/wp\/v2\/media\/528989"}],"wp:attachment":[{"href":"https:\/\/www.europesays.com\/fr\/wp-json\/wp\/v2\/media?parent=528988"}],"wp:term":[{"taxonomy":"category","embeddable":true,"href":"https:\/\/www.europesays.com\/fr\/wp-json\/wp\/v2\/categories?post=528988"},{"taxonomy":"post_tag","embeddable":true,"href":"https:\/\/www.europesays.com\/fr\/wp-json\/wp\/v2\/tags?post=528988"}],"curies":[{"name":"wp","href":"https:\/\/api.w.org\/{rel}","templated":true}]}}