{"id":529002,"date":"2025-11-12T10:30:11","date_gmt":"2025-11-12T10:30:11","guid":{"rendered":"https:\/\/www.europesays.com\/fr\/529002\/"},"modified":"2025-11-12T10:30:11","modified_gmt":"2025-11-12T10:30:11","slug":"cinq-conseils-inattendus-dune-gastro-enterologue-pour-ne-plus-avoir-mal-au-ventre","status":"publish","type":"post","link":"https:\/\/www.europesays.com\/fr\/529002\/","title":{"rendered":"Cinq conseils inattendus d\u2019une gastro-ent\u00e9rologue pour ne plus avoir mal au ventre"},"content":{"rendered":"<p>    De la bouche \u00e0 l\u2019anus, les aliments mettent au moins 24 heures \u00e0 parcourir l\u2019ensemble de notre syst\u00e8me digestif.<br \/>\n                Sebastian Kaulitzki &#8211; stock.adobe.com<\/p>\n<p>\n    Notre syst\u00e8me digestif, on sait ce qui y entre, on sait ce qui en sort, mais l\u2019entre-deux reste un myst\u00e8re pour beaucoup d\u2019entre nous, qui peut nous valoir bien des d\u00e9boires. G\u00e9n\u00e9ralement b\u00e9nignes mais toujours tr\u00e8s d\u00e9sagr\u00e9ables, les douleurs au ventre peuvent pourtant \u00eatre bien souvent \u00e9vit\u00e9es avec quelques conseils simples&#8230;<\/p>\n<p class=\"fig-paragraph\">C\u2019est entendu, les r\u00e9seaux sociaux sont un nid \u00e0 \u00ab\u00a0fakenews\u00a0\u00bb m\u00e9dicales d\u2019une insondable profondeur. Mais ils abritent aussi de v\u00e9ritables p\u00e9pites, et des m\u00e9decins s\u2019y lancent avec succ\u00e8s dans l\u2019art difficile de la vulgarisation. Le Dr\u00a0Pauline Guillouche, h\u00e9pato-gastro-ent\u00e9rologue, est de ceux-l\u00e0\u00a0: sur Instagram et Youtube, \u00ab\u00a0Pauline h\u00e9pato\u00a0\u00bb nous d\u00e9voile les myst\u00e8res de notre\u00a0<a href=\"http:\/\/sante.lefigaro.fr\/15-mythes-et-anecdotes-autour-de-nos-ventres-20220623\" data-fig-type=\"Article\" data-gtm-custom-categorie=\"navigation\" data-gtm-custom-action=\"crossclick\" data-gtm-custom-label=\"Contextuel\" data-gtm-event=\"customEventSPE\" data-fig-domain=\"SANTE\" target=\"_blank\" rel=\"noopener\">syst\u00e8me digestif<\/a>, et les meilleures fa\u00e7ons d\u2019en prendre soin. Avec Camille Van Belle pour les illustrations, elle vient de publier un livre qui r\u00e9ussit le tour de force d\u2019\u00eatre tout \u00e0 la fois dr\u00f4le, parfaitement accessible et savant. Dans D\u00e9cryptez votre ventre! (\u00e9ditions Vuibert) le m\u00e9decin nous livre conseils et explications pour prendre soin de cette partie de notre organisme capable de nous faire bien des mis\u00e8res, souvent b\u00e9nignes, mais toujours d\u00e9sagr\u00e9ables. Floril\u00e8ge de ses conseils pratiques.<\/p>\n<p>Allez chez le dentiste\u00a0!<\/p>\n<p class=\"fig-paragraph\">\u00ab\u00a0La digestion commence&#8230; dans la bouche\u00a0!\u00a0\u00bb, \u00e9crit Pauline Guillouche. Une \u00e9vidence, que l\u2019on\u2026<\/p>\n<p class=\"fig-premium-paywall__infos\">\n        Cet article est r\u00e9serv\u00e9 aux abonn\u00e9s.        Il vous reste 87% \u00e0 d\u00e9couvrir.\n    <\/p>\n<p>                <img  data- alt=\"Le Figaro\" class=\"fig-img--complete fig-img\"\/><\/p>\n<p class=\"fig-premium-paywall__title\">Black Friday<\/p>\n<p class=\"fig-premium-paywall__subtitle\">-70% sur l&rsquo;abonnement num\u00e9rique<\/p>\n<p class=\"fig-premium-paywall__connect\">\n                D\u00e9j\u00e0 abonn\u00e9\u00a0?                <a class=\"fig-premium-paywall__connect-link\" href=\"https:\/\/connect.lefigaro.fr\/login?client=sante_web&amp;type=main&amp;redirect_uri=https%3A%2F%2Fsante.lefigaro.fr%2Fmieux-etre%2Fcinq-conseils-inattendus-d-une-gastro-enterologue-pour-ne-plus-avoir-mal-au-ventre-20251112\" data-js-gtm=\"{&quot;customCategorie&quot;: &quot;conversion&quot;, &quot;customAction&quot;: &quot;before_Landing_Connexion_paywall_auto&quot;, &quot;customLabel&quot;: &quot;c2FudGUubGVmaWdhcm8uZnJfXzFmMGJmMDM2LTY4ZjAtNjE4Ni1iNjc3LThmZGYyYjMwNDI5M19fQXJ0aWNsZQ==_Cinq conseils inattendus d\u2019une gastro-ent\u00e9rologue pour ne plus avoir mal au ventre_102&quot;, &quot;customIDSPE&quot;: &quot;c2FudGUubGVmaWdhcm8uZnJfXzFmMGJmMDM2LTY4ZjAtNjE4Ni1iNjc3LThmZGYyYjMwNDI5M19fQXJ0aWNsZQ==&quot;, &quot;event&quot;: &quot;customEventSPE&quot;}\" target=\"_blank\" rel=\"noopener\"><br \/>\n                    Connectez-vous<br \/>\n                <\/a>\n            <\/p>\n","protected":false},"excerpt":{"rendered":"De la bouche \u00e0 l\u2019anus, les aliments mettent au moins 24 heures \u00e0 parcourir l\u2019ensemble de notre syst\u00e8me&hellip;\n","protected":false},"author":2,"featured_media":529003,"comment_status":"","ping_status":"","sticky":false,"template":"","format":"standard","meta":{"footnotes":""},"categories":[10],"tags":[45674,1011,27,72,64820,71,279,18207],"class_list":{"0":"post-529002","1":"post","2":"type-post","3":"status-publish","4":"format-standard","5":"has-post-thumbnail","7":"category-sante","8":"tag-alimentation-et-sante","9":"tag-fr","10":"tag-france","11":"tag-health","12":"tag-problemes-digestifs","13":"tag-sante","14":"tag-sommeil","15":"tag-troubles-digestifs"},"share_on_mastodon":{"url":"https:\/\/pubeurope.com\/@fr\/115536266715321499","error":""},"_links":{"self":[{"href":"https:\/\/www.europesays.com\/fr\/wp-json\/wp\/v2\/posts\/529002","targetHints":{"allow":["GET"]}}],"collection":[{"href":"https:\/\/www.europesays.com\/fr\/wp-json\/wp\/v2\/posts"}],"about":[{"href":"https:\/\/www.europesays.com\/fr\/wp-json\/wp\/v2\/types\/post"}],"author":[{"embeddable":true,"href":"https:\/\/www.europesays.com\/fr\/wp-json\/wp\/v2\/users\/2"}],"replies":[{"embeddable":true,"href":"https:\/\/www.europesays.com\/fr\/wp-json\/wp\/v2\/comments?post=529002"}],"version-history":[{"count":0,"href":"https:\/\/www.europesays.com\/fr\/wp-json\/wp\/v2\/posts\/529002\/revisions"}],"wp:featuredmedia":[{"embeddable":true,"href":"https:\/\/www.europesays.com\/fr\/wp-json\/wp\/v2\/media\/529003"}],"wp:attachment":[{"href":"https:\/\/www.europesays.com\/fr\/wp-json\/wp\/v2\/media?parent=529002"}],"wp:term":[{"taxonomy":"category","embeddable":true,"href":"https:\/\/www.europesays.com\/fr\/wp-json\/wp\/v2\/categories?post=529002"},{"taxonomy":"post_tag","embeddable":true,"href":"https:\/\/www.europesays.com\/fr\/wp-json\/wp\/v2\/tags?post=529002"}],"curies":[{"name":"wp","href":"https:\/\/api.w.org\/{rel}","templated":true}]}}