{"id":529013,"date":"2025-11-12T10:44:12","date_gmt":"2025-11-12T10:44:12","guid":{"rendered":"https:\/\/www.europesays.com\/fr\/529013\/"},"modified":"2025-11-12T10:44:12","modified_gmt":"2025-11-12T10:44:12","slug":"qui-sont-les-invites-daugustin-3","status":"publish","type":"post","link":"https:\/\/www.europesays.com\/fr\/529013\/","title":{"rendered":"qui sont les invit\u00e9s d\u2019Augustin &#8230;"},"content":{"rendered":"<p>EN BREF<\/p>\n<ul class=\"bloc_resume_post_list\">\n<li>Le 12 novembre 2025, France 5 consacre une \u00e9dition<br \/>\nsp\u00e9ciale \u00e0 Boualem Sansal, incarc\u00e9r\u00e9 depuis novembre<br \/>\n2024.<\/li>\n<li>L\u00a0\u00bb\u00e9mission explore l&rsquo;\u0153uvre de Sansal et la situation de<br \/>\nla libert\u00e9 d&rsquo;expression en Alg\u00e9rie et ailleurs.<\/li>\n<li>Des invit\u00e9s prestigieux discutent des menaces sur les<br \/>\nlibert\u00e9s et du courage d&rsquo;\u00e9crire dans un contexte mondial<br \/>\ntendu.<\/li>\n<\/ul>\n<p>Ce mercredi 12 novembre 2025, <a href=\"https:\/\/www.telestar.fr\/actu_tv\/france-5-replay-la-grande-librairie-emission-du-5-novembre-2025-1744341\" target=\"_blank\" rel=\"noopener\"><br \/>\nl\u2019\u00e9mission litt\u00e9raire La grande librairie<\/a> sur France 5<br \/>\nconsacre une \u00e9dition sp\u00e9ciale \u00e0 l\u2019\u00e9crivain alg\u00e9rien Boualem Sansal.<br \/>\nL&rsquo;auteur est incarc\u00e9r\u00e9 depuis le 16 novembre 2024 en raison de ses<br \/>\nprises de position et de ses \u00e9crits. Depuis plus d\u2019un an, <a href=\"https:\/\/www.telestar.fr\/actu_tv\/attention-anouk-grinberg-augustin-trapenard-stoppe-lactrice-en-pleine-sequence-1716789\" target=\"_blank\" rel=\"noopener\"><br \/>\nAugustin Trapenard<\/a> rappelle en ouverture de chaque \u00e9mission que<br \/>\n\u00ab\u00a0un \u00e9crivain n\u2019a pas sa place en prison\u00a0\u00bb. Il rappelle ainsi<br \/>\nl\u2019importance de la libert\u00e9 d\u2019expression et <strong>du combat<br \/>\nconstant<\/strong> pour la cr\u00e9ation libre.<\/p>\n<p>Cette \u00e9mission revient sur l\u2019\u0153uvre de Boualem Sansal,<br \/>\n<strong>son engagement intellectuel.<\/strong> Elle \u00e9voque aussi la<br \/>\nsituation alarmante de la libert\u00e9 d\u2019expression en Alg\u00e9rie.<br \/>\nL&rsquo;animateur \u00e9largit la r\u00e9flexion \u00e0 des \u00e9crivains, journalistes et<br \/>\npenseurs emprisonn\u00e9s dans le monde, souvent pour avoir d\u00e9fendu<br \/>\nleurs id\u00e9es. Selon les organisations de d\u00e9fense des droits humains,<br \/>\nplus de quarante pays retiennent encore aujourd\u2019hui des auteurs<br \/>\ndans ce contexte.<\/p>\n<p>Les invit\u00e9s autour d\u2019Augustin Trapenard<\/p>\n<p>Pour d\u00e9battre et t\u00e9moigner de ces enjeux, Augustin Trapenard<br \/>\nre\u00e7oit <strong>plusieurs invit\u00e9s<\/strong> issus de la sph\u00e8re<br \/>\nlitt\u00e9raire et journalistique. Parmi eux figurent <strong>Kamel<br \/>\nDaoud,<\/strong> journaliste et \u00e9crivain reconnu, <strong>Florence<br \/>\nAubenas,<\/strong> journaliste et \u00e9crivaine, ainsi que<br \/>\n<strong>Daniel Pennac,<\/strong> c\u00e9l\u00e8bre \u00e9crivain.<\/p>\n<p>Ils sont rejoints par <strong>Abnousse Shalmani,<\/strong><br \/>\njournaliste et \u00e9crivaine engag\u00e9e, <strong>Antoine<br \/>\nGallimard<\/strong> et <strong>Jean-Marie Laclavetine<\/strong>, deux<br \/>\n\u00e9diteurs influents. <strong>Lilia Hassaine<\/strong>, journaliste et<br \/>\nromanci\u00e8re est \u00e9galement pr\u00e9sente. Tous ces intervenants discutent<br \/>\ndu courage n\u00e9cessaire pour \u00e9crire et des menaces qui p\u00e8sent sur les<br \/>\nlibert\u00e9s dans de nombreux pays.<\/p>\n<p>Un rendez-vous engag\u00e9 pour la libert\u00e9<br \/>\nd\u2019expression<\/p>\n<p>La grande librairie est un rendez-vous hebdomadaire<br \/>\nd\u2019environ 90 minutes anim\u00e9 par <a href=\"https:\/\/www.telestar.fr\/people\/augustin-trapenard-j-ai-beaucoup-souffert-au-grand-journal-341895\" target=\"_blank\" rel=\"noopener\"><br \/>\nle journaliste culturel et critique litt\u00e9raire<\/a> Augustin<br \/>\nTrapenard depuis 2022. L&rsquo;\u00e9mission m\u00eale \u00e9changes approfondis avec<br \/>\nles auteurs venus pr\u00e9senter <strong>leurs \u0153uvres et<br \/>\nr\u00e9flexions<\/strong> sur l\u2019actualit\u00e9 litt\u00e9raire. Cette \u00e9mission<br \/>\nphare de France 5 est reconnue pour ses invit\u00e9s vari\u00e9s et ses<br \/>\nd\u00e9bats engag\u00e9s.<\/p>\n<p>L\u2019\u00e9mission du 12 novembre 2025 se veut ainsi un hommage vibrant<br \/>\n\u00e0 la libert\u00e9 d&rsquo;expression. Par les \u00e9changes entre Augustin<br \/>\nTrapenard et ses invit\u00e9s, La grande librairie d\u00e9montre<br \/>\nqu\u2019elle reste <strong>une tribune essentielle<\/strong> pour<br \/>\nd\u00e9fendre ces valeurs fondamentales.<\/p>\n","protected":false},"excerpt":{"rendered":"EN BREF Le 12 novembre 2025, France 5 consacre une \u00e9dition sp\u00e9ciale \u00e0 Boualem Sansal, incarc\u00e9r\u00e9 depuis novembre&hellip;\n","protected":false},"author":2,"featured_media":529014,"comment_status":"","ping_status":"","sticky":false,"template":"","format":"standard","meta":{"footnotes":""},"categories":[4],"tags":[11,548,1011,27,44000,12,25],"class_list":{"0":"post-529013","1":"post","2":"type-post","3":"status-publish","4":"format-standard","5":"has-post-thumbnail","7":"category-france","8":"tag-actualites","9":"tag-article-simple","10":"tag-fr","11":"tag-france","12":"tag-la-grande-librairie","13":"tag-news","14":"tag-republique-francaise"},"share_on_mastodon":{"url":"https:\/\/pubeurope.com\/@fr\/115536321854249764","error":""},"_links":{"self":[{"href":"https:\/\/www.europesays.com\/fr\/wp-json\/wp\/v2\/posts\/529013","targetHints":{"allow":["GET"]}}],"collection":[{"href":"https:\/\/www.europesays.com\/fr\/wp-json\/wp\/v2\/posts"}],"about":[{"href":"https:\/\/www.europesays.com\/fr\/wp-json\/wp\/v2\/types\/post"}],"author":[{"embeddable":true,"href":"https:\/\/www.europesays.com\/fr\/wp-json\/wp\/v2\/users\/2"}],"replies":[{"embeddable":true,"href":"https:\/\/www.europesays.com\/fr\/wp-json\/wp\/v2\/comments?post=529013"}],"version-history":[{"count":0,"href":"https:\/\/www.europesays.com\/fr\/wp-json\/wp\/v2\/posts\/529013\/revisions"}],"wp:featuredmedia":[{"embeddable":true,"href":"https:\/\/www.europesays.com\/fr\/wp-json\/wp\/v2\/media\/529014"}],"wp:attachment":[{"href":"https:\/\/www.europesays.com\/fr\/wp-json\/wp\/v2\/media?parent=529013"}],"wp:term":[{"taxonomy":"category","embeddable":true,"href":"https:\/\/www.europesays.com\/fr\/wp-json\/wp\/v2\/categories?post=529013"},{"taxonomy":"post_tag","embeddable":true,"href":"https:\/\/www.europesays.com\/fr\/wp-json\/wp\/v2\/tags?post=529013"}],"curies":[{"name":"wp","href":"https:\/\/api.w.org\/{rel}","templated":true}]}}