{"id":529016,"date":"2025-11-12T10:48:23","date_gmt":"2025-11-12T10:48:23","guid":{"rendered":"https:\/\/www.europesays.com\/fr\/529016\/"},"modified":"2025-11-12T10:48:23","modified_gmt":"2025-11-12T10:48:23","slug":"grosse-operation-de-controle-entre-saint-etienne-et-clermont","status":"publish","type":"post","link":"https:\/\/www.europesays.com\/fr\/529016\/","title":{"rendered":"grosse op\u00e9ration de contr\u00f4le entre Saint-Etienne et Clermont"},"content":{"rendered":"<p>            Par<br \/>\n        <strong><br \/>\n            <a href=\"https:\/\/actu.fr\/auteur\/mathias-souteyrat\" title=\"Consulter tous les articles de Mathias Souteyrat\" target=\"_blank\" rel=\"noopener\">Mathias Souteyrat<\/a><br \/>\n        <\/strong><\/p>\n<p>        Publi\u00e9 le<\/p>\n<p>            12 nov. 2025 \u00e0 10h25<br \/>\n        ; mis \u00e0 jour le 12 nov. 2025 \u00e0 10h39    <\/p>\n<p>Gendarmes et douaniers \u00e9taient positionn\u00e9s lundi 10\u00a0novembre 2025, dans l\u2019apr\u00e8s-midi, au niveau du p\u00e9age de <a href=\"https:\/\/actu.fr\/auvergne-rhone-alpes\/veauchette_42324\" target=\"_blank\" rel=\"noopener\">Veauchette<\/a> (Loire) sur l\u2019<a href=\"https:\/\/actu.fr\/tag\/autoroute-72-a72\" target=\"_blank\" rel=\"noopener\">autoroute A72<\/a>, entre Saint-Etienne et Clermont-Ferrand.<\/p>\n<p>Une voiture remplie de drogue<\/p>\n<p class=\" wall-content\">Voici le bilan de cette op\u00e9ration, donn\u00e9e par la pr\u00e9fecture lig\u00e9rienne\u2009:<\/p>\n<ul class=\" wall-content\">\n<li>Une conduite sans permis<\/li>\n<li>Un d\u00e9faut d\u2019assurance<\/li>\n<li>Une vitesse excessive<\/li>\n<li>Une affaire de travail dissimul\u00e9.<\/li>\n<li><strong>Vol et recel de pi\u00e8ces m\u00e9caniques (batteries, radiateurs de VL, moteur, etc.)<\/strong><\/li>\n<\/ul>\n<p>    <img   decoding=\"async\" loading=\"lazy\" src=\"https:\/\/www.europesays.com\/fr\/wp-content\/uploads\/2025\/11\/whatsapp-image-2025-11-11-a-094928-555484c6-960x640.jpg\" alt=\"Gendarmes et douaniers \u00e9taient positionn\u00e9s lundi au p\u00e9age de Veauchette sur l\u2019autoroute A72.\" width=\"960\" height=\"640\"\/><br \/>\n    Gendarmes et douaniers \u00e9taient positionn\u00e9s lundi au p\u00e9age de Veauchette sur l\u2019autoroute A72. (\u00a9Pr\u00e9fecture de la Loire)<\/p>\n<p class=\" wall-content\">Un v\u00e9hicule l\u00e9ger a \u00e9t\u00e9 contr\u00f4l\u00e9 avec des stup\u00e9fiants\u2009: 40\u00a0g de cannabis, 10\u00a0g de coca\u00efne, 500 cigarettes (25 paquets), un drone avec syst\u00e8me de largage. L\u2019auteur a \u00e9t\u00e9 plac\u00e9 en garde \u00e0 vue pour trafic de drogue.<\/p>\n<blockquote class=\"ac-article-quote wall-content\">\n<p>Cette action conjointe a permis de conjuguer les moyens et l&rsquo;expertise des deux services, renfor\u00e7ant l&rsquo;efficacit\u00e9 de l&rsquo;\u00c9tat dans la s\u00e9curisation des axes routiers et la lutte contre l&rsquo;\u00e9conomie souterraine et le crime organis\u00e9.<\/p>\n<p>    <strong>Pr\u00e9fecture de la Loire<\/strong>\n            <\/p><\/blockquote>\n<p>Pr\u00e9sence de la pr\u00e9f\u00e8te, du commandant de gendarmerie et du nouveau chef d\u2019escadron<\/p>\n<p class=\" wall-content\"><strong>Muriel Nguyen<\/strong>, pr\u00e9f\u00e8te de la Loire, a particip\u00e9 \u00e0 cette importante op\u00e9ration de contr\u00f4le, en pr\u00e9sence du g\u00e9n\u00e9ral de division <strong>Fr\u00e9d\u00e9ric Boudier<\/strong>, commandant de la Gendarmerie pour la r\u00e9gion Auvergne-Rh\u00f4ne-Alpes.<\/p>\n<p>Votre r\u00e9gion, votre actu !<\/p>\n<p>Recevez chaque jour les infos qui comptent pour vous.<\/p>\n<p>\t<a href=\"https:\/\/actu.fr\/newsletter\" class=\"ac-btn ac-btn--corner ac-btn--medium ac-btn--blue800\" target=\"_blank\" rel=\"noopener\">S&rsquo;incrire<\/a><\/p>\n<p>    <img   decoding=\"async\" loading=\"lazy\" src=\"https:\/\/www.europesays.com\/fr\/wp-content\/uploads\/2025\/11\/whatsapp-image-2025-11-11-a-094859-e97fd8f4-960x640.jpg\" alt=\"Gendarmes et douaniers \u00e9taient positionn\u00e9s lundi au p\u00e9age de Veauchette sur l\u2019autoroute A72.\" width=\"960\" height=\"640\"\/><br \/>\n    Gendarmes et douaniers \u00e9taient positionn\u00e9s lundi au p\u00e9age de Veauchette sur l\u2019autoroute A72. (\u00a9Pr\u00e9fecture de la Loire)<\/p>\n<p class=\" wall-content\">La pr\u00e9sence du chef d\u2019escadron <strong>Yannic Mohr<\/strong>, premier commandant de l\u2019escadron d\u00e9partemental de contr\u00f4le des flux (EDCF), est aussi \u00e0 signaler.<\/p>\n<p class=\" wall-content\">L\u2019EDCF remplace depuis le 1er\u00a0octobre 2025 l\u2019EDSR (escadron d\u00e9partemental de la s\u00e9curit\u00e9 routi\u00e8re), avec des missions \u00e9largies \u00e0 l\u2019ensemble des mobilit\u00e9s, et la vocation de traiter tout le spectre de la d\u00e9linquance.<\/p>\n<p class=\" wall-content\">Personnalisez votre actualit\u00e9 en ajoutant vos villes et m\u00e9dias en favori avec <a href=\"https:\/\/moncompte.actu.fr\" title=\"D\u00e9couvez Mon Actu\" rel=\"nofollow noopener\" data-trk=\"{&quot;cta&quot;:{&quot;action&quot;:&quot;https:\\\/\\\/moncompte.actu.fr&quot;,&quot;category&quot;:&quot;mon compte&quot;,&quot;from&quot;:&quot;article footer&quot;,&quot;name&quot;:&quot;Mon actu&quot;,&quot;type&quot;:&quot;cta&quot;}}\" target=\"_blank\">Mon Actu<\/a>.<\/p>\n","protected":false},"excerpt":{"rendered":"Par Mathias Souteyrat Publi\u00e9 le 12 nov. 2025 \u00e0 10h25 ; mis \u00e0 jour le 12 nov. 2025&hellip;\n","protected":false},"author":2,"featured_media":529017,"comment_status":"","ping_status":"","sticky":false,"template":"","format":"standard","meta":{"footnotes":""},"categories":[9653],"tags":[1111,11,18457,2430,1777,674,118,1011,27,3381,12,25,4001],"class_list":{"0":"post-529016","1":"post","2":"type-post","3":"status-publish","4":"format-standard","5":"has-post-thumbnail","7":"category-saint-etienne","8":"tag-actu","9":"tag-actualites","10":"tag-autoroute-72-a72","11":"tag-auvergne-rhone-alpes","12":"tag-eu","13":"tag-europe","14":"tag-faits-divers","15":"tag-fr","16":"tag-france","17":"tag-gendarmerie","18":"tag-news","19":"tag-republique-francaise","20":"tag-saint-etienne"},"share_on_mastodon":{"url":"https:\/\/pubeurope.com\/@fr\/115536338432167253","error":""},"_links":{"self":[{"href":"https:\/\/www.europesays.com\/fr\/wp-json\/wp\/v2\/posts\/529016","targetHints":{"allow":["GET"]}}],"collection":[{"href":"https:\/\/www.europesays.com\/fr\/wp-json\/wp\/v2\/posts"}],"about":[{"href":"https:\/\/www.europesays.com\/fr\/wp-json\/wp\/v2\/types\/post"}],"author":[{"embeddable":true,"href":"https:\/\/www.europesays.com\/fr\/wp-json\/wp\/v2\/users\/2"}],"replies":[{"embeddable":true,"href":"https:\/\/www.europesays.com\/fr\/wp-json\/wp\/v2\/comments?post=529016"}],"version-history":[{"count":0,"href":"https:\/\/www.europesays.com\/fr\/wp-json\/wp\/v2\/posts\/529016\/revisions"}],"wp:featuredmedia":[{"embeddable":true,"href":"https:\/\/www.europesays.com\/fr\/wp-json\/wp\/v2\/media\/529017"}],"wp:attachment":[{"href":"https:\/\/www.europesays.com\/fr\/wp-json\/wp\/v2\/media?parent=529016"}],"wp:term":[{"taxonomy":"category","embeddable":true,"href":"https:\/\/www.europesays.com\/fr\/wp-json\/wp\/v2\/categories?post=529016"},{"taxonomy":"post_tag","embeddable":true,"href":"https:\/\/www.europesays.com\/fr\/wp-json\/wp\/v2\/tags?post=529016"}],"curies":[{"name":"wp","href":"https:\/\/api.w.org\/{rel}","templated":true}]}}