{"id":529018,"date":"2025-11-12T10:51:20","date_gmt":"2025-11-12T10:51:20","guid":{"rendered":"https:\/\/www.europesays.com\/fr\/529018\/"},"modified":"2025-11-12T10:51:20","modified_gmt":"2025-11-12T10:51:20","slug":"voici-ou-ca-va-le-plus-souffler","status":"publish","type":"post","link":"https:\/\/www.europesays.com\/fr\/529018\/","title":{"rendered":"voici o\u00f9 \u00e7a va le plus souffler"},"content":{"rendered":"<p>            Par<br \/>\n        <strong><br \/>\n            <a href=\"https:\/\/actu.fr\/auteur\/mathias-souteyrat\" title=\"Consulter tous les articles de Mathias Souteyrat\" rel=\"nofollow noopener\" target=\"_blank\">Mathias Souteyrat<\/a><br \/>\n        <\/strong><\/p>\n<p>        Publi\u00e9 le<\/p>\n<p>            12 nov. 2025 \u00e0 11h30        <\/p>\n<p>D\u2019ici \u00e0 la fin de semaine, les temp\u00e9ratures vont grimper en fl\u00e8che dans le d\u00e9partement de la Loire, o\u00f9 les normales de saison seront largement d\u00e9pass\u00e9es. Des <a href=\"https:\/\/actu.fr\/auvergne-rhone-alpes\/saint-etienne_42218\/meteo-des-temperatures-exceptionnelles-vont-toucher-la-loire-voici-a-quoi-s-attendre_63419576.html\" rel=\"nofollow noopener\" target=\"_blank\">temp\u00e9ratures \u00ab\u00a0exceptionnelles\u00a0\u00bb<\/a> vont toucher le d\u00e9partement.<\/p>\n<p class=\" wall-content\">Ce mercredi 12 novembre \u00e0 midi jusqu\u2019au jeudi 13 novembre au soir, M\u00e9t\u00e9o France place des d\u00e9partements de la r\u00e9gion Auvergne-Rh\u00f4ne-Alpes, dont le Puy-de-D\u00f4me, le Rh\u00f4ne, l\u2019Is\u00e8re ou l\u2019Ain, en alerte jaune aux <a href=\"https:\/\/actu.fr\/meteo\/tempete-claudia-un-vent-violent-va-balayer-une-quinzaine-de-departements-en-vigilance-ce-mercredi_63424136.html\" rel=\"nofollow noopener\" target=\"_blank\">vents violents<\/a>.<\/p>\n<p>Autour du golfe du Lion jusqu\u2019au sud du Massif central<\/p>\n<p class=\" wall-content\">Autour du golfe du Lion jusqu\u2019au sud du Massif central, les entr\u00e9es maritimes sont compactes et commencent \u00e0 donner un peu de pluie, port\u00e9es par un vent de sud-est \u00e0 50 \u00e0 70 km\/h.<\/p>\n<p class=\" wall-content\">M\u00e9t\u00e9o France a en effet plac\u00e9 16 d\u00e9partements en vigilance jaune pour vent violent :<\/p>\n<ul class=\" wall-content\">\n<li>Ain (01)<\/li>\n<li>Allier (03)<\/li>\n<li>Ari\u00e8ge (09)<\/li>\n<li>Aveyron (12)<\/li>\n<li>Cantal (15)<\/li>\n<li>Haute-Garonne (31)<\/li>\n<li>Is\u00e8re (38)<\/li>\n<li>Jura (39)<\/li>\n<li>Loire (42)<\/li>\n<li>Haute-Loire (43)<\/li>\n<li>Puy-de-D\u00f4me (63)<\/li>\n<li>Pyr\u00e9n\u00e9es-Atlantiques (64)<\/li>\n<li>Hautes-Pyr\u00e9n\u00e9es (65)<\/li>\n<li>Rh\u00f4ne (69)<\/li>\n<li>Sa\u00f4ne-et-Loire (71)<\/li>\n<li>Tarn (81)<\/li>\n<\/ul>\n<p>Localement 90 km\/h sur les cr\u00eates des reliefs lig\u00e9riens<\/p>\n<p class=\" wall-content\">Selon M\u00e9t\u00e9o Loire, le vent de secteur sud soufflera entre 30 et 70 km\/h, localement 80 \u00e0 90 km\/h sur les cr\u00eates de nos reliefs.\u00a0<\/p>\n<p class=\" wall-content\">Le temps de jeudi devrait \u00eatre similaire \u00e0 mercredi. \u00ab\u00a0Un doute subsiste sur l\u2019\u00e9paisseur du voile nuageux qui pourrait \u00eatre plus \u00e9pais en raison de la pr\u00e9sence de sable du Sahara.\u00a0\u00bb<\/p>\n<p>Votre r\u00e9gion, votre actu !<\/p>\n<p>Recevez chaque jour les infos qui comptent pour vous.<\/p>\n<p>\t<a href=\"https:\/\/actu.fr\/newsletter\" class=\"ac-btn ac-btn--corner ac-btn--medium ac-btn--blue800\" rel=\"nofollow noopener\" target=\"_blank\">S&rsquo;incrire<\/a><\/p>\n<p class=\" wall-content\">Le vent de secteur sud soufflera pour cette journ\u00e9e entre 40 et 75 km\/h.<\/p>\n<p class=\" wall-content\">Personnalisez votre actualit\u00e9 en ajoutant vos villes et m\u00e9dias en favori avec <a href=\"https:\/\/moncompte.actu.fr\" title=\"D\u00e9couvez Mon Actu\" rel=\"nofollow noopener\" data-trk=\"{&quot;cta&quot;:{&quot;action&quot;:&quot;https:\\\/\\\/moncompte.actu.fr&quot;,&quot;category&quot;:&quot;mon compte&quot;,&quot;from&quot;:&quot;article footer&quot;,&quot;name&quot;:&quot;Mon actu&quot;,&quot;type&quot;:&quot;cta&quot;}}\" target=\"_blank\">Mon Actu<\/a>.<\/p>\n","protected":false},"excerpt":{"rendered":"Par Mathias Souteyrat Publi\u00e9 le 12 nov. 2025 \u00e0 11h30 D\u2019ici \u00e0 la fin de semaine, les temp\u00e9ratures&hellip;\n","protected":false},"author":2,"featured_media":529019,"comment_status":"","ping_status":"","sticky":false,"template":"","format":"standard","meta":{"footnotes":""},"categories":[9653],"tags":[1111,11,2430,1777,674,1011,27,2487,2357,12,25,4001],"class_list":{"0":"post-529018","1":"post","2":"type-post","3":"status-publish","4":"format-standard","5":"has-post-thumbnail","7":"category-saint-etienne","8":"tag-actu","9":"tag-actualites","10":"tag-auvergne-rhone-alpes","11":"tag-eu","12":"tag-europe","13":"tag-fr","14":"tag-france","15":"tag-meteo","16":"tag-meteo-france","17":"tag-news","18":"tag-republique-francaise","19":"tag-saint-etienne"},"share_on_mastodon":{"url":"https:\/\/pubeurope.com\/@fr\/115536349307187184","error":""},"_links":{"self":[{"href":"https:\/\/www.europesays.com\/fr\/wp-json\/wp\/v2\/posts\/529018","targetHints":{"allow":["GET"]}}],"collection":[{"href":"https:\/\/www.europesays.com\/fr\/wp-json\/wp\/v2\/posts"}],"about":[{"href":"https:\/\/www.europesays.com\/fr\/wp-json\/wp\/v2\/types\/post"}],"author":[{"embeddable":true,"href":"https:\/\/www.europesays.com\/fr\/wp-json\/wp\/v2\/users\/2"}],"replies":[{"embeddable":true,"href":"https:\/\/www.europesays.com\/fr\/wp-json\/wp\/v2\/comments?post=529018"}],"version-history":[{"count":0,"href":"https:\/\/www.europesays.com\/fr\/wp-json\/wp\/v2\/posts\/529018\/revisions"}],"wp:featuredmedia":[{"embeddable":true,"href":"https:\/\/www.europesays.com\/fr\/wp-json\/wp\/v2\/media\/529019"}],"wp:attachment":[{"href":"https:\/\/www.europesays.com\/fr\/wp-json\/wp\/v2\/media?parent=529018"}],"wp:term":[{"taxonomy":"category","embeddable":true,"href":"https:\/\/www.europesays.com\/fr\/wp-json\/wp\/v2\/categories?post=529018"},{"taxonomy":"post_tag","embeddable":true,"href":"https:\/\/www.europesays.com\/fr\/wp-json\/wp\/v2\/tags?post=529018"}],"curies":[{"name":"wp","href":"https:\/\/api.w.org\/{rel}","templated":true}]}}