{"id":529026,"date":"2025-11-12T11:09:11","date_gmt":"2025-11-12T11:09:11","guid":{"rendered":"https:\/\/www.europesays.com\/fr\/529026\/"},"modified":"2025-11-12T11:09:11","modified_gmt":"2025-11-12T11:09:11","slug":"a-rouen-elle-est-tellement-ivre-au-volant-quelle-sendort-dans-un-endroit-incongru","status":"publish","type":"post","link":"https:\/\/www.europesays.com\/fr\/529026\/","title":{"rendered":"\u00c0 Rouen, elle est tellement ivre au volant qu&rsquo;elle s&rsquo;endort dans un endroit incongru"},"content":{"rendered":"<p>            Par<br \/>\n        <strong><br \/>\n            <a href=\"https:\/\/actu.fr\/auteur\/julien-bouteiller\" title=\"Consulter tous les articles de Julien Bouteiller\" target=\"_blank\" rel=\"noopener\">Julien Bouteiller<\/a><br \/>\n        <\/strong><\/p>\n<p>        Publi\u00e9 le<\/p>\n<p>            12 nov. 2025 \u00e0 11h27        <\/p>\n<p><strong>La soir\u00e9e a d\u00fb \u00eatre particuli\u00e8rement anim\u00e9e\u2026<\/strong> Une jeune femme a \u00e9t\u00e9 interpell\u00e9e \u00e0 <a href=\"https:\/\/actu.fr\/normandie\/rouen_76540\" target=\"_blank\" rel=\"noopener\">Rouen<\/a>, dans la nuit du 10 au 11 novembre 2025, <strong>apr\u00e8s s\u2019\u00eatre endormie ivre au volant<\/strong>, dans un endroit particuli\u00e8rement incongru et dangereux.<\/p>\n<p>Elle s\u2019endort au volant\u2026 dans un tunnel !<\/p>\n<p class=\" wall-content\">Selon une source polici\u00e8re, une patrouille est appel\u00e9e vers 4h10 du matin \u00e0 se rendre<strong> dans le tunnel de la Grand Mare<\/strong>, pour \u00ab\u00a0un v\u00e9hicule accident\u00e9 stationn\u00e9 sur le bas-c\u00f4t\u00e9\u00a0\u00bb.<\/p>\n<p class=\" wall-content\">Sur place, les policiers trouvent bien une voiture, \u00ab\u00a0dont la roue avant droite est d\u00e9jant\u00e9e\u00a0\u00bb. Mais surtout, au volant, <strong>une jeune conductrice\u2026 endormie !<\/strong><\/p>\n<p class=\" wall-content\">\u00ab\u00a0Ils tentent de la r\u00e9veiller et constatent que son haleine sent fortement l\u2019alcool. Elle est compl\u00e8tement ivre\u00a0\u00bb, d\u00e9taille notre source. Ivre au point qu\u2019elle est <strong>\u00ab\u00a0dans l\u2019incapacit\u00e9 de souffler dans l\u2019\u00e9thylom\u00e8tre\u00a0\u00bb.<\/strong><\/p>\n<p class=\" wall-content\">C\u2019est donc au poste que se finira sa nuit d\u2019ivresse, en attendant le retour des pr\u00e9l\u00e8vements sanguins \u00e9valuant son alcool\u00e9mie.<\/p>\n<p>Vid\u00e9os : en ce moment sur ActuSuivez l\u2019actualit\u00e9 de Rouen <a href=\"https:\/\/www.whatsapp.com\/channel\/0029VaKfnf99hXF2ddApFB1D\" target=\"_blank\" rel=\"noopener\">sur notre cha\u00eene WhatsApp<\/a> et <a href=\"https:\/\/www.tiktok.com\/@76actu.fr?lang=fr\" target=\"_blank\" rel=\"noopener\">sur notre compte TikTok<\/a><\/p>\n<p class=\" wall-content\">Personnalisez votre actualit\u00e9 en ajoutant vos villes et m\u00e9dias en favori avec <a href=\"https:\/\/moncompte.actu.fr\" title=\"D\u00e9couvez Mon Actu\" rel=\"nofollow noopener\" data-trk=\"{&quot;cta&quot;:{&quot;action&quot;:&quot;https:\\\/\\\/moncompte.actu.fr&quot;,&quot;category&quot;:&quot;mon compte&quot;,&quot;from&quot;:&quot;article footer&quot;,&quot;name&quot;:&quot;Mon actu&quot;,&quot;type&quot;:&quot;cta&quot;}}\" target=\"_blank\">Mon Actu<\/a>.<\/p>\n<p>                    <script async src=\"\/\/www.tiktok.com\/embed.js\"><\/script><\/p>\n","protected":false},"excerpt":{"rendered":"Par Julien Bouteiller Publi\u00e9 le 12 nov. 2025 \u00e0 11h27 La soir\u00e9e a d\u00fb \u00eatre particuli\u00e8rement anim\u00e9e\u2026 Une&hellip;\n","protected":false},"author":2,"featured_media":529027,"comment_status":"","ping_status":"","sticky":false,"template":"","format":"standard","meta":{"footnotes":""},"categories":[9587],"tags":[1111,11,5702,1777,674,118,1011,27,1757,12,5161,1072,25,9590],"class_list":{"0":"post-529026","1":"post","2":"type-post","3":"status-publish","4":"format-standard","5":"has-post-thumbnail","7":"category-rouen","8":"tag-actu","9":"tag-actualites","10":"tag-alcool","11":"tag-eu","12":"tag-europe","13":"tag-faits-divers","14":"tag-fr","15":"tag-france","16":"tag-insolite","17":"tag-news","18":"tag-normandie","19":"tag-police","20":"tag-republique-francaise","21":"tag-rouen"},"share_on_mastodon":{"url":"","error":""},"_links":{"self":[{"href":"https:\/\/www.europesays.com\/fr\/wp-json\/wp\/v2\/posts\/529026","targetHints":{"allow":["GET"]}}],"collection":[{"href":"https:\/\/www.europesays.com\/fr\/wp-json\/wp\/v2\/posts"}],"about":[{"href":"https:\/\/www.europesays.com\/fr\/wp-json\/wp\/v2\/types\/post"}],"author":[{"embeddable":true,"href":"https:\/\/www.europesays.com\/fr\/wp-json\/wp\/v2\/users\/2"}],"replies":[{"embeddable":true,"href":"https:\/\/www.europesays.com\/fr\/wp-json\/wp\/v2\/comments?post=529026"}],"version-history":[{"count":0,"href":"https:\/\/www.europesays.com\/fr\/wp-json\/wp\/v2\/posts\/529026\/revisions"}],"wp:featuredmedia":[{"embeddable":true,"href":"https:\/\/www.europesays.com\/fr\/wp-json\/wp\/v2\/media\/529027"}],"wp:attachment":[{"href":"https:\/\/www.europesays.com\/fr\/wp-json\/wp\/v2\/media?parent=529026"}],"wp:term":[{"taxonomy":"category","embeddable":true,"href":"https:\/\/www.europesays.com\/fr\/wp-json\/wp\/v2\/categories?post=529026"},{"taxonomy":"post_tag","embeddable":true,"href":"https:\/\/www.europesays.com\/fr\/wp-json\/wp\/v2\/tags?post=529026"}],"curies":[{"name":"wp","href":"https:\/\/api.w.org\/{rel}","templated":true}]}}