{"id":52903,"date":"2025-04-25T23:04:30","date_gmt":"2025-04-25T23:04:30","guid":{"rendered":"https:\/\/www.europesays.com\/fr\/52903\/"},"modified":"2025-04-25T23:04:30","modified_gmt":"2025-04-25T23:04:30","slug":"laxou-le-festival-la-carte-de-la-memoire-celebre-lamitie-franco-armenienne","status":"publish","type":"post","link":"https:\/\/www.europesays.com\/fr\/52903\/","title":{"rendered":"Laxou. Le festival \u00ab\u00a0la carte de la m\u00e9moire\u00a0\u00bb c\u00e9l\u00e8bre l\u2019amiti\u00e9 franco-arm\u00e9nienne"},"content":{"rendered":"<p>Laurent Garcia, le maire de Laxou a re\u00e7u, \u00e0 la m\u00e9diath\u00e8que G\u00e9rard-Thirion, Andr\u00e9 Nersier, commissaire aux affaires de la diaspora arm\u00e9nienne dans les \u00c9tats \u00e9trangers aupr\u00e8s de la R\u00e9publique d\u2019Arm\u00e9nie et pr\u00e9sident de l\u2019association \u00ab\u00a0Diaspora du Grand-Est\u00a0\u00bb, pour le lancement officiel du festival r\u00e9gional franco-arm\u00e9nien \u00ab\u00a0La carte de la m\u00e9moire\u00a0\u00bb.<\/p>\n<p>Un festival qui se tient <strong>du 23\u00a0avril au 10\u00a0mai<\/strong> conjointement \u00e0 Laxou, Nancy et Strasbourg, et qui c\u00e9l\u00e8bre \u00ab\u00a0les liens&#8230;<\/p>\n","protected":false},"excerpt":{"rendered":"Laurent Garcia, le maire de Laxou a re\u00e7u, \u00e0 la m\u00e9diath\u00e8que G\u00e9rard-Thirion, Andr\u00e9 Nersier, commissaire aux affaires de&hellip;\n","protected":false},"author":2,"featured_media":52904,"comment_status":"","ping_status":"","sticky":false,"template":"","format":"standard","meta":{"footnotes":""},"categories":[9635],"tags":[1111,11,1687,1704,1777,674,2271,1011,27,775,10426,10262,1702,12,25],"class_list":{"0":"post-52903","1":"post","2":"type-post","3":"status-publish","4":"format-standard","5":"has-post-thumbnail","7":"category-nancy","8":"tag-actu","9":"tag-actualites","10":"tag-culture-loisirs","11":"tag-edition-nancy-et-agglomeration","12":"tag-eu","13":"tag-europe","14":"tag-exposition-arts-plastiques","15":"tag-fr","16":"tag-france","17":"tag-grand-est","18":"tag-laxou","19":"tag-metropole-du-grand-nancy-54b5","20":"tag-nancy","21":"tag-news","22":"tag-republique-francaise"},"share_on_mastodon":{"url":"https:\/\/pubeurope.com\/@fr\/114401107178586158","error":""},"_links":{"self":[{"href":"https:\/\/www.europesays.com\/fr\/wp-json\/wp\/v2\/posts\/52903","targetHints":{"allow":["GET"]}}],"collection":[{"href":"https:\/\/www.europesays.com\/fr\/wp-json\/wp\/v2\/posts"}],"about":[{"href":"https:\/\/www.europesays.com\/fr\/wp-json\/wp\/v2\/types\/post"}],"author":[{"embeddable":true,"href":"https:\/\/www.europesays.com\/fr\/wp-json\/wp\/v2\/users\/2"}],"replies":[{"embeddable":true,"href":"https:\/\/www.europesays.com\/fr\/wp-json\/wp\/v2\/comments?post=52903"}],"version-history":[{"count":0,"href":"https:\/\/www.europesays.com\/fr\/wp-json\/wp\/v2\/posts\/52903\/revisions"}],"wp:featuredmedia":[{"embeddable":true,"href":"https:\/\/www.europesays.com\/fr\/wp-json\/wp\/v2\/media\/52904"}],"wp:attachment":[{"href":"https:\/\/www.europesays.com\/fr\/wp-json\/wp\/v2\/media?parent=52903"}],"wp:term":[{"taxonomy":"category","embeddable":true,"href":"https:\/\/www.europesays.com\/fr\/wp-json\/wp\/v2\/categories?post=52903"},{"taxonomy":"post_tag","embeddable":true,"href":"https:\/\/www.europesays.com\/fr\/wp-json\/wp\/v2\/tags?post=52903"}],"curies":[{"name":"wp","href":"https:\/\/api.w.org\/{rel}","templated":true}]}}