{"id":529030,"date":"2025-11-12T11:10:17","date_gmt":"2025-11-12T11:10:17","guid":{"rendered":"https:\/\/www.europesays.com\/fr\/529030\/"},"modified":"2025-11-12T11:10:17","modified_gmt":"2025-11-12T11:10:17","slug":"rouen-un-homme-grievement-brule-apres-un-incendie-a-la-station-service-linfo-re","status":"publish","type":"post","link":"https:\/\/www.europesays.com\/fr\/529030\/","title":{"rendered":"Rouen : un homme gri\u00e8vement br\u00fbl\u00e9 apr\u00e8s un incendie \u00e0 la station-service &#8211; LINFO.re"},"content":{"rendered":"<p>Un drame s\u2019est produit pr\u00e8s de Rouen. Les circonstances pr\u00e9cises de l\u2019incendie restent encore floues, mais une enqu\u00eate est en cours pour comprendre ce qui s\u2019est pass\u00e9.<\/p>\n<p>\t\t\t\t\t\t<strong>Un <a href=\"https:\/\/www.linfo.re\/tags\/incendie\" target=\"_blank\" rel=\"noopener\">incendie<\/a> soudain \u00e0 Buchy<\/strong><\/p>\n<p style=\"text-align: justify;\">L\u2019accident s\u2019est produit ce lundi 10 novembre, dans l\u2019apr\u00e8s-midi, sur le site d\u2019une station-service d\u2019un supermarch\u00e9 \u00e0 Buchy, en Seine-Maritime. L\u2019homme, qui faisait le plein de son v\u00e9hicule, a subitement pris feu. Rapidement secouru, il a \u00e9t\u00e9 transport\u00e9 vers le CHU de <a href=\"https:\/\/www.linfo.re\/tags\/rouen\" target=\"_blank\" rel=\"noopener\"><strong>Rouen<\/strong><\/a> dans un \u00e9tat critique.<\/p>\n<p><strong>Une enqu\u00eate pour d\u00e9terminer la cause<\/strong><\/p>\n<p style=\"text-align: justify;\">Selon les autorit\u00e9s, rien ne permet encore d\u2019expliquer comment l\u2019<strong>incendie<\/strong> s\u2019est d\u00e9clench\u00e9. Le chef d\u2019escadron Alexandre Paysage a pr\u00e9cis\u00e9 que l\u2019enqu\u00eate devra \u00e9claircir les circonstances exactes du drame. Les t\u00e9moins, boulevers\u00e9s, ont r\u00e9agi imm\u00e9diatement en \u00e9touffant les flammes avec des v\u00eatements, un geste qui a pu limiter la gravit\u00e9 des br\u00fblures.<\/p>\n<p><strong>Soutien aux t\u00e9moins<\/strong><\/p>\n<p style=\"text-align: justify;\">Une cellule psychologique a \u00e9t\u00e9 mise en place pour les personnes pr\u00e9sentes sur les lieux. Le chef du centre a indiqu\u00e9 qu\u2019aucun d\u00e9g\u00e2t mat\u00e9riel n\u2019avait \u00e9t\u00e9 constat\u00e9 sur le v\u00e9hicule ou les installations. \u00ab\u00a0Ni le v\u00e9hicule de la victime ni la station n\u2019ont \u00e9t\u00e9 impact\u00e9s par les flammes\u00a0\u00bb,\u00a0a-t-il expliqu\u00e9. La station-service a pu rouvrir en fin d\u2019apr\u00e8s-midi, apr\u00e8s la s\u00e9curisation compl\u00e8te de la zone.<\/p>\n<p style=\"text-align: justify;\">Sources\u00a0: Sud Ouest, Midi Libre<\/p>\n<p style=\"text-align: justify;\">Voir notre dossier sur les <a href=\"https:\/\/www.linfo.re\/france\/faits-divers\/\" target=\"_blank\" rel=\"noopener\">faits divers en France<\/a><\/p>\n","protected":false},"excerpt":{"rendered":"Un drame s\u2019est produit pr\u00e8s de Rouen. Les circonstances pr\u00e9cises de l\u2019incendie restent encore floues, mais une enqu\u00eate&hellip;\n","protected":false},"author":2,"featured_media":529031,"comment_status":"","ping_status":"","sticky":false,"template":"","format":"standard","meta":{"footnotes":""},"categories":[9587],"tags":[1111,47,11,1777,674,118,1011,27,1310,1922,12,5161,25,9590],"class_list":{"0":"post-529030","1":"post","2":"type-post","3":"status-publish","4":"format-standard","5":"has-post-thumbnail","7":"category-rouen","8":"tag-actu","9":"tag-actualite","10":"tag-actualites","11":"tag-eu","12":"tag-europe","13":"tag-faits-divers","14":"tag-fr","15":"tag-france","16":"tag-incendie","17":"tag-info","18":"tag-news","19":"tag-normandie","20":"tag-republique-francaise","21":"tag-rouen"},"share_on_mastodon":{"url":"https:\/\/pubeurope.com\/@fr\/115536424176317876","error":""},"_links":{"self":[{"href":"https:\/\/www.europesays.com\/fr\/wp-json\/wp\/v2\/posts\/529030","targetHints":{"allow":["GET"]}}],"collection":[{"href":"https:\/\/www.europesays.com\/fr\/wp-json\/wp\/v2\/posts"}],"about":[{"href":"https:\/\/www.europesays.com\/fr\/wp-json\/wp\/v2\/types\/post"}],"author":[{"embeddable":true,"href":"https:\/\/www.europesays.com\/fr\/wp-json\/wp\/v2\/users\/2"}],"replies":[{"embeddable":true,"href":"https:\/\/www.europesays.com\/fr\/wp-json\/wp\/v2\/comments?post=529030"}],"version-history":[{"count":0,"href":"https:\/\/www.europesays.com\/fr\/wp-json\/wp\/v2\/posts\/529030\/revisions"}],"wp:featuredmedia":[{"embeddable":true,"href":"https:\/\/www.europesays.com\/fr\/wp-json\/wp\/v2\/media\/529031"}],"wp:attachment":[{"href":"https:\/\/www.europesays.com\/fr\/wp-json\/wp\/v2\/media?parent=529030"}],"wp:term":[{"taxonomy":"category","embeddable":true,"href":"https:\/\/www.europesays.com\/fr\/wp-json\/wp\/v2\/categories?post=529030"},{"taxonomy":"post_tag","embeddable":true,"href":"https:\/\/www.europesays.com\/fr\/wp-json\/wp\/v2\/tags?post=529030"}],"curies":[{"name":"wp","href":"https:\/\/api.w.org\/{rel}","templated":true}]}}