{"id":529034,"date":"2025-11-12T11:12:16","date_gmt":"2025-11-12T11:12:16","guid":{"rendered":"https:\/\/www.europesays.com\/fr\/529034\/"},"modified":"2025-11-12T11:12:16","modified_gmt":"2025-11-12T11:12:16","slug":"des-fermetures-ponctuelles-autour-du-rondeau-ce-jeudi-13-puis-le-24-novembre","status":"publish","type":"post","link":"https:\/\/www.europesays.com\/fr\/529034\/","title":{"rendered":"des fermetures ponctuelles autour du Rondeau ce jeudi\u00a013 puis le 24\u00a0novembre"},"content":{"rendered":"<p>Si vous circulez dans le secteur du Rondeau ce jeudi, prenez vos dispositions. La direction interd\u00e9partementale des routes Centre-Est (Dirce) va proc\u00e9der \u00e0 des inspections r\u00e9glementaires apr\u00e8s la mise en service des nouvelles infrastructures r\u00e9alis\u00e9es dans le cadre de <a href=\"https:\/\/www.ledauphine.com\/d\/echangeur-du-rondeau-ou-en-est-le-chantier-95a8e06d-60b2-410a-b4e4-3210965d68d5\" target=\"_blank\" rel=\"nofollow noopener\">l\u2019op\u00e9ration du Rondeau<\/a>. En cons\u00e9quence, plusieurs bretelles seront ferm\u00e9es ponctuellement en journ\u00e9e afin de permettre l\u2019intervention des experts.<\/p>\n<p>Cela concerne les sections suivantes\u00a0: bretelle au niveau de l\u2019\u00e9changeur du Rondeau entre l\u2019A480 Nord (Lyon) en direction de la rocade sud\u00a0; bretelle au niveau de l\u2019\u00e9changeur du Rondeau entre l\u2019A480 Sud (Sisteron) en direction de la rocade sud\u00a0; bretelle au niveau de l\u2019\u00e9changeur du Rondeau entre la rocade sud (RN87) et l\u2019A480 Nord (Lyon)\u00a0; toutes les bretelles de l\u2019\u00e9changeur 8 Lib\u00e9ration\u00a0; les collectrices nouvellement cr\u00e9\u00e9es permettant de faire le lien entre la rocade sud (RN87) et Seyssins.<\/p>\n<p>Les inspections se d\u00e9rouleront ce jeudi 13\u00a0novembre en journ\u00e9e et le lundi 24\u00a0novembre en matin\u00e9e. \u00ab\u00a0Les fermetures seront ponctuelles, limit\u00e9es dans le temps et effectu\u00e9es en dehors des heures de pointe\u00a0\u00bb, pr\u00e9cise la Dirce qui invite \u00ab\u00a0\u00e0 la plus grande prudence sur la zone de chantier\u00a0\u00bb.<\/p>\n","protected":false},"excerpt":{"rendered":"Si vous circulez dans le secteur du Rondeau ce jeudi, prenez vos dispositions. La direction interd\u00e9partementale des routes&hellip;\n","protected":false},"author":2,"featured_media":529035,"comment_status":"","ping_status":"","sticky":false,"template":"","format":"standard","meta":{"footnotes":""},"categories":[9566],"tags":[1111,11,2430,3542,112,1777,674,1011,27,2731,2732,108,1985,12,25,2803],"class_list":{"0":"post-529034","1":"post","2":"type-post","3":"status-publish","4":"format-standard","5":"has-post-thumbnail","7":"category-grenoble","8":"tag-actu","9":"tag-actualites","10":"tag-auvergne-rhone-alpes","11":"tag-circulation","12":"tag-edition-grenoble-agglomeration","13":"tag-eu","14":"tag-europe","15":"tag-fr","16":"tag-france","17":"tag-grenoble","18":"tag-grenoble-bassin","19":"tag-isere","20":"tag-metropole-de-grenoble","21":"tag-news","22":"tag-republique-francaise","23":"tag-transport"},"share_on_mastodon":{"url":"https:\/\/pubeurope.com\/@fr\/115536431984037298","error":""},"_links":{"self":[{"href":"https:\/\/www.europesays.com\/fr\/wp-json\/wp\/v2\/posts\/529034","targetHints":{"allow":["GET"]}}],"collection":[{"href":"https:\/\/www.europesays.com\/fr\/wp-json\/wp\/v2\/posts"}],"about":[{"href":"https:\/\/www.europesays.com\/fr\/wp-json\/wp\/v2\/types\/post"}],"author":[{"embeddable":true,"href":"https:\/\/www.europesays.com\/fr\/wp-json\/wp\/v2\/users\/2"}],"replies":[{"embeddable":true,"href":"https:\/\/www.europesays.com\/fr\/wp-json\/wp\/v2\/comments?post=529034"}],"version-history":[{"count":0,"href":"https:\/\/www.europesays.com\/fr\/wp-json\/wp\/v2\/posts\/529034\/revisions"}],"wp:featuredmedia":[{"embeddable":true,"href":"https:\/\/www.europesays.com\/fr\/wp-json\/wp\/v2\/media\/529035"}],"wp:attachment":[{"href":"https:\/\/www.europesays.com\/fr\/wp-json\/wp\/v2\/media?parent=529034"}],"wp:term":[{"taxonomy":"category","embeddable":true,"href":"https:\/\/www.europesays.com\/fr\/wp-json\/wp\/v2\/categories?post=529034"},{"taxonomy":"post_tag","embeddable":true,"href":"https:\/\/www.europesays.com\/fr\/wp-json\/wp\/v2\/tags?post=529034"}],"curies":[{"name":"wp","href":"https:\/\/api.w.org\/{rel}","templated":true}]}}