{"id":529036,"date":"2025-11-12T11:13:09","date_gmt":"2025-11-12T11:13:09","guid":{"rendered":"https:\/\/www.europesays.com\/fr\/529036\/"},"modified":"2025-11-12T11:13:09","modified_gmt":"2025-11-12T11:13:09","slug":"stephane-bern-evoque-ce-celebre-edifice-de-rennes","status":"publish","type":"post","link":"https:\/\/www.europesays.com\/fr\/529036\/","title":{"rendered":"St\u00e9phane Bern \u00e9voque ce c\u00e9l\u00e8bre \u00e9difice de Rennes"},"content":{"rendered":"<p>            Par<br \/>\n        <strong><br \/>\n            <a href=\"https:\/\/actu.fr\/auteur\/laurene-fertin\" title=\"Consulter tous les articles de Laur\u00e8ne Fertin\" target=\"_blank\" rel=\"noopener\">Laur\u00e8ne Fertin<\/a><br \/>\n        <\/strong><\/p>\n<p>        Publi\u00e9 le<\/p>\n<p>            12 nov. 2025 \u00e0 11h46        <\/p>\n<p><strong>Une histoire hospitali\u00e8re<\/strong> de 150\u00a0ann\u00e9es, avant de devenir un tiers-lieu vivant\u2009: l\u2019H\u00f4tel-Dieu de Rennes est \u00e9voqu\u00e9 par le pr\u00e9sentateur de l\u2019Eurovision, du Village pr\u00e9f\u00e9r\u00e9 des Fran\u00e7ais ou encore de Secrets d\u2019Histoire mais aussi et surtout, <strong>sauveur du patrimoine<\/strong> fran\u00e7ais, <a href=\"https:\/\/actu.fr\/tag\/stephane-bern\" target=\"_blank\" rel=\"noopener\">St\u00e9phane Bern<\/a>.<\/p>\n<p>\u00ab\u2009Un style n\u00e9oclassique \u00e0 la fois sobre et monumental\u2009\u00bb<\/p>\n<p class=\" wall-content\">\u00ab\u2009Construit en 1858 par <strong>Aristide Tourneux<\/strong>, cet immense h\u00f4pital rassemble quatre \u00e9tablissements v\u00e9tustes devenus insuffisants face aux besoins sanitaires d\u2019une ville en pleine expansion\u2009\u00bb, d\u00e9bute-t-il.<\/p>\n<p class=\" wall-content\"><a href=\"https:\/\/www.instagram.com\/p\/DQ3j24QjJ68\/embed\" title=\"Ouvrir le lien sur Instagram\" target=\"_blank\" rel=\"noopener\">Visualiser le contenu sur Instagram<\/a><\/p>\n<p class=\" wall-content\">Son architecture affiche un \u00ab\u2009style n\u00e9oclassique \u00e0 la fois <strong>sobre<\/strong> et <strong>monumental\u2009\u00bb.<\/strong> Jusqu\u2019aux ann\u00e9es 1970, les b\u00e2timents sont modernis\u00e9s\u2009: ils demeurent le \u00ab\u2009c\u0153ur m\u00e9dical\u2009\u00bb de Rennes.<\/p>\n<p>Un h\u00f4tel qui se r\u00e9invente<\/p>\n<p class=\" wall-content\">M\u00ealant \u00ab\u2009patrimoine et modernit\u00e9\u2009\u00bb, <a href=\"https:\/\/actu.fr\/bretagne\/rennes_35238\/hotel-dieu-a-rennes-de-nouveaux-travaux-lances-voici-a-quoi-va-ressembler-le-quartier_60785803.html\" target=\"_blank\" rel=\"noopener\">l\u2019H\u00f4tel-Dieu se r\u00e9invente<\/a> aujourd\u2019hui en \u00ab\u2009un tiers-lieu vivant\u2009\u00bb, expose St\u00e9phane Bern.<\/p>\n<p class=\" wall-content\">Nous vous en parlions en effet dans cet article\u2009: <a href=\"https:\/\/actu.fr\/bretagne\/rennes_35238\/rennes-reportage-en-images-au-coeur-des-travaux-de-rehabilitation-de-l-hotel-dieu_61290205.html\" target=\"_blank\" rel=\"noopener\">le c\u00e9l\u00e8bre h\u00f4tel se transforme<\/a> accueillant le <strong>restaurant<\/strong> Origines et <a href=\"https:\/\/actu.fr\/bretagne\/rennes_35238\/romain-joly-chef-d-origines-a-rennes-on-ne-fait-pas-le-choix-de-la-simplicite-mais-de-valeurs-fortes_63334168.html\" target=\"_blank\" rel=\"noopener\">son chef Romain Joly<\/a>, une salle d\u2019escalade, un h\u00f4tel, un espace de coworking, sans oublier la salle d\u2019escalade.<\/p>\n<p class=\" wall-content\">Personnalisez votre actualit\u00e9 en ajoutant vos villes et m\u00e9dias en favori avec <a href=\"https:\/\/moncompte.actu.fr\" title=\"D\u00e9couvez Mon Actu\" rel=\"nofollow noopener\" data-trk=\"{&quot;cta&quot;:{&quot;action&quot;:&quot;https:\\\/\\\/moncompte.actu.fr&quot;,&quot;category&quot;:&quot;mon compte&quot;,&quot;from&quot;:&quot;article footer&quot;,&quot;name&quot;:&quot;Mon actu&quot;,&quot;type&quot;:&quot;cta&quot;}}\" target=\"_blank\">Mon Actu<\/a>.<\/p>\n<p>                    <script async src=\"\/\/www.instagram.com\/embed.js\"><\/script><\/p>\n","protected":false},"excerpt":{"rendered":"Par Laur\u00e8ne Fertin Publi\u00e9 le 12 nov. 2025 \u00e0 11h46 Une histoire hospitali\u00e8re de 150\u00a0ann\u00e9es, avant de devenir&hellip;\n","protected":false},"author":2,"featured_media":529037,"comment_status":"","ping_status":"","sticky":false,"template":"","format":"standard","meta":{"footnotes":""},"categories":[2821],"tags":[1111,11,829,1777,674,1011,27,41890,1652,12,2551,584,25,18875],"class_list":{"0":"post-529036","1":"post","2":"type-post","3":"status-publish","4":"format-standard","5":"has-post-thumbnail","7":"category-rennes","8":"tag-actu","9":"tag-actualites","10":"tag-bretagne","11":"tag-eu","12":"tag-europe","13":"tag-fr","14":"tag-france","15":"tag-hotel-dieu","16":"tag-loisirs-culture","17":"tag-news","18":"tag-patrimoine","19":"tag-rennes","20":"tag-republique-francaise","21":"tag-stephane-bern"},"share_on_mastodon":{"url":"https:\/\/pubeurope.com\/@fr\/115536435901472809","error":""},"_links":{"self":[{"href":"https:\/\/www.europesays.com\/fr\/wp-json\/wp\/v2\/posts\/529036","targetHints":{"allow":["GET"]}}],"collection":[{"href":"https:\/\/www.europesays.com\/fr\/wp-json\/wp\/v2\/posts"}],"about":[{"href":"https:\/\/www.europesays.com\/fr\/wp-json\/wp\/v2\/types\/post"}],"author":[{"embeddable":true,"href":"https:\/\/www.europesays.com\/fr\/wp-json\/wp\/v2\/users\/2"}],"replies":[{"embeddable":true,"href":"https:\/\/www.europesays.com\/fr\/wp-json\/wp\/v2\/comments?post=529036"}],"version-history":[{"count":0,"href":"https:\/\/www.europesays.com\/fr\/wp-json\/wp\/v2\/posts\/529036\/revisions"}],"wp:featuredmedia":[{"embeddable":true,"href":"https:\/\/www.europesays.com\/fr\/wp-json\/wp\/v2\/media\/529037"}],"wp:attachment":[{"href":"https:\/\/www.europesays.com\/fr\/wp-json\/wp\/v2\/media?parent=529036"}],"wp:term":[{"taxonomy":"category","embeddable":true,"href":"https:\/\/www.europesays.com\/fr\/wp-json\/wp\/v2\/categories?post=529036"},{"taxonomy":"post_tag","embeddable":true,"href":"https:\/\/www.europesays.com\/fr\/wp-json\/wp\/v2\/tags?post=529036"}],"curies":[{"name":"wp","href":"https:\/\/api.w.org\/{rel}","templated":true}]}}