{"id":529040,"date":"2025-11-12T11:15:20","date_gmt":"2025-11-12T11:15:20","guid":{"rendered":"https:\/\/www.europesays.com\/fr\/529040\/"},"modified":"2025-11-12T11:15:20","modified_gmt":"2025-11-12T11:15:20","slug":"strasbourg-rassemblement-contre-les-violences-faites-aux-enfants-samedi","status":"publish","type":"post","link":"https:\/\/www.europesays.com\/fr\/529040\/","title":{"rendered":"Strasbourg. Rassemblement contre les violences faites aux enfants samedi"},"content":{"rendered":"<p class=\"wp-block-post-excerpt__excerpt\">Samedi 15 novembre \u00e0 Strasbourg, plusieurs associations se mobilisent contre les violences faites aux enfants et aux adolescents dans le cadre d\u2019un appel national. <\/p>\n<p class=\"font-sans\">\n\t\t\tCet article est en acc\u00e8s libre. Pour soutenir Rue89 Strasbourg,<br \/>\n\t\t\t<a class=\"underline\" href=\"https:\/\/www.rue89strasbourg.com\/abonnement\" rel=\"nofollow noopener\" target=\"_blank\">abonnez-vous<\/a>.\n\t\t<\/p>\n<p>Sophia Boudjelida<\/p>\n<p>Publi\u00e9 le 12 novembre 2025\u00a0\u00a0\u00b7\u00a0\u00a0<\/p>\n<p>Imprim\u00e9 le 12 novembre 2025 \u00e0 11h51\u00a0\u00a0\u00b7\u00a0\u00a0<\/p>\n<p>\t\t\t\t\t1\u00a0minute\n<\/p>\n<p>Ouvrons les guillemets, Union solidaire d\u2019Alsace ou encore le Bloc r\u00e9volutionnaire insurrectionnel f\u00e9ministe (Brif) Strasbourg sont parmi la dizaine de collectifs qui organise un rassemblement pour sensibiliser et alerter sur les brutalit\u00e9s dont sont victimes certains enfants et adolescents. Le rendez-vous avec atelier pancartes, go\u00fbter participatif, jeux et prises de parole libres est donn\u00e9 samedi 15 novembre \u00e0 14h, place Dauphine, devant le centre commercial Riv\u00e9toile, \u00e0 Strasbourg. <\/p>\n<p>Ce rassemblement r\u00e9pond \u00e0 l\u2019appel de la coalition Manifenfantiste, qui a appel\u00e9 \u00e0 des mobilisations similaires dans toute la France. Selon ce collectif, 77 organisations dans 34 villes en France participent \u00e0 l\u2019appel 2025.<\/p>\n<p>Strasbourg y participe pour la premi\u00e8re fois mais sans cort\u00e8ge dans les rues car la manifestation \u00ab\u00a0a \u00e9t\u00e9 organis\u00e9e en une semaine seulement\u00a0\u00bb d\u00e9taille Emma Sengel, cofondatrice d\u2019Ouvrons les guillemets, une association strasbourgeoise \u00ab\u00a0fond\u00e9e en 2022 par des victimes pour les victimes de violences sexuelles\u00a0\u00bb.<\/p>\n<p><a href=\"https:\/\/onpe.france-enfance-protegee.fr\/les-chiffres\/maltraitance-infantile-intrafamiliale\/les-chiffres-nationaux\/\" rel=\"nofollow noopener\" target=\"_blank\">L\u2019observatoire national de la protection de l\u2019enfance (ONPE<\/a>) a recens\u00e9 51\u00a0764 plaintes de violences physiques intrafamiliales concernant des mineurs et 19\u00a0492 plaintes de mineurs ayant \u00e9t\u00e9 victimes de violences sexuelles.<\/p>\n<p>Y <strong>aller<\/strong><\/p>\n<p><strong>Rassemblement contre les violences faites aux enfants<\/strong>, samedi 15 novembre \u00e0 14h, place Dauphine \u00e0 Strasbourg \u2013 Malraux.<\/p>\n","protected":false},"excerpt":{"rendered":"Samedi 15 novembre \u00e0 Strasbourg, plusieurs associations se mobilisent contre les violences faites aux enfants et aux adolescents&hellip;\n","protected":false},"author":2,"featured_media":529041,"comment_status":"","ping_status":"","sticky":false,"template":"","format":"standard","meta":{"footnotes":""},"categories":[2820],"tags":[1111,11,1777,674,1011,27,775,2088,12,25,640],"class_list":{"0":"post-529040","1":"post","2":"type-post","3":"status-publish","4":"format-standard","5":"has-post-thumbnail","7":"category-strasbourg","8":"tag-actu","9":"tag-actualites","10":"tag-eu","11":"tag-europe","12":"tag-fr","13":"tag-france","14":"tag-grand-est","15":"tag-manifestation","16":"tag-news","17":"tag-republique-francaise","18":"tag-strasbourg"},"share_on_mastodon":{"url":"https:\/\/pubeurope.com\/@fr\/115536443676911681","error":""},"_links":{"self":[{"href":"https:\/\/www.europesays.com\/fr\/wp-json\/wp\/v2\/posts\/529040","targetHints":{"allow":["GET"]}}],"collection":[{"href":"https:\/\/www.europesays.com\/fr\/wp-json\/wp\/v2\/posts"}],"about":[{"href":"https:\/\/www.europesays.com\/fr\/wp-json\/wp\/v2\/types\/post"}],"author":[{"embeddable":true,"href":"https:\/\/www.europesays.com\/fr\/wp-json\/wp\/v2\/users\/2"}],"replies":[{"embeddable":true,"href":"https:\/\/www.europesays.com\/fr\/wp-json\/wp\/v2\/comments?post=529040"}],"version-history":[{"count":0,"href":"https:\/\/www.europesays.com\/fr\/wp-json\/wp\/v2\/posts\/529040\/revisions"}],"wp:featuredmedia":[{"embeddable":true,"href":"https:\/\/www.europesays.com\/fr\/wp-json\/wp\/v2\/media\/529041"}],"wp:attachment":[{"href":"https:\/\/www.europesays.com\/fr\/wp-json\/wp\/v2\/media?parent=529040"}],"wp:term":[{"taxonomy":"category","embeddable":true,"href":"https:\/\/www.europesays.com\/fr\/wp-json\/wp\/v2\/categories?post=529040"},{"taxonomy":"post_tag","embeddable":true,"href":"https:\/\/www.europesays.com\/fr\/wp-json\/wp\/v2\/tags?post=529040"}],"curies":[{"name":"wp","href":"https:\/\/api.w.org\/{rel}","templated":true}]}}