{"id":529047,"date":"2025-11-12T11:25:25","date_gmt":"2025-11-12T11:25:25","guid":{"rendered":"https:\/\/www.europesays.com\/fr\/529047\/"},"modified":"2025-11-12T11:25:25","modified_gmt":"2025-11-12T11:25:25","slug":"des-aurores-boreales-seront-visibles-cette-nuit","status":"publish","type":"post","link":"https:\/\/www.europesays.com\/fr\/529047\/","title":{"rendered":"des aurores bor\u00e9ales seront visibles cette nuit"},"content":{"rendered":"<p>            Par<br \/>\n        <strong><br \/>\n            <a href=\"https:\/\/actu.fr\/auteur\/thomas-bernard\" title=\"Consulter tous les articles de Thomas Bernard\" target=\"_blank\" rel=\"noopener\">Thomas Bernard<\/a><br \/>\n        <\/strong><\/p>\n<p>        Publi\u00e9 le<\/p>\n<p>            12 nov. 2025 \u00e0 11h31        <\/p>\n<p>Cette nuit, le spectacle sera dans le ciel. Dans la nuit du mercredi\u00a012 au jeudi 13\u00a0novembre 2025, <b><a href=\"https:\/\/actu.fr\/tag\/aurores-boreales\" target=\"_blank\" rel=\"noopener\">des aurores bor\u00e9ales<\/a><\/b> pourraient \u00eatre <b>visibles dans la r\u00e9gion nantaise<\/b>. Les conditions sont favorables pour observer ce ph\u00e9nom\u00e8ne astronomique.<\/p>\n<p class=\" wall-content\">\n<p>Visible avec un appareil photo<\/p>\n<p class=\" wall-content\">Les aurores bor\u00e9ales sont provoqu\u00e9es par <b>des \u00e9ruptions solaires<\/b>. Comme le rappelle <a href=\"https:\/\/actu.fr\/sciences-technologie\/des-aurores-boreales-au-dessus-de-la-france-ces-mardi-et-mercredi-pas-sur-mais-on-a-de-bonnes-chances_63423971.html\" target=\"_blank\" rel=\"noopener\">actu.fr<\/a>, le soleil envoie des nuages de particules \u00e0 travers ce qu\u2019on appelle des \u00e9jections de masse coronale (EMC). Quand ces \u00e9jections heurtent le bouclier magn\u00e9tique de la Terre, elles excitent les particules de l\u2019atmosph\u00e8re, qui se mettent \u00e0 briller. Dans la nuit de mardi \u00e0 mercredi, certains habitants de Loire-Atlantique ont d\u00e9j\u00e0 pu observer des aurores bor\u00e9ales comme \u00e0 <a href=\"https:\/\/actu.fr\/pays-de-la-loire\/herbignac_44072\" target=\"_blank\" rel=\"noopener\">Herbignac<\/a>, \u00e0 5h du matin. Une image a \u00e9t\u00e9 relay\u00e9e sur la page Facebook de <a href=\"https:\/\/www.facebook.com\/profile.php?id=61572291053103\" target=\"_blank\" rel=\"noopener\">M\u00e9t\u00e9o Loire-Atlantique<\/a>.<\/p>\n<p>    <a href=\"https:\/\/www.facebook.com\/plugins\/post.php?href=https%3A%2F%2Fwww.facebook.com%2Fpermalink.php%3Fstory_fbid%3Dpfbid02NqdK9vqByUsCaDszVhHgfVEkMbJJBb3yLVSuUm8HgEqs28sN4VduL4aLzrrUrcM5l%26id%3D61572291053103&amp;show_text=true&amp;width=350\" title=\"Ouvrie le lien\" target=\"_blank\" rel=\"noopener\">Cliquez ici pour visualiser le contenu<\/a><\/p>\n<p class=\" wall-content\">Ce mercredi, les aurores bor\u00e9ales seront visibles <b>d\u00e8s la tomb\u00e9e de la nuit<\/b>. \u00ab\u2009A priori le pic d\u2019intensit\u00e9 des aurores bor\u00e9ales serait plut\u00f4t en premi\u00e8re partie de nuit. C\u2019est le moment o\u00f9 les conditions m\u00e9t\u00e9orologiques seront probablement les plus favorables. M\u00eame s\u2019il peut avoir un peu de particules sableuses dans l\u2019atmosph\u00e8re et quelques cirrus (nuages, N.D.L.R), on devrait observer les aurores bor\u00e9ales\u2009\u00bb, explique St\u00e9ven Tual, fondateur de <a href=\"https:\/\/x.com\/Temps_Breton\">Temps Breton<\/a>.<\/p>\n<p class=\" wall-content\">Pour observer le spectacle dans les meilleures conditions, St\u00e9ven Tual conseille de regarder <b>en direction du Nord et de s\u2019\u00e9loigner de toute pollution lumineuse<\/b>.<\/p>\n<p class=\" wall-content\">\u00ab\u2009\u00c0 l\u2019\u0153il nu, elles apparaissent gris\u00e2tres, en photo, on pourra voir du rouge\u2009\u00bb, a expliqu\u00e9 Olivier Katz, pr\u00e9visionniste au Comea, \u00e0 <a href=\"https:\/\/actu.fr\/sciences-technologie\/des-aurores-boreales-au-dessus-de-la-france-ces-mardi-et-mercredi-pas-sur-mais-on-a-de-bonnes-chances_63423971.html\" target=\"_blank\" rel=\"noopener\">actu.fr<\/a>. Si les aurores bor\u00e9ales ne sont pas visibles \u00e0 l\u2019\u0153il nu, il est possible d\u2019admirer le ciel via un appareil photo. \u00ab\u2009Un iPhone peut suffire\u2009\u00bb, ajoute St\u00e9ven Tual.<\/p>\n<p>Votre r\u00e9gion, votre actu !<\/p>\n<p>Recevez chaque jour les infos qui comptent pour vous.<\/p>\n<p>\t<a href=\"https:\/\/actu.fr\/newsletter\" class=\"ac-btn ac-btn--corner ac-btn--medium ac-btn--blue800\" target=\"_blank\" rel=\"noopener\">S&rsquo;incrire<\/a><\/p>\n<p class=\" wall-content\">Bref, une soir\u00e9e f\u00e9erique vous attend.<\/p>\n<p class=\" wall-content\">Personnalisez votre actualit\u00e9 en ajoutant vos villes et m\u00e9dias en favori avec <a href=\"https:\/\/moncompte.actu.fr\" title=\"D\u00e9couvez Mon Actu\" rel=\"nofollow noopener\" data-trk=\"{&quot;cta&quot;:{&quot;action&quot;:&quot;https:\\\/\\\/moncompte.actu.fr&quot;,&quot;category&quot;:&quot;mon compte&quot;,&quot;from&quot;:&quot;article footer&quot;,&quot;name&quot;:&quot;Mon actu&quot;,&quot;type&quot;:&quot;cta&quot;}}\" target=\"_blank\">Mon Actu<\/a>.<\/p>\n","protected":false},"excerpt":{"rendered":"Par Thomas Bernard Publi\u00e9 le 12 nov. 2025 \u00e0 11h31 Cette nuit, le spectacle sera dans le ciel.&hellip;\n","protected":false},"author":2,"featured_media":529048,"comment_status":"","ping_status":"","sticky":false,"template":"","format":"standard","meta":{"footnotes":""},"categories":[2818],"tags":[1111,11,64821,1777,674,1011,27,2357,766,12,2636,25,104],"class_list":{"0":"post-529047","1":"post","2":"type-post","3":"status-publish","4":"format-standard","5":"has-post-thumbnail","7":"category-nantes","8":"tag-actu","9":"tag-actualites","10":"tag-aurores-boreales","11":"tag-eu","12":"tag-europe","13":"tag-fr","14":"tag-france","15":"tag-meteo-france","16":"tag-nantes","17":"tag-news","18":"tag-pays-de-la-loire","19":"tag-republique-francaise","20":"tag-societe"},"share_on_mastodon":{"url":"https:\/\/pubeurope.com\/@fr\/115536483045119660","error":""},"_links":{"self":[{"href":"https:\/\/www.europesays.com\/fr\/wp-json\/wp\/v2\/posts\/529047","targetHints":{"allow":["GET"]}}],"collection":[{"href":"https:\/\/www.europesays.com\/fr\/wp-json\/wp\/v2\/posts"}],"about":[{"href":"https:\/\/www.europesays.com\/fr\/wp-json\/wp\/v2\/types\/post"}],"author":[{"embeddable":true,"href":"https:\/\/www.europesays.com\/fr\/wp-json\/wp\/v2\/users\/2"}],"replies":[{"embeddable":true,"href":"https:\/\/www.europesays.com\/fr\/wp-json\/wp\/v2\/comments?post=529047"}],"version-history":[{"count":0,"href":"https:\/\/www.europesays.com\/fr\/wp-json\/wp\/v2\/posts\/529047\/revisions"}],"wp:featuredmedia":[{"embeddable":true,"href":"https:\/\/www.europesays.com\/fr\/wp-json\/wp\/v2\/media\/529048"}],"wp:attachment":[{"href":"https:\/\/www.europesays.com\/fr\/wp-json\/wp\/v2\/media?parent=529047"}],"wp:term":[{"taxonomy":"category","embeddable":true,"href":"https:\/\/www.europesays.com\/fr\/wp-json\/wp\/v2\/categories?post=529047"},{"taxonomy":"post_tag","embeddable":true,"href":"https:\/\/www.europesays.com\/fr\/wp-json\/wp\/v2\/tags?post=529047"}],"curies":[{"name":"wp","href":"https:\/\/api.w.org\/{rel}","templated":true}]}}