{"id":529061,"date":"2025-11-12T11:38:47","date_gmt":"2025-11-12T11:38:47","guid":{"rendered":"https:\/\/www.europesays.com\/fr\/529061\/"},"modified":"2025-11-12T11:38:47","modified_gmt":"2025-11-12T11:38:47","slug":"le-retour-dun-groupe-culte-du-rap-marseillais-sur-la-scene-vitrollaise-ou-tout-a-commence","status":"publish","type":"post","link":"https:\/\/www.europesays.com\/fr\/529061\/","title":{"rendered":"le retour d\u2019un groupe culte du rap marseillais sur la sc\u00e8ne vitrollaise, o\u00f9 tout a commenc\u00e9"},"content":{"rendered":"<p>Dans les ann\u00e9es\u00a01990, Marseille vit l\u2019\u00e2ge d\u2019or de son rap. Dans le sillage d\u2019IAM, la Fonky Family ou 3e \u0152il, les voix du Sud s\u2019imposent, brutes et authentiques, fa\u00e7onn\u00e9es par les r\u00e9alit\u00e9s du terrain plus que par les majors. Dans cette effervescence, un noyau d\u2019amis fait ses premiers pas sur les sc\u00e8nes locales.<\/p>\n<p>C\u2019est l\u00e0 que na\u00eet Berreta, en\u00a01997, groupe embl\u00e9matique du rap marseillais compos\u00e9 de She\u00efr, <a href=\"https:\/\/www.laprovence.com\/article\/region\/29270739478386\/belek-ma3lich-mapesa-mala-gadji-comment-les-mots-du-rap-federent-la-jeunesse-marseillaise\" target=\"_blank\" rel=\"noopener\">Belek<\/a>, <a href=\"https:\/\/www.laprovence.com\/article\/edition-martigues-istres\/3877892\/du-rap-marseillaisa-decouvrir-samedi.html\" target=\"_blank\" rel=\"noopener\">Kalash L\u2019Afro<\/a> et <a href=\"https:\/\/www.laprovence.com\/article\/edition-vitrolles-marignane\/3756314\/baraka-muzik-espere-enfin-saisir-sa-chance.html\" target=\"_blank\" rel=\"noopener\">Skwal<\/a>. \u00ab\u00a0Le groupe a vu le jour concr\u00e8tement dans les ann\u00e9es 97-98. Il s\u2019est confirm\u00e9 avec un premier concert dans la ville, \u00e0 <a href=\"https:\/\/www.laprovence.com\/bouches-du-rhone\/berre-l-etang-13014\" target=\"_blank\" rel=\"noopener\">Berre-l\u2019\u00c9tang,<\/a> en premi\u00e8re partie de 3e \u0152il\u00a0: c\u2019est de l\u00e0 que tout est parti\u00a0\u00bb, se souvient She\u00efr. Tr\u00e8s vite, leurs morceaux \u00ab\u00a0tournent \u00e0 Marseille\u00a0\u00bb, port\u00e9s par une \u00e9nergie d\u00e9bordante et une \u00e9criture revendicative. En\u00a02004, ils sortent la mixtape Rime de zone, avant de marquer au fer rouge la sc\u00e8ne locale avec L\u2019Encre est dans le chargeur (2005). \u00ab\u00a0C\u2019est une sortie nationale. \u00c0 l\u2019\u00e9poque, on est un groupe ind\u00e9pendant et on fait parler de nous nationalement, c\u2019\u00e9tait une vraie fiert\u00e9\u00a0\u00bb, poursuit le Vitrollais.<\/p>\n<p>Le d\u00e9clic \u00ab\u00a013 Organis\u00e9\u00a0\u00bb<\/p>\n<p>Puis, pendant pr\u00e8s de vingt ans, la vie continue pour les membres du groupe, amis depuis l\u2019enfance. Ils se voient se marier, avoir des enfants, mais entre eux, la musique se met en pause. Jusqu\u2019\u00e0 ce que Jul les rappelle pour participer au Classico Organis\u00e9 et <a href=\"https:\/\/www.laprovence.com\/article\/culture-loisirs\/1443297174610715\/lalbum-13-organise-2-sort-ce-vendredi-4-ans-apres-le-succes-du-premier-opus\" target=\"_blank\" rel=\"noopener\">13 Organis\u00e9 2<\/a>. She\u00efr ne peut que saluer l\u2019effet d\u2019entra\u00eenement n\u00e9 autour de ces projets f\u00e9d\u00e9rateurs initi\u00e9s par le rappeur \u00e0 trois lettres.<\/p>\n<p>\u00ab\u00a0Il nous a permis de nous r\u00e9unir, de se retrouver autour de la musique. C\u2019\u00e9tait une super initiative. Il a montr\u00e9 que le public \u00e9tait toujours demandeur de ce genre de rap-l\u00e0. Pour nous, \u00e7a a \u00e9t\u00e9 le d\u00e9clic\u00a0: les plan\u00e8tes \u00e9taient align\u00e9es. Il y a une part de magie l\u00e0-dedans\u2026 Et une \u00e9vidence\u00a0: on n\u2019est pas morts.\u00a0\u00bb<\/p>\n<p>Les vieux amis retrouvent le studio. \u00ab\u00a0On a ressenti un truc fort\u00a0: l\u2019\u00e9nergie, la complicit\u00e9, on s\u2019est retrouv\u00e9s, comme avant\u2026 On s\u2019est dit qu\u2019il y avait encore quelque chose \u00e0 faire.\u00a0\u00bb De ce nouvel \u00e9lan na\u00eet l\u2019envie d\u2019un projet anniversaire. L\u2019id\u00e9e s\u2019impose \u00ab\u00a0sans pression\u00a0\u00bb. \u00ab\u00a0On ne parle pas de &lsquo;retour&rsquo;, il n\u2019y a aucune ambition derri\u00e8re. On veut marquer le coup des 20 ans, refaire des titres\u2026\u00a0\u00bb Les sessions s\u2019encha\u00eenent avec leur beatmaker Idriss et Skwal. \u00ab\u00a0Un morceau, deux, trois\u2026 sept. On a d\u00e9cid\u00e9 de les sortir single par single.\u00a0\u00bb<\/p>\n<p>Le premier titre de cette nouvelle mouture est sorti le 24\u00a0octobre, intitul\u00e9 Le jour se l\u00e8ve. \u00ab\u00a0\u00c7a a du sens, disons qu\u2019apr\u00e8s une longue nuit, nous sommes de retour.\u00a0\u00bb Un deuxi\u00e8me, \u00c7a part de l\u00e0, sortait \u00e9galement ce vendredi 7\u00a0novembre, et d\u2019autres suivront.<\/p>\n<p>Un groupe de sc\u00e8ne, d\u2019abord<\/p>\n<p>Si Berreta a marqu\u00e9 une g\u00e9n\u00e9ration, c\u2019est d\u2019abord sur le plancher. \u00ab\u00a0\u00c0 la base, on est un groupe de sc\u00e8nes\u00a0\u00bb, insiste She\u00efr. \u00ab\u00a0Avant m\u00eame d\u2019avoir un morceau enregistr\u00e9, on tournait d\u00e9j\u00e0. On rappait sur des instrus, tout \u00e9tait par c\u0153ur. La sc\u00e8ne, c\u2019\u00e9tait notre marque de fabrique, notre carte d\u2019identit\u00e9.\u00a0\u00bb Dans les ann\u00e9es\u00a02000, alors que rayonnent les <a href=\"https:\/\/www.laprovence.com\/article\/culture-loisirs\/2261242540891714\/un-retour-des-psy-4-de-la-rime-en-2027-soprano-laisse-planer-le-doute\" target=\"_blank\" rel=\"noopener\">Psy 4 de la Rime<\/a>, Puissance Nord, la FF ou <a href=\"https:\/\/www.laprovence.com\/article\/loisirs\/2171287\/keny-arkana-mon-front-cest-la-musique.html\" target=\"_blank\" rel=\"noopener\">Keny Arkana,<\/a> Berreta \u00e9cume les maisons des jeunes et de la culture, les festivals et les premi\u00e8res parties.<\/p>\n<p>\u00ab\u00a0C\u2019\u00e9tait notre \u00e9cole, notre moyen de nous faire conna\u00eetre. On n\u2019avait pas les r\u00e9seaux sociaux, pas de studio \u00e0 port\u00e9e de main, alors on allait au contact du public.\u00a0\u00bb Cette exp\u00e9rience forge leur style\u00a0: un rap ancr\u00e9 dans la rue mais travaill\u00e9, avec une \u00e9nergie sc\u00e9nique qui fait la diff\u00e9rence. \u00ab\u00a0C\u2019\u00e9tait notre chez-nous, la sc\u00e8ne. C\u2019est l\u00e0 qu\u2019on a appris \u00e0 tenir un micro, \u00e0 faire vivre nos textes, \u00e0 parler aux gens sans filtre.\u00a0\u00bb<\/p>\n<p>\u00ab\u00a0Vingt ans apr\u00e8s, au m\u00eame endroit\u00a0\u00bb<\/p>\n<p>Et si les ann\u00e9es ont pass\u00e9, le plaisir est intact. \u00ab\u00a0Se retrouver sur sc\u00e8ne, revoir le public d\u2019il y a vingt ans et rencontrer la nouvelle g\u00e9n\u00e9ration\u2026 c\u2019est un kiff total.\u00a0\u00bb En r\u00e9sidence au Roucas \u00e0 Vitrolles pour pr\u00e9parer la date du 15\u00a0novembre, le groupe r\u00e9p\u00e8te \u00ab\u00a0comme \u00e0 l\u2019ancienne\u00a0\u00bb.\u00a0\u00ab\u00a0C\u2019est un plaisir simple, presque familial. On rejoue des morceaux qu\u2019on conna\u00eet par c\u0153ur, on retrouve les automatismes, les regards, les rires. Et puis il y a ce trac, cette adr\u00e9naline, ce truc qui nous manquait.\u00a0\u00bb<\/p>\n<p>Quant au lien avec celles et ceux qui les suivent, il ne s\u2019est jamais rompu. \u00ab\u00a0M\u00eame quand on ne faisait plus rien, des gens nous disaient\u00a0: &lsquo;Vous avez marqu\u00e9 ma jeunesse.'\u00a0\u00bb Jusqu\u2019\u00e0 <a href=\"https:\/\/www.laprovence.com\/article\/region\/1963775242395314\/concerts-de-jul-a-marseille-et-a-paris-comment-obtenir-des-places-lors-de-la-vente-generale-ce-vendredi-7-novembre\" target=\"_blank\" rel=\"noopener\">Jul<\/a> lui-m\u00eame\u00a0: \u00ab\u00a0Il nous a confi\u00e9 qu\u2019il avait&rsquo;saign\u00e9&rsquo;L\u2019Encre est dans le chargeur. Venu du plus gros vendeur de France, \u00e7a fait plaisir.\u00a0\u00bb<\/p>\n<p>Pour r\u00e9sumer l\u2019esprit de cette c\u00e9l\u00e9bration, She\u00efr a trouv\u00e9 la bonne formule\u00a0: \u00ab\u00a0Vingt ans apr\u00e8s, au m\u00eame endroit.\u00a0\u00bb Comme un rendez-vous, \u00ab\u00a0\u00e0 la <a href=\"https:\/\/www.laprovence.com\/article\/tourisme\/8121150405388814\/entre-patrimoine-art-et-luxe-patrick-bruel-ouvre-son-premier-hotel-cinq-etoiles-a-lisle-sur-la-sorgue\" target=\"_blank\" rel=\"noopener\">Patrick Bruel<\/a>\u00ab\u00a0. \u00ab\u00a0On avait d\u00e9fendu L\u2019Encre est dans le chargeur au Roucas. On s\u2019y retrouve vingt ans apr\u00e8s. Peut-\u00eatre que \u00e7a bouclera la boucle\u2026 ou pas. On n\u2019en sait rien. Ce qui est s\u00fbr, c\u2019est qu\u2019on prend du plaisir.\u00a0\u00bb<\/p>\n<p>Pour l\u2019occasion, Berreta s\u2019entoure d\u2019un plateau d\u2019invit\u00e9s prestigieux\u00a0: Puissance Nord, Hermano Salvatore, Dika, L\u2019Ami Caccio, Kilam Salman, Idriss et Tony la Famille. En premi\u00e8re partie, place \u00e0 la rel\u00e8ve vitrollaise avec B.One, Sabr, Y.A.N.S, DirtyTheLord, Dydy &amp; Lazermi, avant un DJ set de DJ Elbino anim\u00e9 par Tyger.<\/p>\n<p>Samedi 15\u00a0novembre, \u00e0 la salle du Roucas, \u00e0 Vitrolles. R\u00e9servations\u00a0: https:\/\/urlr.me\/rk87hu. Ouverture des portes \u00e0 18h30. PAF\u00a0: 10\u00a0\u20ac. Il est possible, \u00e0 l\u2019occasion de ce concert, de faire un don \u00e0 destination de la Maison pour tous de Vitrolles\u00a0: https:\/\/www.helloasso.com\/associations\/maison-pour-tous-de-vitrolles\/evenements\/berreta-puissance-nord-dika-hermano-salvatore-concert-vitrolles<\/p>\n","protected":false},"excerpt":{"rendered":"Dans les ann\u00e9es\u00a01990, Marseille vit l\u2019\u00e2ge d\u2019or de son rap. Dans le sillage d\u2019IAM, la Fonky Family ou&hellip;\n","protected":false},"author":2,"featured_media":529062,"comment_status":"","ping_status":"","sticky":false,"template":"","format":"standard","meta":{"footnotes":""},"categories":[2814],"tags":[17,1111,11,1764,150,64823,251,2837,1777,674,1011,27,2705,884,12,882,25,8133,62270],"class_list":{"0":"post-529061","1":"post","2":"type-post","3":"status-publish","4":"format-standard","5":"has-post-thumbnail","7":"category-marseille","8":"tag-17","9":"tag-actu","10":"tag-actualites","11":"tag-ans","12":"tag-apres","13":"tag-berreta","14":"tag-culture","15":"tag-dun","16":"tag-eu","17":"tag-europe","18":"tag-fr","19":"tag-france","20":"tag-groupe","21":"tag-marseille","22":"tag-news","23":"tag-provence-alpes-cote-dazur","24":"tag-republique-francaise","25":"tag-retour","26":"tag-vingt"},"share_on_mastodon":{"url":"https:\/\/pubeurope.com\/@fr\/115536538055561327","error":""},"_links":{"self":[{"href":"https:\/\/www.europesays.com\/fr\/wp-json\/wp\/v2\/posts\/529061","targetHints":{"allow":["GET"]}}],"collection":[{"href":"https:\/\/www.europesays.com\/fr\/wp-json\/wp\/v2\/posts"}],"about":[{"href":"https:\/\/www.europesays.com\/fr\/wp-json\/wp\/v2\/types\/post"}],"author":[{"embeddable":true,"href":"https:\/\/www.europesays.com\/fr\/wp-json\/wp\/v2\/users\/2"}],"replies":[{"embeddable":true,"href":"https:\/\/www.europesays.com\/fr\/wp-json\/wp\/v2\/comments?post=529061"}],"version-history":[{"count":0,"href":"https:\/\/www.europesays.com\/fr\/wp-json\/wp\/v2\/posts\/529061\/revisions"}],"wp:featuredmedia":[{"embeddable":true,"href":"https:\/\/www.europesays.com\/fr\/wp-json\/wp\/v2\/media\/529062"}],"wp:attachment":[{"href":"https:\/\/www.europesays.com\/fr\/wp-json\/wp\/v2\/media?parent=529061"}],"wp:term":[{"taxonomy":"category","embeddable":true,"href":"https:\/\/www.europesays.com\/fr\/wp-json\/wp\/v2\/categories?post=529061"},{"taxonomy":"post_tag","embeddable":true,"href":"https:\/\/www.europesays.com\/fr\/wp-json\/wp\/v2\/tags?post=529061"}],"curies":[{"name":"wp","href":"https:\/\/api.w.org\/{rel}","templated":true}]}}