{"id":529065,"date":"2025-11-12T11:43:23","date_gmt":"2025-11-12T11:43:23","guid":{"rendered":"https:\/\/www.europesays.com\/fr\/529065\/"},"modified":"2025-11-12T11:43:23","modified_gmt":"2025-11-12T11:43:23","slug":"pres-de-lyon-stoppe-sur-la7-le-conducteur-louche-offre-le-jackpot-aux-douaniers","status":"publish","type":"post","link":"https:\/\/www.europesays.com\/fr\/529065\/","title":{"rendered":"Pr\u00e8s de Lyon. Stopp\u00e9 sur l&rsquo;A7, le conducteur louche offre le jackpot aux douaniers"},"content":{"rendered":"<p>            Par<br \/>\n        <strong><br \/>\n            <a href=\"https:\/\/actu.fr\/auteur\/nicolas-zaugra\" title=\"Consulter tous les articles de Nicolas Zaugra\" target=\"_blank\" rel=\"noopener\">Nicolas Zaugra<\/a><br \/>\n        <\/strong><\/p>\n<p>        Publi\u00e9 le<\/p>\n<p>            12 nov. 2025 \u00e0 11h18        <\/p>\n<p>Une sacr\u00e9e prise pour les douaniers. Le conducteur d\u2019un v\u00e9hicule a \u00e9t\u00e9 arr\u00eat\u00e9 \u00e0 Ampuis (Rh\u00f4ne) au sud de la m\u00e9tropole de <a href=\"https:\/\/actu.fr\/auvergne-rhone-alpes\/lyon_69123\" target=\"_blank\" rel=\"noopener\">Lyon<\/a> ce mardi 11\u00a0novembre apr\u00e8s un <strong>refus d\u2019obtemp\u00e9rer<\/strong>. Dans la journ\u00e9e, les agents ont tent\u00e9 d\u2019arr\u00eater un homme au niveau du p\u00e9age de Condrieu sur l\u2019<a href=\"https:\/\/actu.fr\/tag\/autoroute-7-a7\" target=\"_blank\" rel=\"noopener\">A7<\/a> pour un contr\u00f4le, selon <a href=\"https:\/\/www.bfmtv.com\/lyon\/4-200-cartouches-de-cigarettes-saisies-sur-l-a7-au-niveau-du-peage-de-condrieu_AN-202511120331.html\" target=\"_blank\" rel=\"noopener\">BFM Lyon<\/a>, des informations qu\u2019actu Lyon est en mesure de confirmer.<\/p>\n<p>Deux pneus crev\u00e9s sur des kilom\u00e8tres<\/p>\n<p class=\" wall-content\">Au moment de l\u2019arr\u00eat de la voiture, le conducteur a finalement d\u00e9marr\u00e9 en trombe, provoquant une r\u00e9action rapide des douaniers. Ils ont utilis\u00e9 des Stopsticks, des barres m\u00e9talliques sur la chauss\u00e9e permettant de crever des pneus en cas de refus d\u2019obtemp\u00e9rer. Le suspect a tout de m\u00eame continu\u00e9 \u00e0 rouler avec deux pneus crev\u00e9s \u00ab\u2009sur plusieurs kilom\u00e8tres\u2009\u00bb, selon une source s\u00e9curitaire.<\/p>\n<p>    <a href=\"https:\/\/www.google.com\/maps\/embed?pb=!1m18!1m12!1m3!1d288125.83191651286!2d4.850865906580927!3d45.57743459358995!2m3!1f0!2f0!3f0!3m2!1i1024!2i768!4f13.1!3m3!1m2!1s0x47f4e01f423cb88d%3A0x408ab2ae4bb2910!2s69420%20Ampuis!5e1!3m2!1sfr!2sfr!4v1762940968160!5m2!1sfr!2sfr\" title=\"Ouvrie le lien\" target=\"_blank\" rel=\"noopener\">Cliquez ici pour visualiser le contenu<\/a><\/p>\n<p>82 cartons de cartouches de cigarettes pour 552\u2009000\u00a0euros<\/p>\n<p class=\" wall-content\">Le v\u00e9hicule s\u2019est finalement immobilis\u00e9 \u00e0 hauteur d\u2019Ampuis. Les douaniers n\u2019ont pas \u00e9t\u00e9 au bout de leur surprise en d\u00e9couvrant le contenu de la voiture\u2009: 82 cartons cachant <strong>4\u2009200 cigarettes<\/strong> destin\u00e9es au march\u00e9 noir.<\/p>\n<p class=\" wall-content\">La valeur totale de la saisie des douanes s\u2019\u00e9l\u00e8ve \u00e0<strong> 552\u2009500\u00a0euros<\/strong>, selon nos informations. Le conducteur a \u00e9t\u00e9 interpell\u00e9 et plac\u00e9 en garde \u00e0 vue.<\/p>\n<p class=\" wall-content\">Personnalisez votre actualit\u00e9 en ajoutant vos villes et m\u00e9dias en favori avec <a href=\"https:\/\/moncompte.actu.fr\" title=\"D\u00e9couvez Mon Actu\" rel=\"nofollow noopener\" data-trk=\"{&quot;cta&quot;:{&quot;action&quot;:&quot;https:\\\/\\\/moncompte.actu.fr&quot;,&quot;category&quot;:&quot;mon compte&quot;,&quot;from&quot;:&quot;article footer&quot;,&quot;name&quot;:&quot;Mon actu&quot;,&quot;type&quot;:&quot;cta&quot;}}\" target=\"_blank\">Mon Actu<\/a>.<\/p>\n","protected":false},"excerpt":{"rendered":"Par Nicolas Zaugra Publi\u00e9 le 12 nov. 2025 \u00e0 11h18 Une sacr\u00e9e prise pour les douaniers. Le conducteur&hellip;\n","protected":false},"author":2,"featured_media":529066,"comment_status":"","ping_status":"","sticky":false,"template":"","format":"standard","meta":{"footnotes":""},"categories":[1889],"tags":[1111,11,6423,2430,1777,674,118,1011,27,2428,12,2852,25],"class_list":{"0":"post-529065","1":"post","2":"type-post","3":"status-publish","4":"format-standard","5":"has-post-thumbnail","7":"category-lyon","8":"tag-actu","9":"tag-actualites","10":"tag-autoroute-7-a7","11":"tag-auvergne-rhone-alpes","12":"tag-eu","13":"tag-europe","14":"tag-faits-divers","15":"tag-fr","16":"tag-france","17":"tag-lyon","18":"tag-news","19":"tag-refus-dobtemperer","20":"tag-republique-francaise"},"share_on_mastodon":{"url":"https:\/\/pubeurope.com\/@fr\/115536553880176676","error":""},"_links":{"self":[{"href":"https:\/\/www.europesays.com\/fr\/wp-json\/wp\/v2\/posts\/529065","targetHints":{"allow":["GET"]}}],"collection":[{"href":"https:\/\/www.europesays.com\/fr\/wp-json\/wp\/v2\/posts"}],"about":[{"href":"https:\/\/www.europesays.com\/fr\/wp-json\/wp\/v2\/types\/post"}],"author":[{"embeddable":true,"href":"https:\/\/www.europesays.com\/fr\/wp-json\/wp\/v2\/users\/2"}],"replies":[{"embeddable":true,"href":"https:\/\/www.europesays.com\/fr\/wp-json\/wp\/v2\/comments?post=529065"}],"version-history":[{"count":0,"href":"https:\/\/www.europesays.com\/fr\/wp-json\/wp\/v2\/posts\/529065\/revisions"}],"wp:featuredmedia":[{"embeddable":true,"href":"https:\/\/www.europesays.com\/fr\/wp-json\/wp\/v2\/media\/529066"}],"wp:attachment":[{"href":"https:\/\/www.europesays.com\/fr\/wp-json\/wp\/v2\/media?parent=529065"}],"wp:term":[{"taxonomy":"category","embeddable":true,"href":"https:\/\/www.europesays.com\/fr\/wp-json\/wp\/v2\/categories?post=529065"},{"taxonomy":"post_tag","embeddable":true,"href":"https:\/\/www.europesays.com\/fr\/wp-json\/wp\/v2\/tags?post=529065"}],"curies":[{"name":"wp","href":"https:\/\/api.w.org\/{rel}","templated":true}]}}