{"id":529071,"date":"2025-11-12T11:47:10","date_gmt":"2025-11-12T11:47:10","guid":{"rendered":"https:\/\/www.europesays.com\/fr\/529071\/"},"modified":"2025-11-12T11:47:10","modified_gmt":"2025-11-12T11:47:10","slug":"la-compagnie-mexicaine-ouvre-une-ligne-directe-inedite-au-depart-de-laeroport-paris-charles-de-gaulle","status":"publish","type":"post","link":"https:\/\/www.europesays.com\/fr\/529071\/","title":{"rendered":"La compagnie mexicaine ouvre une ligne directe in\u00e9dite au d\u00e9part de l&rsquo;a\u00e9roport Paris-Charles-de-Gaulle"},"content":{"rendered":"<p>            Par<br \/>\n        <strong><br \/>\n            <a href=\"https:\/\/actu.fr\/auteur\/thomas-rideau\" title=\"Consulter tous les articles de Thomas Rideau\" target=\"_blank\" rel=\"noopener\">Thomas Rideau<\/a><br \/>\n        <\/strong><\/p>\n<p>        Publi\u00e9 le<\/p>\n<p>            12 nov. 2025 \u00e0 12h16        <\/p>\n<p>Nouvelle destination disponible depuis <strong>Paris<\/strong> et l\u2019a\u00e9roport de <a href=\"https:\/\/actu.fr\/tag\/aeroport-roissy-charles-de-gaulle\" target=\"_blank\" rel=\"noopener\">Roissy Charles-de-Gaulle (Seine-Saint-Denis)<\/a>\u2009! Direction la ville de Monterrey (Mexique). <strong>Une immense cit\u00e9<\/strong> de plus d\u2019un million d\u2019habitants situ\u00e9e dans le nord-est du pays. Et rendu un peu c\u00e9l\u00e8bre en France par un <a href=\"https:\/\/actu.fr\/insolite\/parker-ibrahimovic-gignac-fourcade-24-ans-naomi-fait-tour-monde-stades_16513254.html\" target=\"_blank\" rel=\"noopener\">certain Andr\u00e9-Pierre Gignac<\/a>.<\/p>\n<p>Trois voyages par semaine \u00e0 partir d\u2019avril<\/p>\n<p class=\" wall-content\">Monterrey, qui est un important <strong>centre culturel et surtout \u00e9conomique<\/strong> dans ce pays d\u2019Am\u00e9rique du Nord, devient une <strong>id\u00e9e de voyage<\/strong> beaucoup plus simple et accessible gr\u00e2ce \u00e0 la compagnie a\u00e9rienne mexicaine Aeromexico.<\/p>\n<p class=\" wall-content\">Sur son <a href=\"https:\/\/x.com\/Aeromexico\">compte X<\/a>, la compagnie a annonc\u00e9 ce mardi 11\u00a0novembre 2025, la mise en place de<strong> trois voyages par semaine entre<\/strong> Monterrey et Paris \u00e0 partir du mois d\u2019avril\u00a02026. \u00c0 noter, ces trois allers-retours ne seront \u00ab\u2009que\u2009\u00bb <strong>saisonniers<\/strong>. Et prendront fin en octobre de la m\u00eame ann\u00e9e. La compagnie mise sur le transport de 1500 personnes via ces vols.<\/p>\n<p class=\" wall-content\">Il faudra tout de m\u00eame d\u00e9penser <strong>un petit billet<\/strong> pour voir la ville des Tigres. Les prix indiqu\u00e9s, pour le moment, se situent aux alentours de <strong>900\u00a0euros<\/strong>.<\/p>\n<p class=\" wall-content\">Personnalisez votre actualit\u00e9 en ajoutant vos villes et m\u00e9dias en favori avec <a href=\"https:\/\/moncompte.actu.fr\" title=\"D\u00e9couvez Mon Actu\" rel=\"nofollow noopener\" data-trk=\"{&quot;cta&quot;:{&quot;action&quot;:&quot;https:\\\/\\\/moncompte.actu.fr&quot;,&quot;category&quot;:&quot;mon compte&quot;,&quot;from&quot;:&quot;article footer&quot;,&quot;name&quot;:&quot;Mon actu&quot;,&quot;type&quot;:&quot;cta&quot;}}\" target=\"_blank\">Mon Actu<\/a>.<\/p>\n","protected":false},"excerpt":{"rendered":"Par Thomas Rideau Publi\u00e9 le 12 nov. 2025 \u00e0 12h16 Nouvelle destination disponible depuis Paris et l\u2019a\u00e9roport de&hellip;\n","protected":false},"author":2,"featured_media":529072,"comment_status":"","ping_status":"","sticky":false,"template":"","format":"standard","meta":{"footnotes":""},"categories":[1888],"tags":[1111,1928,11,1927,10045,1777,674,1011,27,12,1926,626,1925,25,104,586],"class_list":{"0":"post-529071","1":"post","2":"type-post","3":"status-publish","4":"format-standard","5":"has-post-thumbnail","7":"category-paris","8":"tag-actu","9":"tag-actu-paris","10":"tag-actualites","11":"tag-actualites-paris","12":"tag-aeroport-roissy-charles-de-gaulle","13":"tag-eu","14":"tag-europe","15":"tag-fr","16":"tag-france","17":"tag-news","18":"tag-news-paris","19":"tag-paris","20":"tag-paris-news","21":"tag-republique-francaise","22":"tag-societe","23":"tag-voyage"},"share_on_mastodon":{"url":"https:\/\/pubeurope.com\/@fr\/115536569574672491","error":""},"_links":{"self":[{"href":"https:\/\/www.europesays.com\/fr\/wp-json\/wp\/v2\/posts\/529071","targetHints":{"allow":["GET"]}}],"collection":[{"href":"https:\/\/www.europesays.com\/fr\/wp-json\/wp\/v2\/posts"}],"about":[{"href":"https:\/\/www.europesays.com\/fr\/wp-json\/wp\/v2\/types\/post"}],"author":[{"embeddable":true,"href":"https:\/\/www.europesays.com\/fr\/wp-json\/wp\/v2\/users\/2"}],"replies":[{"embeddable":true,"href":"https:\/\/www.europesays.com\/fr\/wp-json\/wp\/v2\/comments?post=529071"}],"version-history":[{"count":0,"href":"https:\/\/www.europesays.com\/fr\/wp-json\/wp\/v2\/posts\/529071\/revisions"}],"wp:featuredmedia":[{"embeddable":true,"href":"https:\/\/www.europesays.com\/fr\/wp-json\/wp\/v2\/media\/529072"}],"wp:attachment":[{"href":"https:\/\/www.europesays.com\/fr\/wp-json\/wp\/v2\/media?parent=529071"}],"wp:term":[{"taxonomy":"category","embeddable":true,"href":"https:\/\/www.europesays.com\/fr\/wp-json\/wp\/v2\/categories?post=529071"},{"taxonomy":"post_tag","embeddable":true,"href":"https:\/\/www.europesays.com\/fr\/wp-json\/wp\/v2\/tags?post=529071"}],"curies":[{"name":"wp","href":"https:\/\/api.w.org\/{rel}","templated":true}]}}