{"id":529087,"date":"2025-11-12T11:57:12","date_gmt":"2025-11-12T11:57:12","guid":{"rendered":"https:\/\/www.europesays.com\/fr\/529087\/"},"modified":"2025-11-12T11:57:12","modified_gmt":"2025-11-12T11:57:12","slug":"armes-nucleaires-americaines-en-allemagne-le-premier-qui-tire-est-le-deuxieme-qui-meurt","status":"publish","type":"post","link":"https:\/\/www.europesays.com\/fr\/529087\/","title":{"rendered":"Armes nucl\u00e9aires am\u00e9ricaines en Allemagne : \u00ab\u00a0Le premier qui tire est le deuxi\u00e8me qui meurt\u00a0\u00bb"},"content":{"rendered":"<p>C&rsquo;est sous tension que la Bundeswehr f\u00eate ses 70 ans d&rsquo;existence \u00e0 Berlin. Jamais depuis sa cr\u00e9ation, la situation en mati\u00e8re de politique de s\u00e9curit\u00e9 n&rsquo;a \u00e9t\u00e9 aussi critique qu&rsquo;aujourd&rsquo;hui. Une partie de la stabilit\u00e9 est assur\u00e9e par les armes nucl\u00e9aires am\u00e9ricaines sur le sol europ\u00e9en.<\/p>\n<p>Une vingtaine d&rsquo;entre elles sont stock\u00e9es en Allemagne : <strong>des bombes \u00e0 chute libre qui pourraient \u00eatre largu\u00e9es par des avions de combat comme l&rsquo;Eurofighter<\/strong>. Leur pouvoir de destruction est d\u00e9vastateur. Ce n&rsquo;est que r\u00e9cemment qu&rsquo;elles ont \u00e9t\u00e9 modernis\u00e9es.<\/p>\n<p>Ces armes font partie de la promesse de s\u00e9curit\u00e9 nucl\u00e9aire des Etats-Unis. Les <a href=\"https:\/\/fr.euronews.com\/2025\/10\/30\/trump-ordonne-de-commencer-a-tester-larsenal-nucleaire-des-etats-unis\" target=\"_blank\" rel=\"noopener\">\u00c9tats-Unis <\/a>placent leurs alli\u00e9s europ\u00e9ens sous leur parapluie nucl\u00e9aire. Mais face aux doutes croissants sur la<a href=\"https:\/\/fr.euronews.com\/2025\/09\/13\/trump-demande-a-tous-les-pays-de-lotan-de-cesser-dacheter-du-petrole-russe\" target=\"_blank\" rel=\"noopener\"> fiabilit\u00e9 du pr\u00e9sident am\u00e9ricain Donald Trump<\/a> vis-\u00e0-vis de l&rsquo;OTAN, l&rsquo;Europe s&rsquo;inqui\u00e8te de plus en plus de voir Washington h\u00e9siter &#8211; voire faire marche arri\u00e8re &#8211; en cas d&rsquo;urgence.<\/p>\n<p>\u00ab\u00a0Il ne peut pas \u00eatre certain que les \u00c9tats-Unis utilisent r\u00e9ellement leurs armes nucl\u00e9aires. Ce n&rsquo;est pas une garantie. Mais ce qui est important, c&rsquo;est que l&rsquo;adversaire ne puisse pas l&rsquo;exclure\u00a0\u00bb, explique \u00e0 Euronews le politologue et expert en s\u00e9curit\u00e9 Karl-Heinz Kamp.<\/p>\n<p>Kamp a \u00e9t\u00e9 pendant plusieurs ann\u00e9es pr\u00e9sident de l&rsquo;Acad\u00e9mie f\u00e9d\u00e9rale de politique de s\u00e9curit\u00e9, a conseill\u00e9 l&rsquo;OTAN et est aujourd&rsquo;hui Associate Fellow de la Soci\u00e9t\u00e9 allemande de politique \u00e9trang\u00e8re (DGAP). \u00ab\u00a0La dissuasion est une pure sp\u00e9culation. Jusqu&rsquo;\u00e0 pr\u00e9sent, elle a tenu, pendant 50 ans\u00a0\u00bb.<\/p>\n<p>Des armes nucl\u00e9aires pour l&rsquo;Europe<\/p>\n<p>Au cours de l&rsquo;\u00e9t\u00e9, les Etats-Unis auraient apport\u00e9 de nouvelles armes nucl\u00e9aires en Europe, comme l&rsquo;ont rapport\u00e9 plusieurs m\u00e9dias am\u00e9ricains. <\/p>\n<p>Des indications \u00e0 ce sujet sont fournies entre autres par des itin\u00e9raires de vol ainsi que par l&rsquo;achat d&rsquo;avions de combat sp\u00e9ciaux F-35. <\/p>\n<p>Ces avions de combat peuvent transporter des \u00ab\u00a0armes nucl\u00e9aires tactiques\u00a0\u00bb, c&rsquo;est-\u00e0-dire des armes nucl\u00e9aires d&rsquo;une puissance limit\u00e9e pouvant \u00eatre utilis\u00e9es contre des objectifs militaires. Aucune confirmation officielle des autorit\u00e9s am\u00e9ricaines n&rsquo;a \u00e9t\u00e9 donn\u00e9e jusqu&rsquo;\u00e0 pr\u00e9sent.<\/p>\n<p>L&rsquo;Allemagne a \u00e9galement<a href=\"https:\/\/de.euronews.com\/2022\/03\/14\/deutsche-luftwaffe-ersetzt-tornado-kampfflugzeuge-durch-amerikanische-f-35-tarnkappenbombe\" target=\"_blank\" rel=\"noopener\">command\u00e9 des avions de combat F-35<\/a> (en allemand). Les premiers devraient \u00eatre livr\u00e9s en 2026.<\/p>\n<p>Depuis la guerre froide, des armes nucl\u00e9aires am\u00e9ricaines sont stock\u00e9es dans toute l&rsquo;Europe. Le nombre exact de ces armes reste secret. Leur objectif est avant tout symbolique : elles doivent dissuader les agresseurs potentiels, comme la Russie.<\/p>\n<p>Jamais depuis la fin de la Seconde Guerre mondiale la dissuasion nucl\u00e9aire n&rsquo;a \u00e9t\u00e9 aussi importante politiquement qu&rsquo;aujourd&rsquo;hui. Depuis le d\u00e9but de sa guerre d&rsquo;agression \u00e0 grande \u00e9chelle contre l&rsquo;Ukraine, Poutine <a href=\"https:\/\/fr.euronews.com\/2025\/05\/04\/vladimir-poutine-espere-quil-ne-sera-pas-necessaire-dutiliser-des-armes-nucleaires-en-ukra\" target=\"_blank\" rel=\"noopener\">n&rsquo; a cess\u00e9<\/a> de menacer d&rsquo;utiliser des armes nucl\u00e9aires. \u00ab\u00a0Les forces arm\u00e9es russes \u00e9taient en tr\u00e8s mauvaise posture. Poutine y a pens\u00e9 parce qu&rsquo;il se sentait accul\u00e9\u00a0\u00bb, analyse Kamp.<\/p>\n<p>\u00ab\u00a0Celui qui tire le premier meurt le second\u00a0\u00bb.<\/p>\n<p>R\u00e9guli\u00e8rement, le chef du Kremlin pr\u00e9sente son arsenal, dont le RS-24 \u00ab\u00a0Yars\u00a0\u00bb. Ce missile intercontinental a une port\u00e9e allant jusqu&rsquo;\u00e0 11 000 kilom\u00e8tres et peut transporter des ogives nucl\u00e9aires.<\/p>\n<p>Selon les estimations, la Russie dispose d&rsquo;environ <a href=\"https:\/\/fr.euronews.com\/2023\/04\/13\/the-cube-des-armes-strategiques-a-la-frontiere-russo-finalndaise\" target=\"_blank\" rel=\"noopener\">5 500 t\u00eates nucl\u00e9aires.<\/a> Le Kremlin les utilise \u00e9galement \u00e0 des fins politiques : comme moyen de dissuasion pour que l&rsquo;Occident intervienne dans la guerre en Ukraine.<\/p>\n<p>Mais Kamp doute que Poutine donne r\u00e9ellement l&rsquo;ordre d&rsquo;utiliser des armes nucl\u00e9aires. \u00ab\u00a0<strong>Celui qui tire le premier meurt le second. Ce n&rsquo;est pas une situation souhaitable<\/strong>\u00ab\u00a0.<\/p>\n<p>En Allemagne, on estime qu&rsquo;<strong>une vingtaine de bombes nucl\u00e9aires \u00e0 hydrog\u00e8ne de type B61-12 sont stock\u00e9es sur la base a\u00e9rienne de B\u00fcchel<\/strong> en Rh\u00e9nanie-Palatinat. Elles ont \u00e9t\u00e9 r\u00e9cemment modernis\u00e9es et sont pr\u00eates \u00e0 \u00eatre utilis\u00e9es \u00e0 tout moment.<\/p>\n<p>Et il pourrait y en avoir encore plus : un grand nombre de \u00ab\u00a0vaults\u00a0\u00bb, des agris de stocage s\u00e9curis\u00e9s, existent sur diff\u00e9rents sites en Allemagne. Les Etats-Unis pourraient \u00e0 tout moment installer de nouvelles armes en Allemagne ou en retirer des existantes.<\/p>\n<p>La pr\u00e9sence d&rsquo;armes nucl\u00e9aires am\u00e9ricaines sur le sol allemand est critiqu\u00e9e par diff\u00e9rentes initiatives comme l&rsquo;alliance anti-nucl\u00e9aire ICAN Allemagne. Elles exigent leur retrait.<\/p>\n<p>En Europe, <strong>des armes nucl\u00e9aires am\u00e9ricaines sont \u00e9galement stock\u00e9es en Belgique, aux Pays-Bas, en Italie, en Turquie et, depuis peu, en Grande-Bretagne. Au total, il y en aurait une centaine.<\/strong><\/p>\n<p>Un transfert dans les pays baltes, pr\u00e8s de la fronti\u00e8re russe, serait \u00e9galement envisageable, explique Kamp. <a href=\"https:\/\/fr.euronews.com\/2025\/10\/21\/pays-bas-derniere-etape-de-lexercice-nucleaire-annuel-de-lotan-steadfast-noon\" target=\"_blank\" rel=\"noopener\">L&rsquo;OTAN pourrait<\/a> \u00e9galement envoyer un signal clair \u00e0 la Russie en Pologne ou en Roumanie.<\/p>\n<p><strong>Disposer de ses propres armes nucl\u00e9aires n&rsquo;est \u00ab\u00a0pas sorcier\u00a0\u00bb.<\/strong><\/p>\n<p>En th\u00e9orie, l&rsquo;Allemagne pourrait fabriquer ses propres armes nucl\u00e9aires. Ce n&rsquo;est \u00ab\u00a0pas sorcier\u00a0\u00bb, dit Kamp. Toutes les nations technologiquement avanc\u00e9es en sont capables. Mais politiquement, une telle d\u00e9marche serait un \u00ab\u00a0d\u00e9sastre\u00a0\u00bb pour l&rsquo;Allemagne, surtout en raison de sa responsabilit\u00e9 historique.<\/p>\n<p>Deux trait\u00e9s internationaux interdisent \u00e0 l&rsquo;Allemagne de poss\u00e9der ses propres armes nucl\u00e9aires : d&rsquo;une part, le \u00ab\u00a0trait\u00e9 2 + 4\u00a0\u00bb de 1990, conclu apr\u00e8s la r\u00e9unification entre l&rsquo;Allemagne et les puissances alli\u00e9es victorieuses.<\/p>\n<p>D&rsquo;autre part, le trait\u00e9 de non-prolif\u00e9ration nucl\u00e9aire, sign\u00e9 par la R\u00e9publique f\u00e9d\u00e9rale en 1969. <\/p>\n<p>En th\u00e9orie, l&rsquo;Allemagne pourrait se retirer de ces deux trait\u00e9s, mais en pratique, cela n&rsquo;est gu\u00e8re envisageable sur le plan politique et social.<\/p>\n<p>L&rsquo;Allemagne et d&rsquo;autres pays de l&rsquo;OTAN n&rsquo;ont pas sign\u00e9 un autre trait\u00e9, le trait\u00e9 d&rsquo;interdiction des armes nucl\u00e9aires de l&rsquo;ONU, qui est en vigueur depuis janvier 2021. Les puissances nucl\u00e9aires ont \u00e9galement refus\u00e9 de le signer. L&rsquo;objectif du trait\u00e9 est un monde sans armes nucl\u00e9aires.<\/p>\n<p>La population n&rsquo;est gu\u00e8re favorable au d\u00e9veloppement de ses propres armes nucl\u00e9aires. Seul un<a href=\"https:\/\/fr.euronews.com\/my-europe\/2025\/05\/19\/quelle-est-la-position-des-europeens-de-louest-sur-les-armes-nucleaires\" target=\"_blank\" rel=\"noopener\"> tiers environ des Allemands <\/a>y est favorable.<\/p>\n<p>Et ce ne serait de toute fa\u00e7on pas n\u00e9cessaire. M\u00eame sans les Etats-Unis, l&rsquo;Allemagne reste prot\u00e9g\u00e9e dans le cadre de l&rsquo;OTAN &#8211; par les arsenaux nucl\u00e9aires de la France et de la Grande-Bretagne.<\/p>\n","protected":false},"excerpt":{"rendered":"C&rsquo;est sous tension que la Bundeswehr f\u00eate ses 70 ans d&rsquo;existence \u00e0 Berlin. Jamais depuis sa cr\u00e9ation, la&hellip;\n","protected":false},"author":2,"featured_media":529088,"comment_status":"","ping_status":"","sticky":false,"template":"","format":"standard","meta":{"footnotes":""},"categories":[1587],"tags":[11,672,31467,11979,1804,1805,1803,1777,674,1801,2025,12,1802,132],"class_list":{"0":"post-529087","1":"post","2":"type-post","3":"status-publish","4":"format-standard","5":"has-post-thumbnail","7":"category-allemagne","8":"tag-actualites","9":"tag-allemagne","10":"tag-armee-allemande","11":"tag-armes-nucleaires","12":"tag-bundesrepublik-deutschland","13":"tag-de","14":"tag-deutschland","15":"tag-eu","16":"tag-europe","17":"tag-germany","18":"tag-invasion-de-la-russie-en-ukraine","19":"tag-news","20":"tag-republique-federale-dallemagne","21":"tag-russie"},"share_on_mastodon":{"url":"https:\/\/pubeurope.com\/@fr\/115536608805347244","error":""},"_links":{"self":[{"href":"https:\/\/www.europesays.com\/fr\/wp-json\/wp\/v2\/posts\/529087","targetHints":{"allow":["GET"]}}],"collection":[{"href":"https:\/\/www.europesays.com\/fr\/wp-json\/wp\/v2\/posts"}],"about":[{"href":"https:\/\/www.europesays.com\/fr\/wp-json\/wp\/v2\/types\/post"}],"author":[{"embeddable":true,"href":"https:\/\/www.europesays.com\/fr\/wp-json\/wp\/v2\/users\/2"}],"replies":[{"embeddable":true,"href":"https:\/\/www.europesays.com\/fr\/wp-json\/wp\/v2\/comments?post=529087"}],"version-history":[{"count":0,"href":"https:\/\/www.europesays.com\/fr\/wp-json\/wp\/v2\/posts\/529087\/revisions"}],"wp:featuredmedia":[{"embeddable":true,"href":"https:\/\/www.europesays.com\/fr\/wp-json\/wp\/v2\/media\/529088"}],"wp:attachment":[{"href":"https:\/\/www.europesays.com\/fr\/wp-json\/wp\/v2\/media?parent=529087"}],"wp:term":[{"taxonomy":"category","embeddable":true,"href":"https:\/\/www.europesays.com\/fr\/wp-json\/wp\/v2\/categories?post=529087"},{"taxonomy":"post_tag","embeddable":true,"href":"https:\/\/www.europesays.com\/fr\/wp-json\/wp\/v2\/tags?post=529087"}],"curies":[{"name":"wp","href":"https:\/\/api.w.org\/{rel}","templated":true}]}}