{"id":529094,"date":"2025-11-12T12:11:48","date_gmt":"2025-11-12T12:11:48","guid":{"rendered":"https:\/\/www.europesays.com\/fr\/529094\/"},"modified":"2025-11-12T12:11:48","modified_gmt":"2025-11-12T12:11:48","slug":"quiz-miss-france-2026-quelle-note-auriez-vous-obtenue-au-test-de-culture-generale-des-candidates","status":"publish","type":"post","link":"https:\/\/www.europesays.com\/fr\/529094\/","title":{"rendered":"Quiz Miss France 2026\u00a0: quelle note auriez-vous obtenue au test de culture g\u00e9n\u00e9rale des candidates\u00a0?"},"content":{"rendered":"<p class=\"paragraph text_align_left lp-f-body-02\">Il est de retour et fait stresser plus d\u2019une pr\u00e9tendante \u00e0 la couronne. Le test de culture g\u00e9n\u00e9rale pour <a href=\"https:\/\/www.leparisien.fr\/culture-loisirs\/miss-france\/\" target=\"_blank\" rel=\"noreferrer nofollow noopener\">Miss France 2026<\/a> a eu lieu ce mardi 11 novembre dans l\u2019apr\u00e8s-midi \u00e0 Sainte-Luce (Martinique) o\u00f9 les 30 participantes au concours <a href=\"https:\/\/www.leparisien.fr\/culture-loisirs\/miss-france\/miss-france-2026-comment-le-tube-zouk-ancree-a-ton-port-de-fanny-j-est-devenu-lhymne-du-voyage-en-martinique-11-11-2025-KW5YMY53C5CV5PCRKJPG5MNIXQ.php\" target=\"_blank\" rel=\"nofollow noopener\">sont en voyage de pr\u00e9paration<\/a> pour une semaine, avant la grande c\u00e9r\u00e9monie qui aura lieu le 6 d\u00e9cembre au Z\u00e9nith d\u2019Amiens (Somme).<\/p>\n<p class=\"paragraph text_align_left lp-f-body-02\">Le test, lanc\u00e9 il y a plusieurs ann\u00e9es sous la houlette de Sylvie Tellier, a d\u00e9marr\u00e9 \u00e0 16h30 en Martinique, soit 21h30 heure de Paris. Une fois en train de plancher, les candidates disposaient de 45 minutes pour compl\u00e9ter le questionnaire, compos\u00e9 cette ann\u00e9e de 60 questions, dont certaines en anglais. Alors, \u00eates-vous plus fort que les candidates ?<\/p>\n<p class=\"paragraph text_align_left lp-f-body-02\">Les deux derni\u00e8res ann\u00e9es, <a href=\"https:\/\/www.leparisien.fr\/culture-loisirs\/miss-france\/plus-personne-na-le-droit-de-toucher-une-miss-france-comment-les-candidates-sont-protegees-des-agressions-11-11-2025-DO7NGG7E75CVLA6EMEK4CVVBRE.php\" target=\"_blank\" rel=\"noreferrer nofollow noopener\">les jeunes femmes<\/a> \u00e9taient \u00e9galement soumises \u00e0 une dict\u00e9e, introduite par <a href=\"https:\/\/www.leparisien.fr\/culture-loisirs\/miss-france\/miss-france-2025-harcelee-jai-eu-limpression-de-labandonner-contrainte-et-forcee-confie-cindy-fabre-08-11-2025-HE6TUOWSGBFCZE3TEARXZOPLIQ.php\" target=\"_blank\" rel=\"noreferrer nofollow noopener\">Cindy Fabre, Miss France 2005<\/a> et ancienne directrice du concours. Cela n\u2019a pas \u00e9t\u00e9 reconduit pour cette nouvelle \u00e9dition, mais des questions de fran\u00e7ais ont \u00e9t\u00e9 incluses dans le questionnaire.<\/p>\n<p>Des questions de logique chronom\u00e9tr\u00e9es<\/p>\n<p class=\"paragraph text_align_left lp-f-body-02\">Plusieurs personnes participent \u00e0 la r\u00e9daction, \u00e0 la correction et \u00e0 l\u2019organisation du test, environ 5 membres de l\u2019\u00e9quipe des Miss France. L\u2019attach\u00e9e de presse Carole Claudit s\u2019occupe par exemple des questions d\u2019actualit\u00e9, une autre de celles sur la mode. Le test comprend trois parties : culture g\u00e9n\u00e9rale, logique et anglais.<\/p>\n<p class=\"paragraph text_align_left lp-f-body-02\">Non reproduites dans notre version, les questions de logique \u00e9taient chronom\u00e9tr\u00e9es. \u00ab Elles ont 20 secondes pour une question, puis tournent la page et encha\u00eenent toutes au m\u00eame rythme. Du coup, tout le monde termine en m\u00eame temps \u00bb, nous confie Fr\u00e9d\u00e9ric Gilbert, directeur de la soci\u00e9t\u00e9 Miss France.<\/p>\n<p class=\"paragraph text_align_left lp-f-body-02\">Les objectifs du test sont multiples : \u00e9valuer la culture g\u00e9n\u00e9rale, mais aussi la r\u00e9action et la r\u00e9flexion sous pression, observer comment <a href=\"https:\/\/www.leparisien.fr\/culture-loisirs\/miss-france\/plus-personne-na-le-droit-de-toucher-une-miss-france-comment-les-candidates-sont-protegees-des-agressions-11-11-2025-DO7NGG7E75CVLA6EMEK4CVVBRE.php\" target=\"_blank\" rel=\"noreferrer nofollow noopener\">les candidates<\/a> g\u00e8rent le timing et comprennent les \u00e9nonc\u00e9s. Enfin, la logique sert \u00e0 voir la capacit\u00e9 d\u2019analyse, pas seulement la connaissance.<\/p>\n<p class=\"paragraph text_align_left lp-f-body-02\">Pendant que <a href=\"https:\/\/authentication.leparisien.fr\/connexion\/?redirect_url=https:\/\/www.leparisien.fr\/culture-loisirs\/miss-france\/miss-france-2026-decouvrez-les-30-portraits-officiels-des-pretendantes-a-la-couronne-10-11-2025-C6KJMX43PFCEXJMTYTHYDNORXU.php\" target=\"_blank\" rel=\"noreferrer nofollow noopener\">les 30 pr\u00e9tendantes au titre<\/a> planchaient, sur une table \u00e0 part, deux anciennes Miss pr\u00e9sentes sur le voyage, <a href=\"https:\/\/www.leparisien.fr\/culture-loisirs\/amandine-petit-et-les-accusation-de-sexisme-de-miss-france-je-me-suis-presentee-librement-au-concours-24-10-2021-HC7A63N7WFCPJF5SNSDLXMVPWQ.php\" target=\"_blank\" rel=\"noreferrer nofollow noopener\">Amandine Petit, Miss France 2021<\/a>, et Cl\u00e9mence Botino, Miss France 2020, ont \u00e9galement fait le test, \u00e0 c\u00f4t\u00e9 d\u2019Ang\u00e9lique Angarni-Filopon, Miss France 2025.<\/p>\n<p>Un score qui compte pour atteindre le top 12<\/p>\n<p class=\"paragraph text_align_left lp-f-body-02\">Il est imp\u00e9ratif de ne pas sous-estimer l\u2019importance de cette \u00e9preuve : le score obtenu <a href=\"https:\/\/www.leparisien.fr\/culture-loisirs\/miss-france\/miss-france-2026-decouvrez-les-30-portraits-officiels-des-pretendantes-a-la-couronne-10-11-2025-C6KJMX43PFCEXJMTYTHYDNORXU.php\" target=\"_blank\" rel=\"noreferrer nofollow noopener\">par les 30 participantes r\u00e9gionales<\/a> repr\u00e9sente en effet une part significative de leur note finale pour se qualifier parmi les 12 meilleures. Il est m\u00eame souvent scrut\u00e9 par le jury, qui \u00e9value \u00e9galement leur attitude tout au long de la semaine, ainsi que leur motivation et leur \u00e9loquence.<\/p>\n<p class=\"paragraph text_align_left lp-f-body-02\">Le test est corrig\u00e9 \u00e0 la main, ce qui prend beaucoup de temps et autre nouveaut\u00e9, \u00ab elles auront toutes leurs notes cette ann\u00e9e, avant seulement la moiti\u00e9 venait la r\u00e9clamer \u00bb, glisse <a href=\"https:\/\/www.leparisien.fr\/culture-loisirs\/miss-france\/miss-france-2025-lincroyable-collection-sur-le-cinema-du-patron-du-concours-frederic-gilbert-10-12-2024-AMWFBWPGCREVLMA545XNQKF5H4.php\" target=\"_blank\" rel=\"noreferrer nofollow noopener\">Fr\u00e9d\u00e9ric Gilbert<\/a>. Seules les trois meilleures notes sont annonc\u00e9es publiquement.<\/p>\n<p class=\"paragraph text_align_left lp-f-body-02\">Lors de la pr\u00e9c\u00e9dente \u00e9dition, <a href=\"https:\/\/www.leparisien.fr\/culture-loisirs\/miss-france\/miss-france-2025-miss-picardie-marina-przadka-gagnante-du-test-de-culture-generale-parmi-les-favorites-08-12-2024-MQV6KGWDYNHIFCRCDQ7FJBM53E.php\" target=\"_blank\" rel=\"noreferrer nofollow noopener\">c\u2019est Marina Przadka, Miss Picardie<\/a>, qui s\u2019\u00e9tait plac\u00e9e en premi\u00e8re position gr\u00e2ce \u00e0 une note de 15,5\/20. <a href=\"https:\/\/www.leparisien.fr\/culture-loisirs\/miss-france\/miss-france-2025-en-plus-du-concours-je-fais-deja-mes-35-heures-raconte-miss-guadeloupe-moira-andre-10-12-2024-3D5A33RFARAANEDBW2GHVJ2JCA.php\" target=\"_blank\" rel=\"noreferrer nofollow noopener\">Mo\u00efra Andr\u00e9 pour la Guadeloupe<\/a> et Romane Agostinho pour l\u2019Auvergne compl\u00e9taient le podium avec des notes de 13,5 et 12,5 respectivement. Miss Picardie avait termin\u00e9 dans le top 15, tandis que Miss Guadeloupe avait \u00e9t\u00e9 \u00e9lue 3e dauphine.<\/p>\n<p class=\"paragraph text_align_left lp-f-body-02\">Apr\u00e8s \u00ab le Grand bal des Miss \u00bb l\u2019an dernier, cette 96e \u00e9dition du concours de beaut\u00e9 est plac\u00e9e sous le signe de l\u2019\u00e9vasion, avec pour th\u00e8me \u00ab le Voyage des Miss \u00bb pour \u00e9lire celle <a href=\"https:\/\/www.leparisien.fr\/culture-loisirs\/miss-france\/je-suis-submergee-les-larmes-dangelique-angarni-filopon-miss-france-2025-accueillie-comme-une-cheffe-detat-en-martinique-10-11-2025-RLBOOXH5RBCXHCHX6PHAJCXCHQ.php\" target=\"_blank\" rel=\"noreferrer nofollow noopener\">qui succ\u00e9dera \u00e0 Ang\u00e9lique Angarni-Filopon<\/a>.<\/p>\n","protected":false},"excerpt":{"rendered":"Il est de retour et fait stresser plus d\u2019une pr\u00e9tendante \u00e0 la couronne. Le test de culture g\u00e9n\u00e9rale&hellip;\n","protected":false},"author":2,"featured_media":529095,"comment_status":"","ping_status":"","sticky":false,"template":"","format":"standard","meta":{"footnotes":""},"categories":[2],"tags":[11,872,1011,27,3034,12,25],"class_list":{"0":"post-529094","1":"post","2":"type-post","3":"status-publish","4":"format-standard","5":"has-post-thumbnail","7":"category-actualites","8":"tag-actualites","9":"tag-culture-et-loisirs","10":"tag-fr","11":"tag-france","12":"tag-miss-france","13":"tag-news","14":"tag-republique-francaise"},"share_on_mastodon":{"url":"https:\/\/pubeurope.com\/@fr\/115536668125589433","error":""},"_links":{"self":[{"href":"https:\/\/www.europesays.com\/fr\/wp-json\/wp\/v2\/posts\/529094","targetHints":{"allow":["GET"]}}],"collection":[{"href":"https:\/\/www.europesays.com\/fr\/wp-json\/wp\/v2\/posts"}],"about":[{"href":"https:\/\/www.europesays.com\/fr\/wp-json\/wp\/v2\/types\/post"}],"author":[{"embeddable":true,"href":"https:\/\/www.europesays.com\/fr\/wp-json\/wp\/v2\/users\/2"}],"replies":[{"embeddable":true,"href":"https:\/\/www.europesays.com\/fr\/wp-json\/wp\/v2\/comments?post=529094"}],"version-history":[{"count":0,"href":"https:\/\/www.europesays.com\/fr\/wp-json\/wp\/v2\/posts\/529094\/revisions"}],"wp:featuredmedia":[{"embeddable":true,"href":"https:\/\/www.europesays.com\/fr\/wp-json\/wp\/v2\/media\/529095"}],"wp:attachment":[{"href":"https:\/\/www.europesays.com\/fr\/wp-json\/wp\/v2\/media?parent=529094"}],"wp:term":[{"taxonomy":"category","embeddable":true,"href":"https:\/\/www.europesays.com\/fr\/wp-json\/wp\/v2\/categories?post=529094"},{"taxonomy":"post_tag","embeddable":true,"href":"https:\/\/www.europesays.com\/fr\/wp-json\/wp\/v2\/tags?post=529094"}],"curies":[{"name":"wp","href":"https:\/\/api.w.org\/{rel}","templated":true}]}}