{"id":529096,"date":"2025-11-12T12:12:21","date_gmt":"2025-11-12T12:12:21","guid":{"rendered":"https:\/\/www.europesays.com\/fr\/529096\/"},"modified":"2025-11-12T12:12:21","modified_gmt":"2025-11-12T12:12:21","slug":"france-ukraine-les-absents-ne-nous-permettent-pas-de-repeter-les-automatismes-regrette-didier-deschamps","status":"publish","type":"post","link":"https:\/\/www.europesays.com\/fr\/529096\/","title":{"rendered":"France\u00a0&#8211; Ukraine : \u00ab\u00a0Les absents ne nous permettent pas de r\u00e9p\u00e9ter les automatismes\u00a0\u00bb, regrette Didier Deschamps"},"content":{"rendered":"<p class=\"paragraph text_align_left lp-f-body-02\">Jeudi, c\u2019est soir de qualification. C\u2019est en tout cas l\u2019objectif de <a href=\"https:\/\/www.leparisien.fr\/sports\/football\/equipe-de-france\/on-sait-quon-peut-compter-sur-lui-ngolo-kante-et-les-bleus-une-histoire-damour-sans-fin-12-11-2025-ASIYFNRLEBG2LF6QDNP2O6WGLI.php\" target=\"_blank\" rel=\"noreferrer noopener\">l\u2019\u00e9quipe de France<\/a>. Elle accueille l\u2019Ukraine au Parc des Princes et une victoire l\u2019enverrait \u00e0 la Coupe du monde 2026 organis\u00e9e au Mexique, au Canada et aux \u00c9tats-Unis (11 juin &#8211; 19 juillet). \u00c0 la veille de ce rendez-vous capital, Didier Deschamps \u00e9tait mercredi en conf\u00e9rence de presse.<\/p>\n<p class=\"paragraph text_align_left lp-f-body-02\"><b>Rayan Cherki est-il meilleur en entrant qu\u2019en commen\u00e7ant les matchs<\/b> <b>?<\/b><\/p>\n<p class=\"paragraph text_align_left lp-f-body-02\"><b>DIDIER DESCHAMPS.<\/b> Chacun a ses analyses. Rayan a cette capacit\u00e9 technique de faire des diff\u00e9rences. Il a la libert\u00e9 que je donne aux joueurs offensifs. Dans le football moderne, on ne peut pas perdre un joueur \u00e0 la perte du ballon. Il y a donc des efforts \u00e0 faire. Il est capable d\u2019\u00eatre d\u00e9cisif d\u00e8s le d\u00e9but. Dans l\u2019absolu, avec la fatigue de l\u2019adversaire, il peut aider encore plus en entrant mais il peut commencer les rencontres.<\/p>\n<p class=\"paragraph text_align_left lp-f-body-02\"><b>Ce match contre l\u2019Ukraine peut-il servir \u00e0 construire<\/b> <b>?<\/b><\/p>\n<p class=\"paragraph text_align_left lp-f-body-02\">Tous les matchs servent. <a href=\"https:\/\/www.leparisien.fr\/sports\/football\/coupe-du-monde\/direct-france-ukraine-suivez-la-conference-de-presse-de-kylian-mbappe-et-didier-deschamps-a-la-veille-du-match-12-11-2025-E35IWM45VBF2HEMN4INQGMZPPM.php\" target=\"_self\" rel=\"noopener\">L\u00e0, on peut se qualifier<\/a>. Il y aura des \u00e9l\u00e9ments qui nous serviront. Mais il y a des absents en septembre, octobre et novembre qui ne nous permettent pas de r\u00e9p\u00e9ter des automatismes. Mars, c\u2019est loin. Faisons d\u2019abord en sorte d\u2019atteindre notre objectif.<\/p>\n<p class=\"paragraph text_align_left lp-f-body-02\"><b>Bradley Barcola est-il fatigu\u00e9, \u00e9puis\u00e9 comme il l\u2019a dit apr\u00e8s la d\u00e9faite contre le Bayern Munich le 4 novembre ?<\/b><\/p>\n<p class=\"paragraph text_align_left lp-f-body-02\">\u00ab Barco \u00bb va bien. En d\u00e9but d\u2019ann\u00e9e, il \u00e9tait tr\u00e8s bien avec nous mais il jouait moins. L\u00e0, les joueurs qui disputent la Ligue des champions ont eu six matchs en quinze jours. Il n\u2019a pas disput\u00e9 le dernier \u00e0 Lyon, il \u00e9tait sur le banc. Il va bien, il a de bonnes sensations. C\u2019est un \u00e9l\u00e9ment important. L\u2019accumulation am\u00e8ne la fatigue. Oui, lundi, mardi, on a fait de la r\u00e9cup\u00e9ration. Mais il se sent bien, sans souci particulier.<\/p>\n<p class=\"paragraph text_align_left lp-f-body-02\"><b>Il n\u2019y a aucun entra\u00eeneur fran\u00e7ais parmi les 36 \u00e9quipes de la Ligue des champions. Le regrettez-vous ?<\/b><\/p>\n<p class=\"paragraph text_align_left lp-f-body-02\">Je le regrette, oui. L\u2019entra\u00eeneur fran\u00e7ais n\u2019est pas assez valoris\u00e9, d\u00e9j\u00e0 en France. Il n\u2019est pas moins bon que les autres. Est-ce que l\u2019entra\u00eeneur \u00e9tranger est mieux organis\u00e9 ? Sans doute. Je suis d\u00e9\u00e7u. Il y a beaucoup d\u2019entra\u00eeneurs fran\u00e7ais qui ont les capacit\u00e9s mais qui ne sont pas sollicit\u00e9s.<\/p>\n<p class=\"paragraph text_align_left lp-f-body-02\"><b>Pourquoi N\u2019Golo Kant\u00e9 sera titulaire ce jeudi contre l\u2019Ukraine ?<\/b><\/p>\n<p class=\"paragraph text_align_left lp-f-body-02\">Ah, direct ! Il va bien. Il a toujours le sourire. Il a particip\u00e9 \u00e0 un petit jeu hier (mardi \u00e0 Clairefontaine) mais ce n\u2019est pas moi qui choisis les \u00e9quipes. Il maintient son niveau, en disputant plus de matchs cette saison avec la Ligue des champions asiatique. Il a un v\u00e9cu et une exp\u00e9rience importants pour ce type de rendez-vous.<\/p>\n","protected":false},"excerpt":{"rendered":"Jeudi, c\u2019est soir de qualification. C\u2019est en tout cas l\u2019objectif de l\u2019\u00e9quipe de France. Elle accueille l\u2019Ukraine au&hellip;\n","protected":false},"author":2,"featured_media":529097,"comment_status":"","ping_status":"","sticky":false,"template":"","format":"standard","meta":{"footnotes":""},"categories":[4],"tags":[11,451,63,1011,27,12,25,60],"class_list":{"0":"post-529096","1":"post","2":"type-post","3":"status-publish","4":"format-standard","5":"has-post-thumbnail","7":"category-france","8":"tag-actualites","9":"tag-coupe-du-monde","10":"tag-football","11":"tag-fr","12":"tag-france","13":"tag-news","14":"tag-republique-francaise","15":"tag-sports"},"share_on_mastodon":{"url":"https:\/\/pubeurope.com\/@fr\/115536668192494491","error":""},"_links":{"self":[{"href":"https:\/\/www.europesays.com\/fr\/wp-json\/wp\/v2\/posts\/529096","targetHints":{"allow":["GET"]}}],"collection":[{"href":"https:\/\/www.europesays.com\/fr\/wp-json\/wp\/v2\/posts"}],"about":[{"href":"https:\/\/www.europesays.com\/fr\/wp-json\/wp\/v2\/types\/post"}],"author":[{"embeddable":true,"href":"https:\/\/www.europesays.com\/fr\/wp-json\/wp\/v2\/users\/2"}],"replies":[{"embeddable":true,"href":"https:\/\/www.europesays.com\/fr\/wp-json\/wp\/v2\/comments?post=529096"}],"version-history":[{"count":0,"href":"https:\/\/www.europesays.com\/fr\/wp-json\/wp\/v2\/posts\/529096\/revisions"}],"wp:featuredmedia":[{"embeddable":true,"href":"https:\/\/www.europesays.com\/fr\/wp-json\/wp\/v2\/media\/529097"}],"wp:attachment":[{"href":"https:\/\/www.europesays.com\/fr\/wp-json\/wp\/v2\/media?parent=529096"}],"wp:term":[{"taxonomy":"category","embeddable":true,"href":"https:\/\/www.europesays.com\/fr\/wp-json\/wp\/v2\/categories?post=529096"},{"taxonomy":"post_tag","embeddable":true,"href":"https:\/\/www.europesays.com\/fr\/wp-json\/wp\/v2\/tags?post=529096"}],"curies":[{"name":"wp","href":"https:\/\/api.w.org\/{rel}","templated":true}]}}