{"id":529100,"date":"2025-11-12T12:17:36","date_gmt":"2025-11-12T12:17:36","guid":{"rendered":"https:\/\/www.europesays.com\/fr\/529100\/"},"modified":"2025-11-12T12:17:36","modified_gmt":"2025-11-12T12:17:36","slug":"yann-roubert-president-de-la-ligue-nationale-de-rugby-surtout-ne-pas-se-resigner-lequipe","status":"publish","type":"post","link":"https:\/\/www.europesays.com\/fr\/529100\/","title":{"rendered":"Yann Roubert, pr\u00e9sident de la Ligue nationale de rugby : \u00ab Surtout ne pas se r\u00e9signer \u00bb &#8211; L&#039;\u00c9quipe"},"content":{"rendered":"<ol>\n<li><a href=\"https:\/\/news.google.com\/rss\/articles\/CBMixwFBVV95cUxPRHFrXzR3ZVI3S1JWZDBWWkF2R0x6M3IyRUpLQWdBQ1NOeHl2TXhFb2xuUDR2UGRNSDU2M2dOZjItVU1vb3M4bVQ2WVZlZlZkYnJEWWdyYnRFWURwTmNsWjBqMUVuRzAwRm01bkdVeHVtZ1Z3dUJpcTN1M2dOOW1JMFUzcXUtVFFpVWlTRjl2ZHlPcXZVaG9fNnBVc0JNSkpFbjFvdnJDb0Q4UHZxdHViMWxuZENoQlNUV29aYTg2UmxXd3pQeXl3?oc=5\" target=\"_blank\" rel=\"nofollow noopener\">Yann Roubert, pr\u00e9sident de la Ligue nationale de rugby : \u00ab Surtout ne pas se r\u00e9signer \u00bb<\/a>&nbsp;&nbsp;L&rsquo;\u00c9quipe<\/li>\n<li><a href=\"https:\/\/news.google.com\/rss\/articles\/CBMiuwFBVV95cUxNMWZwT2l0ay1tY2ttcHI2ZXBPSFotQWRDN3I1NFNuWDlEYTV5S193TWxQWk1nS3c2VzVDd0lNTFN1S0U2ZTRLLVZZN0ZYbTRKcnlVUzdwbXB6RVh3UW8zN2dfT1RmajFLNFZKcDBsY3ZndjFHYS13RmVQbG1VTWdqT2tGNGZyaWU1enFja0h5V3c0ajVoSHBHS2ZNVHdNaVJjZ1QzTGlBVkZYcF9IMUJ0LWNNOGlCVXRsYW5R?oc=5\" target=\"_blank\" rel=\"nofollow noopener\">Florian Grill, Pr\u00e9sident de la F\u00e9d\u00e9ration Fran\u00e7aise de Rugby<\/a>&nbsp;&nbsp;Radio France<\/li>\n<li><a href=\"https:\/\/news.google.com\/rss\/articles\/CBMirAFBVV95cUxPV25qTlQ5bExneEVBdDlYTHloUU9Da0FwLVBpS2dma1puN01GOHJwd1VVbVlwVHd4bmQzc0xIOFN6RnpEdGlmYjUzNnZJQ3V5aWFvVlBvODVtOHVGOWxIb2NvVkRuV25weW45UEFWYUhMbXA1NHh3YWJqUXdubXZ1akRKVS1UVEI2Mk9qZmFoRTJ3anc4enZnU05lUi02STZ2VGtyLWZRNnZram1l?oc=5\" target=\"_blank\" rel=\"nofollow noopener\">Une plus grande disponibilit\u00e9 des internationaux l\u2019ann\u00e9e prochaine ?<\/a>&nbsp;&nbsp;Rugby Scapulaire<\/li>\n<li><a href=\"https:\/\/news.google.com\/rss\/articles\/CBMiywFBVV95cUxPLWtHbDdJcDB5QkpjVGtnSk5fRUh5U2YteWwwVnhvanRSNlRJeUlrWG83TnR6V2FiMThWazdTWHRXWlJLaGNfazlQWUVoNDZZSDJaei0xbWJ0S1R5M012N1AySTNwZktod1VLYXpNdVdWRUgxMDY1UWh5QkVJTzc2RnFfbUc5MkNIdm93U1hxT2VUQmN4S2F4T1kzNFplQ25fY0Z0YndQcGFjbElvV3RidFVvcWlIbGtua1lDQ2N1NlVYNXZxVVZETjBwZw?oc=5\" target=\"_blank\" rel=\"nofollow noopener\">Mondial 2027 : Comment la FFR veut faire briller les Bleus sans sacrifier le Top 14 ?<\/a>&nbsp;&nbsp;Quinze Mondial<\/li>\n<li><a href=\"https:\/\/news.google.com\/rss\/articles\/CBMikgFBVV95cUxPQTRrYUJWajMyRzdKcmpBZ3ZRY2REVlp3QUtTdkkxdU9kTUZYeDE0MmpLUGpfeEN3dUU1RHdxQUQxZl9zNGNWOVdPNktFa2FBVm41N1JUTWZtY3VEdnZ3WWpVZ1dsQVh3RjBWdTJUUzdOTk9WUWs4UWFVaWZZMENXN3NWd3luOHBRRFc0WEVJOGF2UQ?oc=5\" target=\"_blank\" rel=\"nofollow noopener\">Florian Grill : une \u00ab confiance absolue \u00bb en Fabien Galthi\u00e9<\/a>&nbsp;&nbsp;Rugbypass.com<\/li>\n<\/ol>\n","protected":false},"excerpt":{"rendered":"Yann Roubert, pr\u00e9sident de la Ligue nationale de rugby : \u00ab Surtout ne pas se r\u00e9signer \u00bb&nbsp;&nbsp;L&rsquo;\u00c9quipe Florian&hellip;\n","protected":false},"author":2,"featured_media":529101,"comment_status":"","ping_status":"","sticky":false,"template":"","format":"standard","meta":{"footnotes":""},"categories":[1416],"tags":[1011,27,479,1468,60],"class_list":{"0":"post-529100","1":"post","2":"type-post","3":"status-publish","4":"format-standard","5":"has-post-thumbnail","7":"category-rugby","8":"tag-fr","9":"tag-france","10":"tag-rugby","11":"tag-rugby-football","12":"tag-sports"},"share_on_mastodon":{"url":"https:\/\/pubeurope.com\/@fr\/115536687477837260","error":""},"_links":{"self":[{"href":"https:\/\/www.europesays.com\/fr\/wp-json\/wp\/v2\/posts\/529100","targetHints":{"allow":["GET"]}}],"collection":[{"href":"https:\/\/www.europesays.com\/fr\/wp-json\/wp\/v2\/posts"}],"about":[{"href":"https:\/\/www.europesays.com\/fr\/wp-json\/wp\/v2\/types\/post"}],"author":[{"embeddable":true,"href":"https:\/\/www.europesays.com\/fr\/wp-json\/wp\/v2\/users\/2"}],"replies":[{"embeddable":true,"href":"https:\/\/www.europesays.com\/fr\/wp-json\/wp\/v2\/comments?post=529100"}],"version-history":[{"count":0,"href":"https:\/\/www.europesays.com\/fr\/wp-json\/wp\/v2\/posts\/529100\/revisions"}],"wp:featuredmedia":[{"embeddable":true,"href":"https:\/\/www.europesays.com\/fr\/wp-json\/wp\/v2\/media\/529101"}],"wp:attachment":[{"href":"https:\/\/www.europesays.com\/fr\/wp-json\/wp\/v2\/media?parent=529100"}],"wp:term":[{"taxonomy":"category","embeddable":true,"href":"https:\/\/www.europesays.com\/fr\/wp-json\/wp\/v2\/categories?post=529100"},{"taxonomy":"post_tag","embeddable":true,"href":"https:\/\/www.europesays.com\/fr\/wp-json\/wp\/v2\/tags?post=529100"}],"curies":[{"name":"wp","href":"https:\/\/api.w.org\/{rel}","templated":true}]}}