{"id":529102,"date":"2025-11-12T12:21:47","date_gmt":"2025-11-12T12:21:47","guid":{"rendered":"https:\/\/www.europesays.com\/fr\/529102\/"},"modified":"2025-11-12T12:21:47","modified_gmt":"2025-11-12T12:21:47","slug":"vers-un-nouveau-coup-dur-pour-litalie-en-vue-de-la-coupe-davis","status":"publish","type":"post","link":"https:\/\/www.europesays.com\/fr\/529102\/","title":{"rendered":"vers un nouveau coup dur pour l\u2019Italie en vue de la Coupe Davis ?"},"content":{"rendered":"<p>                <img decoding=\"async\" src=\"https:\/\/www.europesays.com\/fr\/wp-content\/uploads\/2025\/11\/avw9.jpg\" fetchpriority=\"high\" alt=\"Musetti pourrait d\u00e9clarer forfait pour le Final 8 : vers un nouveau coup dur pour l\u2019Italie en vue de la Coupe Davis ?\"\/><\/p>\n<p>D\u00e9j\u00e0 priv\u00e9e de Jannik Sinner, l\u2019Italie pourrait \u00e9galement aborder la phase finale de la Coupe Davis sans Lorenzo Musetti, ext\u00e9nu\u00e9 par les nombreux efforts consentis en cette fin de saison.<\/p>\n<p>Actuellement pr\u00e9sent aux ATP Finals, Lorenzo Musetti puise dans ses ressources physiques en cette fin de saison. Lanc\u00e9 dans une course-poursuite pour se qualifier pour le Masters pour la premi\u00e8re fois de sa carri\u00e8re, le 9e joueur mondial a disput\u00e9 le tournoi d\u2019Ath\u00e8nes la semaine derni\u00e8re, o\u00f9 il a atteint la finale contre Novak Djokovic. Dans la foul\u00e9e, le joueur de 23 ans a encha\u00een\u00e9 avec le Masters.<\/p>\n<p>Apr\u00e8s sa d\u00e9faite inaugurale contre Taylor Fritz, l\u2019Italien s\u2019est relanc\u00e9 dans la course \u00e0 la qualification pour les demi-finales en dominant Alex De Minaur. Jeudi, il affrontera Carlos Alcaraz pour tenter de se qualifier pour le dernier carr\u00e9.<\/p>\n<p>Toutefois, les nombreux efforts consentis ces derni\u00e8res semaines par Musetti commencent \u00e0 avoir un impact sur son \u00e9tat physique. D\u2019ailleurs, selon les informations de Sky Sports Italia, le demi-finaliste de Roland-Garros cette saison s\u2019interrogerait sur sa participation \u00e0 la phase finale de la Coupe Davis \u00e0 Bologne la semaine prochaine.<\/p>\n<p>Selon la source, Musetti, leader de son pays pour le Final 8 en l\u2019absence de Sinner et retenu par son capitaine Filippo Volandri, devrait prendre sa d\u00e9cision d\u00e9finitive \u00e0 la fin de son parcours aux ATP Finals.<\/p>\n<p>En cas de forfait, Lorenzo Sonego serait en pole position pour le remplacer. \u00c0 noter qu\u2019\u00e0 l\u2019heure actuelle, Musetti fait partie du groupe retenu en compagnie de Flavio Cobolli, Matteo Berrettini, Andrea Vavassori et Simone Bolelli. L&rsquo;Italie affrontera l&rsquo;Autriche en quarts de finale.<\/p>\n","protected":false},"excerpt":{"rendered":"D\u00e9j\u00e0 priv\u00e9e de Jannik Sinner, l\u2019Italie pourrait \u00e9galement aborder la phase finale de la Coupe Davis sans Lorenzo&hellip;\n","protected":false},"author":2,"featured_media":529103,"comment_status":"","ping_status":"","sticky":false,"template":"","format":"standard","meta":{"footnotes":""},"categories":[1415],"tags":[1011,27,60,1467],"class_list":{"0":"post-529102","1":"post","2":"type-post","3":"status-publish","4":"format-standard","5":"has-post-thumbnail","7":"category-tennis","8":"tag-fr","9":"tag-france","10":"tag-sports","11":"tag-tennis"},"share_on_mastodon":{"url":"https:\/\/pubeurope.com\/@fr\/115536703747785983","error":""},"_links":{"self":[{"href":"https:\/\/www.europesays.com\/fr\/wp-json\/wp\/v2\/posts\/529102","targetHints":{"allow":["GET"]}}],"collection":[{"href":"https:\/\/www.europesays.com\/fr\/wp-json\/wp\/v2\/posts"}],"about":[{"href":"https:\/\/www.europesays.com\/fr\/wp-json\/wp\/v2\/types\/post"}],"author":[{"embeddable":true,"href":"https:\/\/www.europesays.com\/fr\/wp-json\/wp\/v2\/users\/2"}],"replies":[{"embeddable":true,"href":"https:\/\/www.europesays.com\/fr\/wp-json\/wp\/v2\/comments?post=529102"}],"version-history":[{"count":0,"href":"https:\/\/www.europesays.com\/fr\/wp-json\/wp\/v2\/posts\/529102\/revisions"}],"wp:featuredmedia":[{"embeddable":true,"href":"https:\/\/www.europesays.com\/fr\/wp-json\/wp\/v2\/media\/529103"}],"wp:attachment":[{"href":"https:\/\/www.europesays.com\/fr\/wp-json\/wp\/v2\/media?parent=529102"}],"wp:term":[{"taxonomy":"category","embeddable":true,"href":"https:\/\/www.europesays.com\/fr\/wp-json\/wp\/v2\/categories?post=529102"},{"taxonomy":"post_tag","embeddable":true,"href":"https:\/\/www.europesays.com\/fr\/wp-json\/wp\/v2\/tags?post=529102"}],"curies":[{"name":"wp","href":"https:\/\/api.w.org\/{rel}","templated":true}]}}