{"id":529104,"date":"2025-11-12T12:27:21","date_gmt":"2025-11-12T12:27:21","guid":{"rendered":"https:\/\/www.europesays.com\/fr\/529104\/"},"modified":"2025-11-12T12:27:21","modified_gmt":"2025-11-12T12:27:21","slug":"swiss-cycling-du-changement-dans-les-entraineurs-nationaux-actualite","status":"publish","type":"post","link":"https:\/\/www.europesays.com\/fr\/529104\/","title":{"rendered":"Swiss Cycling : Du changement dans les entra\u00eeneurs nationaux &#8211; Actualit\u00e9"},"content":{"rendered":"<p style=\"text-align: justify;\">Swiss Cycling, la f\u00e9d\u00e9ration suisse, annonce plusieurs changements dans ses entra\u00eeneurs nationaux.<\/p>\n<p>Ainsi, Tristan Marguet prend la t\u00eate de l\u2019\u00e9quipe Espoirs Hommes sur route \u00e0 la place de Michael Sch\u00e4r, qui s\u2019occupera d\u00e9sormais uniquement des Elites Hommes chez Swiss Cycling. En parall\u00e8le, Tristan Marguet reste entra\u00eeneur national de la piste aux c\u00f4t\u00e9s de Morgan Kneisky et Julien Bossens. Ce dernier sera toujours en charge des U17 Hommes, sur la route, mais il sera d\u00e9sormais \u00e9paul\u00e9 par Nik Iseli.<\/p>\n<p>Jusque-l\u00e0 assistante de Kathrin Stirnemann chez les Femmes en VTT, L\u00e9na Mettraux devient responsable de l\u2019\u00e9quipe Juniors Femmes sur route. Elle avait d\u00e9j\u00e0 encadr\u00e9 l\u2019\u00e9quipe nationale cette saison, notamment lors des deux manches du Grand Prix Valromey Tour.<\/p>\n<p>Dans le staff VTT, la Vaudoise est remplac\u00e9e par Linda Indergand, 3e aux Jeux Olympiques de Tokyo. Celle qui vient de mettre un terme \u00e0 sa carri\u00e8re renforce \u00e9galement le staff de Nexetis, l\u2019\u00e9quipe Continentale cr\u00e9\u00e9e par Swiss Cycling.<\/p>\n","protected":false},"excerpt":{"rendered":"Swiss Cycling, la f\u00e9d\u00e9ration suisse, annonce plusieurs changements dans ses entra\u00eeneurs nationaux. Ainsi, Tristan Marguet prend la t\u00eate&hellip;\n","protected":false},"author":2,"featured_media":529105,"comment_status":"","ping_status":"","sticky":false,"template":"","format":"standard","meta":{"footnotes":""},"categories":[1411],"tags":[834,828,836,829,837,827,83,826,824,823,1154,207,814,817,815,816,822,821,832,211,839,1011,27,820,818,819,835,831,830,833,838,60,212,208,825],"class_list":{"0":"post-529104","1":"post","2":"type-post","3":"status-publish","4":"format-standard","5":"has-post-thumbnail","7":"category-cyclisme","8":"tag-attaque","9":"tag-belgique","10":"tag-braquet","11":"tag-bretagne","12":"tag-chute","13":"tag-competition","14":"tag-coupe-de-france","15":"tag-coureur","16":"tag-course-cyclisme","17":"tag-course-cycliste","18":"tag-cycling","19":"tag-cyclisme","20":"tag-direct","21":"tag-direct-velo","22":"tag-directvelo","23":"tag-directvelo-com","24":"tag-epreuve","25":"tag-epreuve-cycliste","26":"tag-federation-francaise-de-cyclisme","27":"tag-ffc","28":"tag-flandres","29":"tag-fr","30":"tag-france","31":"tag-live","32":"tag-live-course","33":"tag-live-epreuve","34":"tag-peloton","35":"tag-radio-peloton","36":"tag-radio-tour","37":"tag-ravitaillement","38":"tag-relance","39":"tag-sports","40":"tag-uci","41":"tag-velo","42":"tag-velos"},"share_on_mastodon":{"url":"https:\/\/pubeurope.com\/@fr\/115536726887132440","error":""},"_links":{"self":[{"href":"https:\/\/www.europesays.com\/fr\/wp-json\/wp\/v2\/posts\/529104","targetHints":{"allow":["GET"]}}],"collection":[{"href":"https:\/\/www.europesays.com\/fr\/wp-json\/wp\/v2\/posts"}],"about":[{"href":"https:\/\/www.europesays.com\/fr\/wp-json\/wp\/v2\/types\/post"}],"author":[{"embeddable":true,"href":"https:\/\/www.europesays.com\/fr\/wp-json\/wp\/v2\/users\/2"}],"replies":[{"embeddable":true,"href":"https:\/\/www.europesays.com\/fr\/wp-json\/wp\/v2\/comments?post=529104"}],"version-history":[{"count":0,"href":"https:\/\/www.europesays.com\/fr\/wp-json\/wp\/v2\/posts\/529104\/revisions"}],"wp:featuredmedia":[{"embeddable":true,"href":"https:\/\/www.europesays.com\/fr\/wp-json\/wp\/v2\/media\/529105"}],"wp:attachment":[{"href":"https:\/\/www.europesays.com\/fr\/wp-json\/wp\/v2\/media?parent=529104"}],"wp:term":[{"taxonomy":"category","embeddable":true,"href":"https:\/\/www.europesays.com\/fr\/wp-json\/wp\/v2\/categories?post=529104"},{"taxonomy":"post_tag","embeddable":true,"href":"https:\/\/www.europesays.com\/fr\/wp-json\/wp\/v2\/tags?post=529104"}],"curies":[{"name":"wp","href":"https:\/\/api.w.org\/{rel}","templated":true}]}}