{"id":529108,"date":"2025-11-12T12:29:11","date_gmt":"2025-11-12T12:29:11","guid":{"rendered":"https:\/\/www.europesays.com\/fr\/529108\/"},"modified":"2025-11-12T12:29:11","modified_gmt":"2025-11-12T12:29:11","slug":"nikos-aliagas-facetieux-il-faut-se-marrer","status":"publish","type":"post","link":"https:\/\/www.europesays.com\/fr\/529108\/","title":{"rendered":"Nikos Aliagas, fac\u00e9tieux\u00a0: \u00ab\u00a0il faut se marrer\u00a0\u00bb"},"content":{"rendered":"<p><strong>Autod\u00e9rision<\/strong>. <a href=\"https:\/\/www.journaldesfemmes.fr\/people\/personnalites\/2782895-nikos-aliagas-femme-tina-grigoriou-enfants-pere-avc\/\" title=\"Nikos Aliagas\" target=\"_blank\" rel=\"noopener\">Nikos Aliagas<\/a> se d\u00e9guise r\u00e9guli\u00e8rement sur le plateau de The Voice et assume compl\u00e8tement, notamment le costume de P\u00e8re No\u00ebl qu&rsquo;il a un jour port\u00e9 !\u00a0\u00ab\u00a0Tant que tu sais que tu le fais pour le game, pour le jeu, et que tu joues pas un r\u00f4le de composition pour faire genre le P\u00e8re No\u00ebl, et que t&rsquo;assumes tout, \u00e7a passe. Apr\u00e8s, si t&rsquo;es l\u00e0 pour effectivement dire je veux faire \u00e7a, c&rsquo;est bien pour l&rsquo;image. Je me pose plus ce genre de questions \u00e0 56\u00a0ans. Faut se marrer\u00a0\u00bb, a confi\u00e9 l&rsquo;animateur dans C \u00e0 Vous.<\/p>\n","protected":false},"excerpt":{"rendered":"Autod\u00e9rision. Nikos Aliagas se d\u00e9guise r\u00e9guli\u00e8rement sur le plateau de The Voice et assume compl\u00e8tement, notamment le costume&hellip;\n","protected":false},"author":2,"featured_media":529109,"comment_status":"","ping_status":"","sticky":false,"template":"","format":"standard","meta":{"footnotes":""},"categories":[1359],"tags":[64826,51761,58,59,52292,1011,27,51766,1031,10827,973],"class_list":{"0":"post-529108","1":"post","2":"type-post","3":"status-publish","4":"format-standard","5":"has-post-thumbnail","7":"category-people","8":"tag-cms-journaldesfemmes-3246954","9":"tag-controller-content","10":"tag-divertissement","11":"tag-entertainment","12":"tag-format-reportage","13":"tag-fr","14":"tag-france","15":"tag-les-histoires-du-jdf","16":"tag-magazine","17":"tag-nikos-aliagas","18":"tag-people"},"share_on_mastodon":{"url":"https:\/\/pubeurope.com\/@fr\/115536734658617214","error":""},"_links":{"self":[{"href":"https:\/\/www.europesays.com\/fr\/wp-json\/wp\/v2\/posts\/529108","targetHints":{"allow":["GET"]}}],"collection":[{"href":"https:\/\/www.europesays.com\/fr\/wp-json\/wp\/v2\/posts"}],"about":[{"href":"https:\/\/www.europesays.com\/fr\/wp-json\/wp\/v2\/types\/post"}],"author":[{"embeddable":true,"href":"https:\/\/www.europesays.com\/fr\/wp-json\/wp\/v2\/users\/2"}],"replies":[{"embeddable":true,"href":"https:\/\/www.europesays.com\/fr\/wp-json\/wp\/v2\/comments?post=529108"}],"version-history":[{"count":0,"href":"https:\/\/www.europesays.com\/fr\/wp-json\/wp\/v2\/posts\/529108\/revisions"}],"wp:featuredmedia":[{"embeddable":true,"href":"https:\/\/www.europesays.com\/fr\/wp-json\/wp\/v2\/media\/529109"}],"wp:attachment":[{"href":"https:\/\/www.europesays.com\/fr\/wp-json\/wp\/v2\/media?parent=529108"}],"wp:term":[{"taxonomy":"category","embeddable":true,"href":"https:\/\/www.europesays.com\/fr\/wp-json\/wp\/v2\/categories?post=529108"},{"taxonomy":"post_tag","embeddable":true,"href":"https:\/\/www.europesays.com\/fr\/wp-json\/wp\/v2\/tags?post=529108"}],"curies":[{"name":"wp","href":"https:\/\/api.w.org\/{rel}","templated":true}]}}