{"id":529112,"date":"2025-11-12T12:34:13","date_gmt":"2025-11-12T12:34:13","guid":{"rendered":"https:\/\/www.europesays.com\/fr\/529112\/"},"modified":"2025-11-12T12:34:13","modified_gmt":"2025-11-12T12:34:13","slug":"marianne-secret-story-menace-une-nouvelle-fois-la-production-de","status":"publish","type":"post","link":"https:\/\/www.europesays.com\/fr\/529112\/","title":{"rendered":"Marianne (Secret Story) menace une nouvelle fois la production de &#8230;"},"content":{"rendered":"<p>EN BREF<\/p>\n<ul class=\"bloc_resume_post_list\">\n<li>Marianne, candidate de Secret Story 13 en 2025, est au<br \/>\nc\u0153ur d\u00a0\u00bbune pol\u00e9mique pour des propos racistes pr\u00e9sum\u00e9s.<\/li>\n<li>Elle subit un cyberharc\u00e8lement intense, exprimant sa<br \/>\nd\u00e9tresse et des pens\u00e9es suicidaires, ce qui a alert\u00e9 la<br \/>\nproduction.<\/li>\n<li>Malgr\u00e9 le temps \u00e9coul\u00e9, elle reste en conflit avec la<br \/>\nproduction et menace de r\u00e9v\u00e9ler des informations<br \/>\ncompromettantes.<\/li>\n<\/ul>\n<p>Marianne a \u00e9t\u00e9 l&rsquo;une des candidates marquantes de la saison 13<br \/>\nde <a href=\"https:\/\/www.telestar.fr\/tele_realite\/secret-story-2025-aimed-laffirme-sa-saison-a-ete-un-vrai-carnage-1733614\" target=\"_blank\" rel=\"noopener\"><br \/>\nSecret Story<\/a> diffus\u00e9e durant l\u2019\u00e9t\u00e9 2025. Quelques<br \/>\nsemaines apr\u00e8s la fin de l&rsquo;\u00e9mission, elle n\u2019a pas tard\u00e9 \u00e0 se<br \/>\nretrouver au c\u0153ur d\u2019une pol\u00e9mique. Accus\u00e9e par certains internautes<br \/>\nde propos racistes envers des candidates, elle a rapidement subi<br \/>\n<strong>plusieurs vagues de haine<\/strong> sur les r\u00e9seaux<br \/>\nsociaux.<\/p>\n<p>L\u2019ampleur du cyberharc\u00e8lement a \u00e9t\u00e9 telle que <a href=\"https:\/\/www.telestar.fr\/actu_tv\/secret-story-2025-marianne-envoyee-en-maison-de-repos-par-la-production-elle-vit-un-vrai-calvaire-1730920\" target=\"_blank\" rel=\"noopener\"><br \/>\nla jeune Vosgienne<\/a> a fini par s\u2019effondrer en larmes devant les<br \/>\ncam\u00e9ras de Jeremstar\u202f: \u00ab\u00a0Je ne sors plus de chez moi. J\u2019ai<br \/>\npeur qu\u2019on m\u2019attaque dans la rue, qu\u2019on me reconnaisse. <strong>\u00c7a<br \/>\nne s\u2019arr\u00eate pas !<\/strong>\u00ab\u00a0, a-t-elle r\u00e9v\u00e9l\u00e9. Elle se dit hant\u00e9e<br \/>\npar l\u2019image de \u00ab\u00a0la harceleuse et la raciste de Secret Story 13\u00a0\u00bb que<br \/>\nle public lui a coll\u00e9e. Marianne avoue \u00e9galement avoir travers\u00e9 des<br \/>\npens\u00e9es suicidaires. La production, alert\u00e9e par son d\u00e9tresse, avait<br \/>\nenvisag\u00e9 de l\u2019hospitaliser en maison de repos tant sa sant\u00e9 mentale<br \/>\nsemblait compromise.\u200b<\/p>\n<p>Des menaces directes envers la production<\/p>\n<p>Malgr\u00e9 le temps \u00e9coul\u00e9 depuis la fin du programme, <a href=\"https:\/\/www.telestar.fr\/tele_realite\/secret-story-2025-marianne-charge-la-production-demande-de-me-taire-1733458\" target=\"_blank\" rel=\"noopener\"><br \/>\nMarianne<\/a> reste particuli\u00e8rement virulente \u00e0 l\u2019\u00e9gard de la<br \/>\nproduction et de ses membres. Lors d\u2019un live le 8 novembre sur X,<br \/>\nelle n&rsquo;a pas m\u00e2ch\u00e9 ses mots\u202f: \u00ab\u00a0<strong>Non, et je<br \/>\nl\u2019emmerde.<\/strong> Voil\u00e0. Mais fort ! J\u2019emmerde tout ce qui est en<br \/>\nrapport avec la prod\u2019 (\u2026) Je suis encore sous contrat deux ans mais<br \/>\nje m&rsquo;en fous. S\u2019il faut dire un truc, je le dis\u00a0\u00bb, a-t-elle<br \/>\nexpliqu\u00e9.<\/p>\n<p>La jeune femme en profite pour s\u2019\u00e9pancher sur sa relation<br \/>\nconflictuelle avec Val\u00e9rie, la productrice de Secret Story. Elle la<br \/>\nqualifie de <strong>\u00ab\u00a0plus grosse vicieuse\u00a0\u00bb<\/strong> et de \u00ab\u00a0pire<br \/>\npersonne qui existe au monde\u00a0\u00bb. Marianne a d&rsquo;ailleurs pr\u00e9cis\u00e9<br \/>\nqu\u2019elle n\u2019a pas \u00e9t\u00e9 contact\u00e9e pour la prochaine \u00e9mission d\u00e9riv\u00e9e de<br \/>\nla franchise.\u200b<\/p>\n<p>Cyberharc\u00e8lement et chute<br \/>\nm\u00e9diatique<\/p>\n<p>Depuis l\u2019\u00e9mission, Marianne entreprend de se reconstruire. Elle<br \/>\ns\u2019est affich\u00e9e lors d\u2019Halloween dans une tenue compos\u00e9e des<br \/>\nmessages de ses haters, symbole d\u2019une reprise de confiance en elle<br \/>\nmalgr\u00e9 les crises travers\u00e9es. Pour autant, l\u2019histoire semble loin<br \/>\nd\u2019\u00eatre termin\u00e9e. Elle <strong>menace encore la production<\/strong><br \/>\net ne cache pas sa d\u00e9termination \u00e0 prendre la parole, co\u00fbte que<br \/>\nco\u00fbte.<\/p>\n<p>A plusieurs reprises, elle a estim\u00e9 <strong>avoir \u00e9t\u00e9<br \/>\ntrahie<\/strong> et d\u00e9truite par l\u2019\u00e9quipe de Secret Story. La<br \/>\nquestion de l\u2019accompagnement et du respect des candidats de<br \/>\nt\u00e9l\u00e9-r\u00e9alit\u00e9 reste ainsi au centre du d\u00e9bat ouvert par ce nouvel<br \/>\n\u00e9clat m\u00e9diatique.<\/p>\n","protected":false},"excerpt":{"rendered":"EN BREF Marianne, candidate de Secret Story 13 en 2025, est au c\u0153ur d\u00a0\u00bbune pol\u00e9mique pour des propos&hellip;\n","protected":false},"author":2,"featured_media":529113,"comment_status":"","ping_status":"","sticky":false,"template":"","format":"standard","meta":{"footnotes":""},"categories":[1356],"tags":[548,58,59,1011,27,29901,252,1364],"class_list":{"0":"post-529112","1":"post","2":"type-post","3":"status-publish","4":"format-standard","5":"has-post-thumbnail","7":"category-television","8":"tag-article-simple","9":"tag-divertissement","10":"tag-entertainment","11":"tag-fr","12":"tag-france","13":"tag-secret-story","14":"tag-television","15":"tag-tv"},"share_on_mastodon":{"url":"https:\/\/pubeurope.com\/@fr\/115536754450436481","error":""},"_links":{"self":[{"href":"https:\/\/www.europesays.com\/fr\/wp-json\/wp\/v2\/posts\/529112","targetHints":{"allow":["GET"]}}],"collection":[{"href":"https:\/\/www.europesays.com\/fr\/wp-json\/wp\/v2\/posts"}],"about":[{"href":"https:\/\/www.europesays.com\/fr\/wp-json\/wp\/v2\/types\/post"}],"author":[{"embeddable":true,"href":"https:\/\/www.europesays.com\/fr\/wp-json\/wp\/v2\/users\/2"}],"replies":[{"embeddable":true,"href":"https:\/\/www.europesays.com\/fr\/wp-json\/wp\/v2\/comments?post=529112"}],"version-history":[{"count":0,"href":"https:\/\/www.europesays.com\/fr\/wp-json\/wp\/v2\/posts\/529112\/revisions"}],"wp:featuredmedia":[{"embeddable":true,"href":"https:\/\/www.europesays.com\/fr\/wp-json\/wp\/v2\/media\/529113"}],"wp:attachment":[{"href":"https:\/\/www.europesays.com\/fr\/wp-json\/wp\/v2\/media?parent=529112"}],"wp:term":[{"taxonomy":"category","embeddable":true,"href":"https:\/\/www.europesays.com\/fr\/wp-json\/wp\/v2\/categories?post=529112"},{"taxonomy":"post_tag","embeddable":true,"href":"https:\/\/www.europesays.com\/fr\/wp-json\/wp\/v2\/tags?post=529112"}],"curies":[{"name":"wp","href":"https:\/\/api.w.org\/{rel}","templated":true}]}}