{"id":529115,"date":"2025-11-12T12:36:14","date_gmt":"2025-11-12T12:36:14","guid":{"rendered":"https:\/\/www.europesays.com\/fr\/529115\/"},"modified":"2025-11-12T12:36:14","modified_gmt":"2025-11-12T12:36:14","slug":"une-journee-incontrolable-la-comedie-daction-avec-alan-ritchson-et-kevin-james-arrive-sur-prime-video","status":"publish","type":"post","link":"https:\/\/www.europesays.com\/fr\/529115\/","title":{"rendered":"Une journ\u00e9e incontr\u00f4lable : la com\u00e9die d\u2019action avec Alan Ritchson et Kevin James arrive sur Prime Video"},"content":{"rendered":"<p>Ce mercredi 12 novembre marque l\u2019arriv\u00e9e d\u2019Une journ\u00e9e incontr\u00f4lable (Playdate en VO), la nouvelle com\u00e9die d\u2019action sign\u00e9e Prime Video ! Pr\u00eat \u00e0 suivre Alan Ritchson et Kevin James, deux p\u00e8res de famille embarqu\u00e9s avec leurs enfants dans une journ\u00e9e qui va (vraiment) d\u00e9raper ?<\/p>\n<p>Alors que les fans de <a href=\"https:\/\/actus.sfr.fr\/cine-series\/series\/3-choses-a-savoir-sur-la-serie-jack-reacher_AN-202009100002.html\" title=\"3 choses \u00e0 savoir sur la s\u00e9rie Jack Reacher\" class=\"internal_link\" rel=\"nofollow noopener\" target=\"_blank\">Reacher<\/a> attendent avec impatience <a href=\"https:\/\/actus.sfr.fr\/cine-series\/series\/reacher-est-ce-qu-il-y-aura-une-saison-4-sur-prime-video_AN-202503110003.html\" title=\"Reacher : est-ce qu&#039;il y aura une saison 4 sur Prime Video ?\" class=\"internal_link\" rel=\"nofollow noopener\" target=\"_blank\">la saison 4<\/a>, Alan Ritchson reprend d\u00e9j\u00e0 du service dans Une journ\u00e9e incontr\u00f4lable, la nouvelle com\u00e9die d\u2019action de Luke Greenfield et Neil Goldman. Dans ce buddy movie explosif, l\u2019acteur am\u00e9ricain fait \u00e9quipe avec Kevin James (Un gars du Queens, Zookeeper, Prof poids lourds), pour une journ\u00e9e qui s\u2019annonce tr\u00e8s mouvement\u00e9e&#8230;<\/p>\n<p>Une journ\u00e9e incontr\u00f4lable, ou un \u00a0\u00bbplaydate\u00a0\u00bb explosif<\/p>\n<p>Dans Une journ\u00e9e incontr\u00f4lable, nous suivons la rencontre entre Brian (Kevin James), p\u00e8re au ch\u00f4mage et un brin d\u00e9pass\u00e9, et Jeff (Alan Ritchson), papa au foyer au physique de <a href=\"https:\/\/actus.sfr.fr\/cine-series\/super-heros_DN-202206160003.html\" title=\"Super-h\u00e9ros\" class=\"internal_link\" rel=\"nofollow noopener\" target=\"_blank\">super-h\u00e9ros<\/a>. Ce qui devait \u00eatre une apr\u00e8s-midi tranquille entre enfants et papas \u2013 le fameux \u00a0\u00bbplaydate\u00a0\u00bb \u2013 vire rapidement au chaos lorsque des mercenaires surgissent de nulle part, transformant la banlieue paisible en v\u00e9ritable champ de bataille.<\/p>\n<p>Avec des courses-poursuites en SUV familial, des explosions et une bonne dose d&rsquo;<a href=\"https:\/\/actus.sfr.fr\/cine-series\/humour_DN-202312060005.html\" title=\"Humour\" class=\"internal_link\" rel=\"nofollow noopener\" target=\"_blank\">humour<\/a> absurde, le film s\u2019amuse \u00e0 brouiller les fronti\u00e8res entre action muscl\u00e9e et com\u00e9die. Le r\u00e9alisateur Luke Greenfield (Let\u2019s Be Cops) s\u2019appuie sur un sc\u00e9nario sign\u00e9 Neil Goldman (<a href=\"https:\/\/actus.sfr.fr\/cine-series\/series\/community-ou-re-voir-la-serie-culte-en-attendant-la-suite-en-film_AN-202404070004.html\" title=\"Community : o\u00f9 (re)voir la s\u00e9rie culte en attendant la suite en film ?\" class=\"internal_link\" rel=\"nofollow noopener\" target=\"_blank\">Community<\/a>, Family Guy, <a href=\"https:\/\/actus.sfr.fr\/cine-series\/series\/scrubs-tout-ce-que-l-on-sait-du-reboot-de-la-serie_AN-202507280005.html\" title=\"Scrubs : tout ce que l&#039;on sait du reboot de la s\u00e9rie\" class=\"internal_link\" rel=\"nofollow noopener\" target=\"_blank\">Scrubs<\/a>), garant d\u2019un humour rythm\u00e9 et efficace.<\/p>\n<\/p>\n<p>Derri\u00e8re les sc\u00e8nes d\u2019action et les cascades d\u00e9jant\u00e9es, Une journ\u00e9e incontr\u00f4lable aborde aussi (avec plus ou moins de subtilit\u00e9) la paternit\u00e9 contemporaine, la virilit\u00e9 en crise et la qu\u00eate d\u2019estime de soi. Deux p\u00e8res que tout oppose, contraints de coop\u00e9rer pour survivre et prot\u00e9ger leurs enfants \u2013 et qui vont peut-\u00eatre, au passage, red\u00e9couvrir ce qu\u2019ils valent vraiment.<\/p>\n<p><a href=\"https:\/\/www.sfr.fr\/tv-sfr\/amazon-prime-bouquet-famille#sfrintid=SFRACTUS_BS_article_prime_video_une_journee_incontrolable\" title=\"S\u2019abonner \u00e0 Prime Video\" rel=\"nofollow noopener\" target=\"_blank\"><\/p>\n<p>S\u2019abonner \u00e0 Prime Video<\/p>\n<p><\/a><\/p>\n<p><strong>Rendez-vous sans plus tarder sur <a href=\"https:\/\/actus.sfr.fr\/cine-series\/amazon-prime-video_DN-202001300003.html\" title=\"Prime Video\" class=\"internal_link\" rel=\"nofollow noopener\" target=\"_blank\">Prime Video<\/a> pour d\u00e9couvrir le film Une journ\u00e9e incontr\u00f4lable, avec Alan Ritchson et Kevin James \u00e0 l&rsquo;affiche, mais \u00e9galement avec Sarah Chalke, Alan Tudyk, Stephen Root ou encore Isla Fisher.<\/strong><\/p>\n<p><strong>Source :<\/strong> Prime Video<\/p>\n","protected":false},"excerpt":{"rendered":"Ce mercredi 12 novembre marque l\u2019arriv\u00e9e d\u2019Une journ\u00e9e incontr\u00f4lable (Playdate en VO), la nouvelle com\u00e9die d\u2019action sign\u00e9e Prime&hellip;\n","protected":false},"author":2,"featured_media":529116,"comment_status":"","ping_status":"","sticky":false,"template":"","format":"standard","meta":{"footnotes":""},"categories":[1354],"tags":[58,59,1346,1011,27,1360],"class_list":{"0":"post-529115","1":"post","2":"type-post","3":"status-publish","4":"format-standard","5":"has-post-thumbnail","7":"category-films","8":"tag-divertissement","9":"tag-entertainment","10":"tag-films","11":"tag-fr","12":"tag-france","13":"tag-movies"},"share_on_mastodon":{"url":"https:\/\/pubeurope.com\/@fr\/115536762517104338","error":""},"_links":{"self":[{"href":"https:\/\/www.europesays.com\/fr\/wp-json\/wp\/v2\/posts\/529115","targetHints":{"allow":["GET"]}}],"collection":[{"href":"https:\/\/www.europesays.com\/fr\/wp-json\/wp\/v2\/posts"}],"about":[{"href":"https:\/\/www.europesays.com\/fr\/wp-json\/wp\/v2\/types\/post"}],"author":[{"embeddable":true,"href":"https:\/\/www.europesays.com\/fr\/wp-json\/wp\/v2\/users\/2"}],"replies":[{"embeddable":true,"href":"https:\/\/www.europesays.com\/fr\/wp-json\/wp\/v2\/comments?post=529115"}],"version-history":[{"count":0,"href":"https:\/\/www.europesays.com\/fr\/wp-json\/wp\/v2\/posts\/529115\/revisions"}],"wp:featuredmedia":[{"embeddable":true,"href":"https:\/\/www.europesays.com\/fr\/wp-json\/wp\/v2\/media\/529116"}],"wp:attachment":[{"href":"https:\/\/www.europesays.com\/fr\/wp-json\/wp\/v2\/media?parent=529115"}],"wp:term":[{"taxonomy":"category","embeddable":true,"href":"https:\/\/www.europesays.com\/fr\/wp-json\/wp\/v2\/categories?post=529115"},{"taxonomy":"post_tag","embeddable":true,"href":"https:\/\/www.europesays.com\/fr\/wp-json\/wp\/v2\/tags?post=529115"}],"curies":[{"name":"wp","href":"https:\/\/api.w.org\/{rel}","templated":true}]}}