{"id":529117,"date":"2025-11-12T12:37:16","date_gmt":"2025-11-12T12:37:16","guid":{"rendered":"https:\/\/www.europesays.com\/fr\/529117\/"},"modified":"2025-11-12T12:37:16","modified_gmt":"2025-11-12T12:37:16","slug":"le-cerveau-peut-il-sen-remettre-ma-sante","status":"publish","type":"post","link":"https:\/\/www.europesays.com\/fr\/529117\/","title":{"rendered":"le cerveau peut-il s&rsquo;en remettre ?- Ma Sant\u00e9"},"content":{"rendered":"<p>             <a href=\"https:\/\/ma-sante.news\/wp-content\/uploads\/2025\/11\/Votre-cerveau-retrouve-t-il-ses-capacites-apres-larret-du-tabac-Ma-Sante.jpg\" data-caption=\"Arr\u00eater de fumer am\u00e9liore la sant\u00e9 mentale et r\u00e9duit les sympt\u00f4mes d\u00e9pressifs. \u00a9 Freepik\" rel=\"nofollow noopener\" target=\"_blank\"><img loading=\"lazy\" decoding=\"async\" width=\"696\" height=\"465\" class=\"entry-thumb td-modal-image ewww_webp_lazy_load\" src=\"data:image\/svg+xml,%3Csvg%20xmlns=\" http:=\"\" data-lazy- data-lazy- alt=\"Une femme qui a d\u00e9cid\u00e9 d'arr\u00eater de fumer pour retrouver le plein potentiel de son cerveau.\" title=\"Votre cerveau retrouve-t-il ses capacite\u0301s apre\u0300s l\u2019arre\u0302t du tabac Ma Sante\u0301\" data-lazy-src=\"https:\/\/www.europesays.com\/fr\/wp-content\/uploads\/2025\/11\/Votre-cerveau-retrouve-t-il-ses-capacites-apres-larret-du-tabac-Ma-Sante-696x465.jpg\" data-lazy-src-webp=\"https:\/\/www.europesays.com\/fr\/wp-content\/uploads\/2025\/11\/Votre-cerveau-retrouve-t-il-ses-capacites-apres-larret-du-tabac-Ma-Sante-696x465.jpg.webp\" data-lazy-srcset-webp=\"https:\/\/www.europesays.com\/fr\/wp-content\/uploads\/2025\/11\/Votre-cerveau-retrouve-t-il-ses-capacites-apres-larret-du-tabac-Ma-Sante-696x465.jpg.webp 696w, https:\/\/ma-sante.news\/wp-content\/uploads\/2025\/11\/Votre-cerveau-retrouve-t-il-ses-capacites-apres-larret-du-tabac-Ma-Sante-300x200.jpg.webp 300w, https:\/\/ma-sante.news\/wp-content\/uploads\/2025\/11\/Votre-cerveau-retrouve-t-il-ses-capacites-apres-larret-du-tabac-Ma-Sante-768x513.jpg.webp 768w, https:\/\/ma-sante.news\/wp-content\/uploads\/2025\/11\/Votre-cerveau-retrouve-t-il-ses-capacites-apres-larret-du-tabac-Ma-Sante-629x420.jpg.webp 629w, https:\/\/ma-sante.news\/wp-content\/uploads\/2025\/11\/Votre-cerveau-retrouve-t-il-ses-capacites-apres-larret-du-tabac-Ma-Sante.jpg.webp 800w\"\/><\/a>Arr\u00eater de fumer am\u00e9liore la sant\u00e9 mentale et r\u00e9duit les sympt\u00f4mes d\u00e9pressifs. \u00a9 Freepik                                    \t\t\t             <a class=\"gofollow\" data-track=\"MjgsMCw2MA==\" href=\"https:\/\/ma-sante.news\/inscrivez-vous-a-notre-newsletter\/\" rel=\"nofollow noopener\" target=\"_blank\"><img loading=\"lazy\" decoding=\"async\" width=\"1068\" height=\"131\" src=\"data:image\/svg+xml,%3Csvg%20xmlns=\" http:=\"\" data-lazy-src=\"https:\/\/www.europesays.com\/fr\/wp-content\/uploads\/2025\/03\/banniere-newsletter.png\"\/><\/a> <\/p>\n<p><a href=\"https:\/\/ma-sante.news\/tabac-et-esperance-de-vie-combien-de-temps-perdons-nous-vraiment\/\" rel=\"nofollow noopener\" target=\"_blank\">\u00c0 chaque cigarette, nous perdons des capacit\u00e9s vitales, voire m\u00eame des ann\u00e9es de vie<\/a>. En plus, la nicotine, le monoxyde de carbone et des milliers de substances toxiques atteignent le cerveau. Et ces composants modifient sa structure et son fonctionnement.<\/p>\n<p>L\u2019Institut national de la sant\u00e9 et de la recherche m\u00e9dicale (Inserm) rappelle que le tabac alt\u00e8re la circulation sanguine c\u00e9r\u00e9brale, r\u00e9duit l\u2019oxyg\u00e9nation des neurones et provoque une inflammation chronique qui<a href=\"https:\/\/ma-sante.news\/vieillissement-mais-pourquoi-causes-ralentir-rides\/\" rel=\"nofollow noopener\" target=\"_blank\"> acc\u00e9l\u00e8re leur vieillissement<\/a>. \u00c0 long terme, on observe une diminution de la substance grise et un amincissement du cortex c\u00e9r\u00e9bral, notamment dans les zones li\u00e9es \u00e0 la m\u00e9moire et au raisonnement (hippocampe, cortex pr\u00e9frontal).<\/p>\n<p><a href=\"https:\/\/www.nature.com\/articles\/mp2014187\" target=\"_blank\" rel=\"noreferrer noopener nofollow\">Une \u00e9tude men\u00e9e sur plus de 500 adultes<\/a>, publi\u00e9e dans Molecular Psychiatry, a confirm\u00e9 cette observation : plus une personne fume longtemps, plus son cortex s\u2019amincit. Mais cette perte peut s\u2019inverser, au moins partiellement, apr\u00e8s l\u2019arr\u00eat.<\/p>\n<p>La Fondation Alzheimer parle, elle, d\u2019un risque accru de troubles cognitifs chez les fumeurs. Les fumeurs r\u00e9guliers auraient un risque d\u2019environ 70 % plus \u00e9lev\u00e9 de <a href=\"https:\/\/ma-sante.news\/seniors-une-simple-chute-pourrait-annoncer-la-maladie-alzheimer\/\" rel=\"nofollow noopener\" target=\"_blank\">d\u00e9velopper une maladie d\u2019Alzheimer <\/a>que les non-fumeurs. Le tabac agit \u00e0 la fois sur les vaisseaux, les neurones et les m\u00e9canismes de d\u00e9fense du cerveau contre le stress oxydatif.<\/p>\n<p>        Que se passe-t-il quand on arr\u00eate de fumer ?    <\/p>\n<p><a href=\"https:\/\/ma-sante.news\/comment-arreter-de-fumer-apres-50-ans-sans-stress-ni-frustration\/\" rel=\"nofollow noopener\" target=\"_blank\">Apr\u00e8s l\u2019arr\u00eat du tabac<\/a>, tr\u00e8s vite, le corps respire mieux, et le cerveau aussi. En quelques semaines sans cigarette, le sang transporte davantage d\u2019oxyg\u00e8ne, la tension art\u00e9rielle se stabilise et la circulation vers le cerveau s\u2019am\u00e9liore nettement. Ce n\u2019est qu\u2019un premier pas, mais il est d\u00e9cisif.<\/p>\n<p>Les effets sur la m\u00e9moire et la concentration, eux, demandent plus de patience. Selon une \u00e9tude internationale relay\u00e9e par le r\u00e9seau G\u00e9n\u00e9rations Sans Tabac en 2024, les anciens fumeurs voient leur d\u00e9clin cognitif ralentir d\u00e8s les premi\u00e8res ann\u00e9es suivant l\u2019arr\u00eat. La perte de m\u00e9moire diminue d\u2019environ 20 %, et la fluidit\u00e9 verbale s\u2019am\u00e9liore deux fois plus vite que chez ceux qui continuent de fumer.<\/p>\n<p>Autrement dit, le cerveau se remet peu \u00e0 peu \u00e0 fonctionner sans nicotine. Les circuits neuronaux, longtemps \u201cbouscul\u00e9s\u201d par la d\u00e9pendance, retrouvent leur rythme naturel. Cette plasticit\u00e9 c\u00e9r\u00e9brale demande simplement du temps, un peu de pers\u00e9v\u00e9rance\u2026 et beaucoup d\u2019air pur.<\/p>\n<p>        Retour \u00e0 son plein potentiel : dix ans, vingt ans, ou plus ?    <strong>La r\u00e9cup\u00e9ration, une affaire de patience<\/strong>    <\/p>\n<p>Combien de temps faut-il, concr\u00e8tement, pour retrouver ses capacit\u00e9s \u00ab comme avant \u00bb ? C\u2019est ici que les donn\u00e9es doivent \u00eatre nuanc\u00e9es. Selon l\u2019\u00e9tude de l\u2019Universit\u00e9 d\u2019\u00c9dimbourg, chaque ann\u00e9e d\u2019abstinence permet au cortex de regagner en \u00e9paisseur, \u00e0 raison d\u2019environ 0,01 mm par an. Une r\u00e9cup\u00e9ration lente mais continue. En moyenne, il faudrait plus de vingt ans pour que l\u2019\u00e9paisseur corticale redevienne similaire \u00e0 celle d\u2019une personne n\u2019ayant jamais fum\u00e9.<\/p>\n<p>Mais attention, cela ne signifie pas que le cerveau reste \u201cendommag\u00e9\u201d pendant vingt ans. Les fonctions cognitives, elles, peuvent se redresser bien plus t\u00f4t. Dans une analyse publi\u00e9e par Nature Communications en 2021, les chercheurs ont montr\u00e9 que les ex-fumeurs retrouvent des performances cognitives proches des non-fumeurs apr\u00e8s environ dix ans d\u2019arr\u00eat, notamment dans les tests de m\u00e9moire et d\u2019attention. Ces r\u00e9sultats varient toutefois selon l\u2019\u00e2ge de l\u2019arr\u00eat, le nombre d\u2019ann\u00e9es de tabagisme et la sant\u00e9 globale.<\/p>\n<p>Ainsi, un fumeur qui arr\u00eate \u00e0 40 ans n\u2019aura pas le m\u00eame pronostic cognitif qu\u2019un autre qui cesse \u00e0 65 ans. Plus l\u2019arr\u00eat est pr\u00e9coce, plus la r\u00e9cup\u00e9ration est compl\u00e8te.<\/p>\n<p>        <strong>Pourquoi tous les cerveaux ne r\u00e9cup\u00e8rent pas de la m\u00eame mani\u00e8re<\/strong>    <\/p>\n<p>Le cerveau d\u2019un ex-fumeur n\u2019est pas un cerveau neuf, mais un cerveau en reconstruction. Et sa capacit\u00e9 \u00e0 se r\u00e9parer d\u00e9pend d\u2019un ensemble de facteurs.<\/p>\n<p>D\u2019abord, l\u2019\u00e2ge. La plasticit\u00e9 c\u00e9r\u00e9brale diminue avec les ann\u00e9es, m\u00eame si elle ne dispara\u00eet jamais. Ensuite, la dur\u00e9e et l\u2019intensit\u00e9 du tabagisme. Un demi-paquet par jour pendant cinq ans n\u2019aura \u00e9videmment pas les m\u00eames effets qu\u2019un paquet et demi pendant trente ans.<\/p>\n<p>L\u2019\u00e9tat de sant\u00e9 g\u00e9n\u00e9ral joue aussi un r\u00f4le majeur. <a href=\"https:\/\/ma-sante.news\/hypertension-la-sante-cerebrale-au-coeur-des-nouvelles-recommandations\/\" rel=\"nofollow noopener\" target=\"_blank\">Hypertension<\/a>, <a href=\"https:\/\/ma-sante.news\/diabete-la-genetique-est-elle-reellement-un-facteur-de-risque\/\" rel=\"nofollow noopener\" target=\"_blank\">diab\u00e8te<\/a>, <a href=\"https:\/\/ma-sante.news\/dangers-de-la-sedentarite-un-tiers-des-francais-restent-assis-6-a-10-heures-par-jour\/\" rel=\"nofollow noopener\" target=\"_blank\">s\u00e9dentarit\u00e9<\/a> ou alimentation d\u00e9s\u00e9quilibr\u00e9e peuvent freiner le r\u00e9tablissement. \u00c0 l\u2019inverse, une activit\u00e9 physique r\u00e9guli\u00e8re, une alimentation riche en antioxydants et une stimulation intellectuelle (lecture, apprentissage, activit\u00e9s sociales) favorisent la r\u00e9paration neuronale.<\/p>\n<p>Enfin, les sp\u00e9cialistes insistent sur l\u2019importance du sevrage accompagn\u00e9. <a href=\"https:\/\/ma-sante.news\/sante-mentale-pourquoi-recourir-a-la-therapie-cognitivo-comportementale\/\" rel=\"nofollow noopener\" target=\"_blank\">Les th\u00e9rapies cognitivo-comportementales<\/a> et les traitements de substitution nicotinique facilitent non seulement l\u2019arr\u00eat, mais r\u00e9duisent aussi<a href=\"https:\/\/ma-sante.news\/stress-chronique-pourquoi-votre-cerveau-reagit-encore-comme-a-lage-de-pierre\/\" rel=\"nofollow noopener\" target=\"_blank\"> le stress<\/a>, un autre ennemi du cerveau.<\/p>\n<p>        Arr\u00eater de fumer : chaque jour sans tabac compte    <\/p>\n<p>Fumer ab\u00eeme la mati\u00e8re grise, mais arr\u00eater permet au cerveau de se r\u00e9g\u00e9n\u00e9rer. Certes, la r\u00e9cup\u00e9ration n\u2019est pas instantan\u00e9e, ni forc\u00e9ment totale. Certaines l\u00e9sions vasculaires ou inflammatoires peuvent laisser une empreinte durable. Mais, globalement, chaque jour d\u2019abstinence am\u00e9liore la circulation, l\u2019oxyg\u00e9nation et la m\u00e9moire.<\/p>\n<p>Et il n\u2019est jamais trop tard. M\u00eame apr\u00e8s plusieurs d\u00e9cennies de tabagisme, cesser de fumer ralentit le d\u00e9clin cognitif et am\u00e9liore la qualit\u00e9 de vie. Le cerveau ne tire pas un trait sur le pass\u00e9, mais il sait toujours se remettre \u00e0 apprendre.<\/p>\n<blockquote class=\"wp-block-quote is-layout-flow wp-block-quote-is-layout-flow\">\n<p><strong>\u00c0 SAVOIR<\/strong><\/p>\n<p>Arr\u00eater de fumer, c\u2019est bon pour le moral aussi ! Selon le BMJ, les ex-fumeurs sont moins anxieux et d\u00e9prim\u00e9s d\u00e8s la premi\u00e8re ann\u00e9e. Le cerveau r\u00e9\u00e9quilibre peu \u00e0 peu sa dopamine, et la concentration revient \u00e0 la normale apr\u00e8s quelques mois. <strong>\u00a0<\/strong><\/p>\n<\/blockquote>\n<p>  <a class=\"gofollow\" data-track=\"MTIsMCw2MA==\" href=\"https:\/\/ma-sante.news\/annonceurs\/\" rel=\"nofollow noopener\" target=\"_blank\"><img loading=\"lazy\" decoding=\"async\" width=\"2560\" height=\"2133\" src=\"data:image\/svg+xml,%3Csvg%20xmlns=\" http:=\"\" data-lazy-src=\"https:\/\/www.europesays.com\/fr\/wp-content\/uploads\/2025\/03\/pub-annonceurs-4-scaled.jpg\"\/><\/a>    <img loading=\"lazy\" decoding=\"async\" width=\"755\" height=\"495\" src=\"data:image\/svg+xml,%3Csvg%20xmlns=\" http:=\"\" data-lazy-src=\"https:\/\/www.europesays.com\/fr\/wp-content\/uploads\/2025\/03\/Image1.jpg\" data-lazy-src-webp=\"https:\/\/www.europesays.com\/fr\/wp-content\/uploads\/2025\/03\/Image1.jpg.webp\" class=\"ewww_webp_lazy_load\"\/>Inscrivez-vous \u00e0 notre newsletter <br \/>Ma Sant\u00e9                      <\/p>\n","protected":false},"excerpt":{"rendered":"Arr\u00eater de fumer am\u00e9liore la sant\u00e9 mentale et r\u00e9duit les sympt\u00f4mes d\u00e9pressifs. \u00a9 Freepik \u00c0 chaque cigarette, nous&hellip;\n","protected":false},"author":2,"featured_media":529118,"comment_status":"","ping_status":"","sticky":false,"template":"","format":"standard","meta":{"footnotes":""},"categories":[10],"tags":[1011,27,72,32920,71,6582],"class_list":{"0":"post-529117","1":"post","2":"type-post","3":"status-publish","4":"format-standard","5":"has-post-thumbnail","7":"category-sante","8":"tag-fr","9":"tag-france","10":"tag-health","11":"tag-mois-sans-tabac","12":"tag-sante","13":"tag-tabac"},"share_on_mastodon":{"url":"https:\/\/pubeurope.com\/@fr\/115536766123917883","error":""},"_links":{"self":[{"href":"https:\/\/www.europesays.com\/fr\/wp-json\/wp\/v2\/posts\/529117","targetHints":{"allow":["GET"]}}],"collection":[{"href":"https:\/\/www.europesays.com\/fr\/wp-json\/wp\/v2\/posts"}],"about":[{"href":"https:\/\/www.europesays.com\/fr\/wp-json\/wp\/v2\/types\/post"}],"author":[{"embeddable":true,"href":"https:\/\/www.europesays.com\/fr\/wp-json\/wp\/v2\/users\/2"}],"replies":[{"embeddable":true,"href":"https:\/\/www.europesays.com\/fr\/wp-json\/wp\/v2\/comments?post=529117"}],"version-history":[{"count":0,"href":"https:\/\/www.europesays.com\/fr\/wp-json\/wp\/v2\/posts\/529117\/revisions"}],"wp:featuredmedia":[{"embeddable":true,"href":"https:\/\/www.europesays.com\/fr\/wp-json\/wp\/v2\/media\/529118"}],"wp:attachment":[{"href":"https:\/\/www.europesays.com\/fr\/wp-json\/wp\/v2\/media?parent=529117"}],"wp:term":[{"taxonomy":"category","embeddable":true,"href":"https:\/\/www.europesays.com\/fr\/wp-json\/wp\/v2\/categories?post=529117"},{"taxonomy":"post_tag","embeddable":true,"href":"https:\/\/www.europesays.com\/fr\/wp-json\/wp\/v2\/tags?post=529117"}],"curies":[{"name":"wp","href":"https:\/\/api.w.org\/{rel}","templated":true}]}}