{"id":529127,"date":"2025-11-12T12:46:22","date_gmt":"2025-11-12T12:46:22","guid":{"rendered":"https:\/\/www.europesays.com\/fr\/529127\/"},"modified":"2025-11-12T12:46:22","modified_gmt":"2025-11-12T12:46:22","slug":"donald-trump-a-ecrit-au-president-israelien-pour-lui-demander-de-gracier-benyamin-netanyahou","status":"publish","type":"post","link":"https:\/\/www.europesays.com\/fr\/529127\/","title":{"rendered":"Donald Trump a \u00e9crit au pr\u00e9sident isra\u00e9lien pour lui demander de gracier Benyamin Netanyahou"},"content":{"rendered":"<p>\n    Isaac Herzog a re\u00e7u \u00abce matin\u00bb une lettre \u00abdu pr\u00e9sident am\u00e9ricain Donald Trump, l\u2019invitant \u00e0 envisager d\u2019accorder une gr\u00e2ce\u00bb \u00e0 Benyamin Netanyahou, d\u00e9taille un communiqu\u00e9 du bureau pr\u00e9sidentiel.<\/p>\n<p class=\"fig-paragraph\">Le pr\u00e9sident am\u00e9ricain\u00a0<a href=\"http:\/\/www.lefigaro.fr\/international\/c-est-nous-qui-avons-gagne-les-guerres-donald-trump-veut-s-inspirer-de-la-france-pour-creer-un-jour-de-la-victoire-americain-20251112\" data-fig-type=\"NewsFlash\" data-gtm-custom-categorie=\"navigation\" data-gtm-custom-action=\"crossclick\" data-gtm-custom-label=\"Contextuel\" data-gtm-event=\"customEventSPE\" data-fig-domain=\"LEFIGARO\" target=\"_blank\" rel=\"noopener\">Donald Trump<\/a>\u00a0a \u00e9crit \u00e0 son homologue isra\u00e9lien,\u00a0<a href=\"https:\/\/video.lefigaro.fr\/figaro\/international\/un-choix-important-isaac-herzog-president-israelien-salue-la-treve-a-gaza-20250115\" data-fig-type=\"Video\" data-gtm-custom-categorie=\"navigation\" data-gtm-custom-action=\"crossclick\" data-gtm-custom-label=\"Contextuel\" data-gtm-event=\"customEventSPE\" data-fig-domain=\"LEFIGARO\" target=\"_blank\" rel=\"noopener\">Isaac Herzog<\/a>, pour lui demander d&rsquo;accorder une gr\u00e2ce au premier ministre Benyamin Netanyahou, poursuivi dans son pays pour corruption, a indiqu\u00e9 mercredi le bureau de la pr\u00e9sidence.<\/p>\n<p class=\"fig-paragraph\">Herzog a re\u00e7u \u00abce matin\u00bb une lettre \u00abdu pr\u00e9sident am\u00e9ricain Donald Trump, l&rsquo;invitant \u00e0 envisager d&rsquo;accorder une gr\u00e2ce\u00bb \u00e0\u00a0<a href=\"https:\/\/video.lefigaro.fr\/figaro\/international\/au-parlement-israelien-trump-suggere-une-grace-pour-netanyahou-empetre-avec-la-justice-20251013\" data-fig-type=\"Video\" data-gtm-custom-categorie=\"navigation\" data-gtm-custom-action=\"crossclick\" data-gtm-custom-label=\"Contextuel\" data-gtm-event=\"customEventSPE\" data-fig-domain=\"LEFIGARO\" target=\"_blank\" rel=\"noopener\">Netanyahou<\/a>, d\u00e9taille un communiqu\u00e9 du bureau pr\u00e9sidentiel, qui pr\u00e9cise que \u00abtoute personne souhaitant obtenir une gr\u00e2ce pr\u00e9sidentielle doit pr\u00e9senter une demande officielle\u00bb. Netanyahou est poursuivi dans son pays pour corruption et est r\u00e9guli\u00e8rement entendu dans le cadre d&rsquo;au moins trois proc\u00e9dures judiciaires. Lors d&rsquo;un discours au Parlement isra\u00e9lien le 13 octobre, Trump avait d\u00e9j\u00e0 sugg\u00e9r\u00e9 qu&rsquo;une gr\u00e2ce lui soit accord\u00e9e.<\/p>\n<p>                                    <a class=\"fig-a11y-skip a11y-hidden\" href=\"#fig-a11y-skip-main-inarticle\"><br \/>\n        Passer la publicit\u00e9<br \/>\n    <\/a><\/p>\n<p class=\"fig-paragraph\">\u00abLe pr\u00e9sident Herzog tient le pr\u00e9sident Trump en tr\u00e8s haute estime et continue d\u2019exprimer sa profonde gratitude\u00bb pour son \u00absoutien ind\u00e9fectible\u00bb \u00e0 Isra\u00ebl, \u00absa contribution consid\u00e9rable au retour des otages, \u00e0 la refonte de la situation au Moyen-Orient et \u00e0 Gaza en particulier, et \u00e0 la garantie de la s\u00e9curit\u00e9 de l\u2019Etat d\u2019Isra\u00ebl\u00bb, pr\u00e9cise le communiqu\u00e9. Aussit\u00f4t plusieurs personnalit\u00e9s politiques isra\u00e9liennes ont r\u00e9agi.<\/p>\n<p>\u00abPourquoi ne pas lui accorder une gr\u00e2ce\u00a0?\u00bb<\/p>\n<p class=\"fig-paragraph\">\u00abMonsieur le Pr\u00e9sident Herzog, \u00e9coutez le Pr\u00e9sident Trump\u00bb, a \u00e9crit sur X le ministre d\u2019extr\u00eame-droite Itamar Ben Gvir, tout en accusant la justice isra\u00e9lienne d\u2019\u00eatre biais\u00e9e \u00e0 l\u2019\u00e9gard de M. Netanyahou. Une d\u00e9put\u00e9e \u00e9galement d\u2019extr\u00eame-droite mais dans l\u2019opposition, Yulia Malinovsky, du parti Israel Beitenou (\u00abIsra\u00ebl est notre maison\u00bb en h\u00e9breu), a de son c\u00f4t\u00e9 sugg\u00e9r\u00e9 que le pr\u00e9sident am\u00e9ricain faisait cette demande dans le cadre d\u2019un accord avec M. Netanyahou sur des sujets relatifs au cessez-le-feu dans la bande de Gaza.<\/p>\n<p class=\"fig-paragraph\">Quant au dirigeant de l\u2019opposition, Ya\u00efr Lapid, du parti centriste Yesh Atid (\u00abil y a un futur\u00bb, en h\u00e9breu), il a tacl\u00e9 M. Netanyahou en \u00e9crivant sur X: \u00abRappel: la loi isra\u00e9lienne stipule que la premi\u00e8re condition pour obtenir une gr\u00e2ce est l\u2019aveu de culpabilit\u00e9 et l\u2019expression de remords pour les actes commis\u00bb. Lors d\u2019un discours au Parlement isra\u00e9lien le 13 octobre, M. Trump avait d\u00e9j\u00e0 sugg\u00e9r\u00e9 qu\u2019une gr\u00e2ce lui soit accord\u00e9e.<\/p>\n<p class=\"fig-paragraph\">\u00abJ\u2019ai une id\u00e9e. Monsieur le pr\u00e9sident (Isaac Herzog), pourquoi ne pas lui accorder une gr\u00e2ce? Ce passage n\u2019\u00e9tait pas pr\u00e9vu dans le discours (&#8230;) Mais j\u2019aime bien ce monsieur\u00bb, avait dit le pr\u00e9sident am\u00e9ricain dans son allocution, mettant en avant qu\u2019il a \u00e9t\u00e9 \u00abl\u2019un des plus grands\u00bb dirigeants \u00aben temps de guerre\u00bb.<\/p>\n","protected":false},"excerpt":{"rendered":"Isaac Herzog a re\u00e7u \u00abce matin\u00bb une lettre \u00abdu pr\u00e9sident am\u00e9ricain Donald Trump, l\u2019invitant \u00e0 envisager d\u2019accorder une&hellip;\n","protected":false},"author":2,"featured_media":529128,"comment_status":"","ping_status":"","sticky":false,"template":"","format":"standard","meta":{"footnotes":""},"categories":[5],"tags":[11,952,75,1011,27,36554,14,12,28],"class_list":{"0":"post-529127","1":"post","2":"type-post","3":"status-publish","4":"format-standard","5":"has-post-thumbnail","7":"category-international","8":"tag-actualites","9":"tag-benyamin-netanyahou","10":"tag-donald-trump","11":"tag-fr","12":"tag-france","13":"tag-grace-presidentielle","14":"tag-international","15":"tag-news","16":"tag-world"},"share_on_mastodon":{"url":"https:\/\/pubeurope.com\/@fr\/115536801750255921","error":""},"_links":{"self":[{"href":"https:\/\/www.europesays.com\/fr\/wp-json\/wp\/v2\/posts\/529127","targetHints":{"allow":["GET"]}}],"collection":[{"href":"https:\/\/www.europesays.com\/fr\/wp-json\/wp\/v2\/posts"}],"about":[{"href":"https:\/\/www.europesays.com\/fr\/wp-json\/wp\/v2\/types\/post"}],"author":[{"embeddable":true,"href":"https:\/\/www.europesays.com\/fr\/wp-json\/wp\/v2\/users\/2"}],"replies":[{"embeddable":true,"href":"https:\/\/www.europesays.com\/fr\/wp-json\/wp\/v2\/comments?post=529127"}],"version-history":[{"count":0,"href":"https:\/\/www.europesays.com\/fr\/wp-json\/wp\/v2\/posts\/529127\/revisions"}],"wp:featuredmedia":[{"embeddable":true,"href":"https:\/\/www.europesays.com\/fr\/wp-json\/wp\/v2\/media\/529128"}],"wp:attachment":[{"href":"https:\/\/www.europesays.com\/fr\/wp-json\/wp\/v2\/media?parent=529127"}],"wp:term":[{"taxonomy":"category","embeddable":true,"href":"https:\/\/www.europesays.com\/fr\/wp-json\/wp\/v2\/categories?post=529127"},{"taxonomy":"post_tag","embeddable":true,"href":"https:\/\/www.europesays.com\/fr\/wp-json\/wp\/v2\/tags?post=529127"}],"curies":[{"name":"wp","href":"https:\/\/api.w.org\/{rel}","templated":true}]}}