{"id":529129,"date":"2025-11-12T12:47:13","date_gmt":"2025-11-12T12:47:13","guid":{"rendered":"https:\/\/www.europesays.com\/fr\/529129\/"},"modified":"2025-11-12T12:47:13","modified_gmt":"2025-11-12T12:47:13","slug":"eleves-menottes-et-corps-a-corps-un-atelier-de-decouverte-professionnel-degenere","status":"publish","type":"post","link":"https:\/\/www.europesays.com\/fr\/529129\/","title":{"rendered":"El\u00e8ves menott\u00e9s et corps-\u00e0-corps\u2026 Un atelier de \u00ab\u00a0d\u00e9couverte professionnel\u00a0\u00bb d\u00e9g\u00e9n\u00e8re"},"content":{"rendered":"<p>\u00c7a devait \u00eatre une journ\u00e9e de d\u00e9couverte des m\u00e9tiers de la d\u00e9fense, cela a vir\u00e9 au \u00ab\u00a0Fight club\u00a0\u00bb. Les sc\u00e8nes, rapport\u00e9es par <a href=\"https:\/\/www.mediapart.fr\/journal\/france\/111125\/dans-un-lycee-professionnel-des-ateliers-vis-ma-vie-de-detenu-degenerent-en-fight-club?utm_source=article_offert&amp;utm_medium=email&amp;utm_campaign=TRANSAC&amp;utm_content=&amp;utm_term=&amp;xtor=EPR-1013-%5Barticle-offert%5D&amp;M_BT=18191586100069\" target=\"_blank\" class=\"c-link c-link--is-underlined\" rel=\"noopener\">Mediapart<\/a>, se sont d\u00e9roul\u00e9es le 6\u00a0novembre dernier au <a href=\"https:\/\/www.20minutes.fr\/societe\/lycee-professionnel\/\" class=\"c-link c-link--is-underlined\" target=\"_blank\" rel=\"noopener\">lyc\u00e9e professionnel<\/a> Jules-Michelet, dans le <a href=\"https:\/\/www.20minutes.fr\/societe\/val-de-marne\/\" class=\"c-link c-link--is-underlined\" target=\"_blank\" rel=\"noopener\">Val-de-Marne<\/a>. Ce jour-l\u00e0 des \u00e9l\u00e8ves de seconde et de premi\u00e8re ann\u00e9es de CAP devaient d\u00e9couvrir et \u00eatre initi\u00e9s \u00e0 diff\u00e9rents m\u00e9tiers.<\/p>\n<p>Au programme\u00a0: pr\u00e9sentation de carri\u00e8res militaires, expositions historiques, stand de tir au laser et un atelier des \u00e9quipes de s\u00e9curit\u00e9 p\u00e9nitentiaire de Fresnes qui a d\u00e9rap\u00e9.<\/p>\n<p>Une journ\u00e9e \u00ab\u00a0super-int\u00e9ressant\u00a0\u00bb et \u00ab\u00a0plut\u00f4t cool\u00a0\u00bb<\/p>\n<p>Selon une enseignante pr\u00e9sente lors de l\u2019atelier, les lyc\u00e9ens ont d\u2019abord d\u00fb vider leurs poches comme \u00e0 l\u2019entr\u00e9e d\u2019une prison. Les \u00e9quipiers leur ont ensuite ordonn\u00e9 de faire des pompes au sol, l\u2019une d\u2019eux appuyant m\u00eame sur le dos d\u2019un \u00e9l\u00e8ve avec sa matraque. Les jeunes en difficult\u00e9 devaient en effectuer davantage en guise de punition.<\/p>\n<p>Mais c\u2019est \u00e0 la d\u00e9monstration suivante que la situation semble avoir r\u00e9ellement bascul\u00e9e. Tandis que les surveillants invitaient des jeunes \u00e0 frapper dans un bouclier, les \u00e9quipiers ont soudainement plaqu\u00e9 un adolescent au sol, l\u2019ont menott\u00e9 face contre terre avant de le plaquer au mur pour simuler une fouille. Deux \u00e9l\u00e8ves ont \u00e9t\u00e9 bless\u00e9s et le bouclier s\u2019est retrouv\u00e9 macul\u00e9 de sang, compl\u00e8te le journal d\u2019investigation.<\/p>\n<\/p>\n<p>Et ces sc\u00e8nes de violence se sont r\u00e9p\u00e9t\u00e9es l\u2019apr\u00e8s-midi. Lors d\u2019une nouvelle mise en situation, un \u00e9l\u00e8ve refusant de sortir de sa cellule fictive a re\u00e7u un violent coup de bouclier avant de se jetter dans un corps-\u00e0-corps rageur et d\u2019\u00eatre menott\u00e9.<\/p>\n<p>Un atelier qui semble toutefois avoir davantage choqu\u00e9 le corps enseignant que les \u00e9l\u00e8ves qui ont d\u00e9crit \u00e0 Mediapart une journ\u00e9e \u00ab\u00a0super-int\u00e9ressante\u00a0\u00bb, et \u00ab\u00a0plut\u00f4t cool\u00a0\u00bb.<\/p>\n<p>Interrog\u00e9s sur leurs objectifs p\u00e9dagogiques, les surveillants p\u00e9nitentiaires ont expliqu\u00e9 vouloir d\u00e9montrer qu\u2019il \u00e9tait inutile de s\u2019opposer aux forces de l\u2019ordre. Le rectorat a ouvert une enqu\u00eate.<\/p>\n","protected":false},"excerpt":{"rendered":"\u00c7a devait \u00eatre une journ\u00e9e de d\u00e9couverte des m\u00e9tiers de la d\u00e9fense, cela a vir\u00e9 au \u00ab\u00a0Fight club\u00a0\u00bb.&hellip;\n","protected":false},"author":2,"featured_media":529130,"comment_status":"","ping_status":"","sticky":false,"template":"","format":"standard","meta":{"footnotes":""},"categories":[4],"tags":[47,11,6687,1057,1011,27,12647,662,37913,5762,12,36972,25,104,1125,809],"class_list":{"0":"post-529129","1":"post","2":"type-post","3":"status-publish","4":"format-standard","5":"has-post-thumbnail","7":"category-france","8":"tag-actualite","9":"tag-actualites","10":"tag-carriere-professionnel","11":"tag-education","12":"tag-fr","13":"tag-france","14":"tag-fresnes","15":"tag-ile-de-france","16":"tag-lycee-professionnel","17":"tag-metiers","18":"tag-news","19":"tag-rectorat","20":"tag-republique-francaise","21":"tag-societe","22":"tag-val-de-marne","23":"tag-violence"},"share_on_mastodon":{"url":"https:\/\/pubeurope.com\/@fr\/115536805483601303","error":""},"_links":{"self":[{"href":"https:\/\/www.europesays.com\/fr\/wp-json\/wp\/v2\/posts\/529129","targetHints":{"allow":["GET"]}}],"collection":[{"href":"https:\/\/www.europesays.com\/fr\/wp-json\/wp\/v2\/posts"}],"about":[{"href":"https:\/\/www.europesays.com\/fr\/wp-json\/wp\/v2\/types\/post"}],"author":[{"embeddable":true,"href":"https:\/\/www.europesays.com\/fr\/wp-json\/wp\/v2\/users\/2"}],"replies":[{"embeddable":true,"href":"https:\/\/www.europesays.com\/fr\/wp-json\/wp\/v2\/comments?post=529129"}],"version-history":[{"count":0,"href":"https:\/\/www.europesays.com\/fr\/wp-json\/wp\/v2\/posts\/529129\/revisions"}],"wp:featuredmedia":[{"embeddable":true,"href":"https:\/\/www.europesays.com\/fr\/wp-json\/wp\/v2\/media\/529130"}],"wp:attachment":[{"href":"https:\/\/www.europesays.com\/fr\/wp-json\/wp\/v2\/media?parent=529129"}],"wp:term":[{"taxonomy":"category","embeddable":true,"href":"https:\/\/www.europesays.com\/fr\/wp-json\/wp\/v2\/categories?post=529129"},{"taxonomy":"post_tag","embeddable":true,"href":"https:\/\/www.europesays.com\/fr\/wp-json\/wp\/v2\/tags?post=529129"}],"curies":[{"name":"wp","href":"https:\/\/api.w.org\/{rel}","templated":true}]}}