{"id":529133,"date":"2025-11-12T12:53:23","date_gmt":"2025-11-12T12:53:23","guid":{"rendered":"https:\/\/www.europesays.com\/fr\/529133\/"},"modified":"2025-11-12T12:53:23","modified_gmt":"2025-11-12T12:53:23","slug":"loire-ils-tentent-de-voler-des-bouteilles-dalcool-apres-avoir-degrade-la-porte-de-la-superette","status":"publish","type":"post","link":"https:\/\/www.europesays.com\/fr\/529133\/","title":{"rendered":"Loire. Ils tentent de voler des bouteilles d\u2019alcool apr\u00e8s avoir d\u00e9grad\u00e9 la porte de la sup\u00e9rette"},"content":{"rendered":"<p>Les op\u00e9rateurs vid\u00e9o de la police nationale ont eu l\u2019\u0153il, et le bon, mardi 11\u00a0novembre. Il est environ 2 heures du matin quand les fonctionnaires rep\u00e8rent sur leurs \u00e9crans qu\u2019une sup\u00e9rette alimentaire dans le quartier de Jacquard \u00e0 Saint-Etienne vient d\u2019\u00eatre la victime de vandales. En effet, deux individus ont lourdement d\u00e9grad\u00e9 la porte d\u2019entr\u00e9e avant de quitter les lieux.<\/p>\n<p>  Les bouteilles jet\u00e9es au sol dans la fuite et bris\u00e9es<\/p>\n<p>Aussit\u00f4t, un \u00e9quipage de la Brigade anticriminalit\u00e9 est mobilis\u00e9 et se met \u00e0 la recherche des deux personnes dans les rues du centre-ville st\u00e9phanois. Mais entre-temps, ces derniers sont revenus dans le magasin pour d\u00e9rober un carton de bouteilles d\u2019alcool. Alors qu\u2019ils tentent \u00e0 nouveau de s\u2019enfuir, le duo, compos\u00e9 d\u2019un Saint-Chamonais de 18 ans et d\u2019un St\u00e9phanois de 17 ans, est finalement rattrap\u00e9 et interpell\u00e9 par les policiers, non sans s\u2019\u00eatre d\u00e9barrass\u00e9 des bouteilles de vodka, jet\u00e9es au sol et quasiment toutes bris\u00e9es. Apr\u00e8s avoir \u00e9t\u00e9 plac\u00e9 en garde \u00e0 vue, le mineur s\u2019est vu notifier une convocation devant le tribunal pour enfants au cours des prochaines semaines. Quant au majeur, apr\u00e8s son audition, il s\u2019est vu signifier une convocation pour r\u00e9pondre de ses actes devant le tribunal correctionnel de Saint-Etienne. Tous deux seront convoqu\u00e9s pour vol par effraction en r\u00e9union.<\/p>\n","protected":false},"excerpt":{"rendered":"Les op\u00e9rateurs vid\u00e9o de la police nationale ont eu l\u2019\u0153il, et le bon, mardi 11\u00a0novembre. Il est environ&hellip;\n","protected":false},"author":2,"featured_media":529134,"comment_status":"","ping_status":"","sticky":false,"template":"","format":"standard","meta":{"footnotes":""},"categories":[9653],"tags":[1111,11,2430,4406,271,272,33,7539,1777,674,274,1011,27,3367,12,25,4001,7538,104],"class_list":{"0":"post-529133","1":"post","2":"type-post","3":"status-publish","4":"format-standard","5":"has-post-thumbnail","7":"category-saint-etienne","8":"tag-actu","9":"tag-actualites","10":"tag-auvergne-rhone-alpes","11":"tag-commerce-et-services","12":"tag-crime","13":"tag-delit-et-contravention","14":"tag-economie","15":"tag-edition-loire-sud","16":"tag-eu","17":"tag-europe","18":"tag-faits-divers-justice","19":"tag-fr","20":"tag-france","21":"tag-loire","22":"tag-news","23":"tag-republique-francaise","24":"tag-saint-etienne","25":"tag-saint-etienne-ville","26":"tag-societe"},"share_on_mastodon":{"url":"https:\/\/pubeurope.com\/@fr\/115536829036584194","error":""},"_links":{"self":[{"href":"https:\/\/www.europesays.com\/fr\/wp-json\/wp\/v2\/posts\/529133","targetHints":{"allow":["GET"]}}],"collection":[{"href":"https:\/\/www.europesays.com\/fr\/wp-json\/wp\/v2\/posts"}],"about":[{"href":"https:\/\/www.europesays.com\/fr\/wp-json\/wp\/v2\/types\/post"}],"author":[{"embeddable":true,"href":"https:\/\/www.europesays.com\/fr\/wp-json\/wp\/v2\/users\/2"}],"replies":[{"embeddable":true,"href":"https:\/\/www.europesays.com\/fr\/wp-json\/wp\/v2\/comments?post=529133"}],"version-history":[{"count":0,"href":"https:\/\/www.europesays.com\/fr\/wp-json\/wp\/v2\/posts\/529133\/revisions"}],"wp:featuredmedia":[{"embeddable":true,"href":"https:\/\/www.europesays.com\/fr\/wp-json\/wp\/v2\/media\/529134"}],"wp:attachment":[{"href":"https:\/\/www.europesays.com\/fr\/wp-json\/wp\/v2\/media?parent=529133"}],"wp:term":[{"taxonomy":"category","embeddable":true,"href":"https:\/\/www.europesays.com\/fr\/wp-json\/wp\/v2\/categories?post=529133"},{"taxonomy":"post_tag","embeddable":true,"href":"https:\/\/www.europesays.com\/fr\/wp-json\/wp\/v2\/tags?post=529133"}],"curies":[{"name":"wp","href":"https:\/\/api.w.org\/{rel}","templated":true}]}}