{"id":529135,"date":"2025-11-12T12:56:27","date_gmt":"2025-11-12T12:56:27","guid":{"rendered":"https:\/\/www.europesays.com\/fr\/529135\/"},"modified":"2025-11-12T12:56:27","modified_gmt":"2025-11-12T12:56:27","slug":"tramway-la-campagne-choc-de-transdev-a-saint-etienne-recompensee","status":"publish","type":"post","link":"https:\/\/www.europesays.com\/fr\/529135\/","title":{"rendered":"Tramway. La campagne choc de Transdev \u00e0 Saint-Etienne r\u00e9compens\u00e9e"},"content":{"rendered":"<p><img loading=\"lazy\" decoding=\"async\" alt=\"\u00a9 Transdev - Transdev Saint-\u00c9tienne et Saint-\u00c9tienne M\u00e9tropole ont \u00e9t\u00e9 distingu\u00e9s lors des Rencontres nationales du transport public (RNTP).\" data-zoom-src=\"https:\/\/www.europesays.com\/fr\/wp-content\/uploads\/2025\/11\/initial-rencontres-nationales-transport-public-2025-saint-etienne-metropole.jpg\" data-zoomable=\"\" height=\"702\" src=\"https:\/\/www.europesays.com\/fr\/wp-content\/uploads\/2025\/11\/initial-rencontres-nationales-transport-public-2025-saint-etienne-metropole.jpg\" width=\"1248\"\/>  <\/p>\n<p class=\"article-desc\">\u00a9 Transdev &#8211; Transdev Saint-\u00c9tienne et Saint-\u00c9tienne M\u00e9tropole ont \u00e9t\u00e9 distingu\u00e9s lors des Rencontres nationales du transport public (RNTP). <\/p>\n<p>Lors des <strong>Rencontres nationales du transport public<\/strong> (RNTP) organis\u00e9es \u00e0 Orl\u00e9ans le 5 novembre 2025, <strong>Transdev Saint-\u00c9tienne<\/strong> et <strong>Saint-\u00c9tienne M\u00e9tropole<\/strong> ont \u00e9t\u00e9 distingu\u00e9s dans le cadre des <strong>Challenges de la mobilit\u00e9 2025<\/strong>, en remportant le prix dans <strong>la cat\u00e9gorie \u00ab\u00a0Changement des comportements\u00a0\u00bb.<\/strong> <\/p>\n<p>Cette distinction nationale a trait \u00e0 la <strong>campagne de sensibilisation <\/strong>\u00ab\u00a0Prochain carrefour : tramway prioritaire\u00a0\u00bb, con\u00e7ue pour alerter les automobilistes sur les risques li\u00e9s au non-respect du code de la route et de la priorit\u00e9 du tramway aux carrefours. <\/p>\n<p>Une op\u00e9ration de sensibilisation men\u00e9e par Transdev et Saint-\u00c9tienne M\u00e9tropole en partenariat avec le SDIS de la Loire <img decoding=\"async\" alt=\"affichage commuication s\u00e9curit\u00e9 routi\u00e8re saint etienne\" class=\"img-size-full\" data-zoomable=\"\" height=\"720\" loading=\"lazy\" src=\"https:\/\/www.europesays.com\/fr\/wp-content\/uploads\/2025\/11\/affichage-commuication-securite-routiere.jpg\" title=\"affichage commuication s\u00e9curit\u00e9 routi\u00e8re\" width=\"1280\"\/> \u00a9 Transdev &#8211; Un message visuel fort pour inciter les automobilistes \u00e0 la vigilance. <\/p>\n<p>L\u2019op\u00e9ration, men\u00e9e en partenariat avec <strong>le SDIS\u00a0de la Loire<\/strong>, a notamment mis en sc\u00e8ne un v\u00e9hicule accident\u00e9 dans un container transparent, install\u00e9 \u00e0 proximit\u00e9 des carrefours \u00e0 risque, accompagn\u00e9 de messages p\u00e9dagogiques et visuels forts et des rappels aux r\u00e8gles de s\u00e9curit\u00e9 essentielles aux abords des <strong>voies tramway<\/strong>. <\/p>\n<p>Ceci r\u00e9compense le travail partenarial men\u00e9 par Transdev Saint-\u00c9tienne, Saint-\u00c9tienne M\u00e9tropole et les acteurs locaux pour une mobilit\u00e9 urbaine plus responsable et p\u00e9dagogique. <\/p>\n","protected":false},"excerpt":{"rendered":"\u00a9 Transdev &#8211; Transdev Saint-\u00c9tienne et Saint-\u00c9tienne M\u00e9tropole ont \u00e9t\u00e9 distingu\u00e9s lors des Rencontres nationales du transport public&hellip;\n","protected":false},"author":2,"featured_media":529136,"comment_status":"","ping_status":"","sticky":false,"template":"","format":"standard","meta":{"footnotes":""},"categories":[9653],"tags":[1111,11,2430,1777,674,1011,27,12,25,4001,53137,800],"class_list":{"0":"post-529135","1":"post","2":"type-post","3":"status-publish","4":"format-standard","5":"has-post-thumbnail","7":"category-saint-etienne","8":"tag-actu","9":"tag-actualites","10":"tag-auvergne-rhone-alpes","11":"tag-eu","12":"tag-europe","13":"tag-fr","14":"tag-france","15":"tag-news","16":"tag-republique-francaise","17":"tag-saint-etienne","18":"tag-su00e9curitu00e9-routiu00e8re","19":"tag-transports"},"share_on_mastodon":{"url":"https:\/\/pubeurope.com\/@fr\/115536841816494339","error":""},"_links":{"self":[{"href":"https:\/\/www.europesays.com\/fr\/wp-json\/wp\/v2\/posts\/529135","targetHints":{"allow":["GET"]}}],"collection":[{"href":"https:\/\/www.europesays.com\/fr\/wp-json\/wp\/v2\/posts"}],"about":[{"href":"https:\/\/www.europesays.com\/fr\/wp-json\/wp\/v2\/types\/post"}],"author":[{"embeddable":true,"href":"https:\/\/www.europesays.com\/fr\/wp-json\/wp\/v2\/users\/2"}],"replies":[{"embeddable":true,"href":"https:\/\/www.europesays.com\/fr\/wp-json\/wp\/v2\/comments?post=529135"}],"version-history":[{"count":0,"href":"https:\/\/www.europesays.com\/fr\/wp-json\/wp\/v2\/posts\/529135\/revisions"}],"wp:featuredmedia":[{"embeddable":true,"href":"https:\/\/www.europesays.com\/fr\/wp-json\/wp\/v2\/media\/529136"}],"wp:attachment":[{"href":"https:\/\/www.europesays.com\/fr\/wp-json\/wp\/v2\/media?parent=529135"}],"wp:term":[{"taxonomy":"category","embeddable":true,"href":"https:\/\/www.europesays.com\/fr\/wp-json\/wp\/v2\/categories?post=529135"},{"taxonomy":"post_tag","embeddable":true,"href":"https:\/\/www.europesays.com\/fr\/wp-json\/wp\/v2\/tags?post=529135"}],"curies":[{"name":"wp","href":"https:\/\/api.w.org\/{rel}","templated":true}]}}