{"id":529145,"date":"2025-11-12T13:05:14","date_gmt":"2025-11-12T13:05:14","guid":{"rendered":"https:\/\/www.europesays.com\/fr\/529145\/"},"modified":"2025-11-12T13:05:14","modified_gmt":"2025-11-12T13:05:14","slug":"a-montpellier-un-nouveau-grand-prix-national-est-lance-pour-leau-douce","status":"publish","type":"post","link":"https:\/\/www.europesays.com\/fr\/529145\/","title":{"rendered":"\u00e0 Montpellier, un nouveau grand prix national est lanc\u00e9 pour l&rsquo;eau douce"},"content":{"rendered":"<p>            Par<br \/>\n        <strong><br \/>\n            <a href=\"https:\/\/actu.fr\/auteur\/g-martin\" title=\"Consulter tous les articles de Gil Martin\" target=\"_blank\" rel=\"noopener\">Gil Martin<\/a><br \/>\n        <\/strong><\/p>\n<p>        Publi\u00e9 le<\/p>\n<p>            12 nov. 2025 \u00e0 13h36        <\/p>\n<p>L\u2019unique Centre international fran\u00e7ais UNESCO sur l\u2019eau, <strong>le centre ICIREWARD,<\/strong> est install\u00e9 \u00e0 Montpellier. Avec un solide partenaire, la Fondation de l\u2019eau Groupama M\u00e9diterran\u00e9e, ce centre de recherche a d\u00e9cid\u00e9 de cr\u00e9er <strong>un nouveau grand prix national<\/strong>, \u00ab\u00a0Aqua Scientia\u00a0\u00bb, destin\u00e9 \u00e0 valoriser les projets des chercheurs dans le domaine de la gestion de l\u2019eau douce.<\/p>\n<p>Faire progresser la connaissance<\/p>\n<p class=\" wall-content\">Ce nouveau prix doit permettre de <strong>distinguer des scientifiques<\/strong> auteurs de th\u00e8ses de doctorat \u00ab dont les travaux font <strong>progresser la connaissance<\/strong> dans le domaine de l\u2019eau douce \u00bb, pr\u00e9cise le centre ICIREWARD qui entend d\u00e9cern\u00e9 ce grand prix national tous les deux ans. Un rythme soutenu avec \u00e0 chaque fois au moins <strong>deux grands laur\u00e9ats<\/strong> afin de favoriser l\u2019\u00e9closion des projets dans un contexte d\u2019urgence nationale et mondiale.<\/p>\n<blockquote class=\"ac-article-quote wall-content\">\n<p>\u00ab\u00a0Aqua Scientia valorise des recherches capables de faire avancer la connaissance et de r\u00e9pondre aux enjeux mondiaux et locaux\u00a0\u00bb<\/p>\n<p>    <strong>Professeur Eric servat<\/strong><br \/>\n        Directeur du centre Unseco ICIREWARD    <\/p><\/blockquote>\n<p class=\" wall-content\">\u00ab L\u2019eau douce continentale (rivi\u00e8res, lacs, zones humides et nappes souterraines) constitue <strong>une ressource vitale<\/strong> mais de plus en plus fragile \u00bb, rappelle le centre UNESCO \u00bb. Face aux enjeux locaux et mondiaux, seule la science semble en mesure d\u2019apporter des r\u00e9ponses concr\u00e8tes. \u00ab Mieux comprendre et mieux g\u00e9rer cette ressource est <strong>un enjeu prioritaire<\/strong> \u00bb, insistent les organisateurs : \u00ab Ce prix valorisera notamment l\u2019excellence, l<strong>e caract\u00e8re novateur et l\u2019impact scientifique<\/strong> des travaux de recherche appliqu\u00e9s dans les domaines li\u00e9s aux ressources en eau douce continentale \u00bb.<\/p>\n<p>    <a href=\"https:\/\/www.google.com\/maps\/embed?pb=!1m18!1m12!1m3!1d2888.193228680409!2d3.8599321755559064!3d43.6233370543628!2m3!1f0!2f0!3f0!3m2!1i1024!2i768!4f13.1!3m3!1m2!1s0x12b6af9217999e0b%3A0x3c76084b9fe0af57!2sCentre%20UNESCO%20ICIREWARD!5e0!3m2!1sfr!2sfr!4v1761935197271!5m2!1sfr!2sfr\" title=\"Ouvrie le lien\" target=\"_blank\" rel=\"noopener\">Cliquez ici pour visualiser le contenu<\/a><\/p>\n<p>Vid\u00e9os : en ce moment sur Actu<\/p>\n<p class=\" wall-content\">Le concours imposera aussi une \u00e9preuve de terrain puisqu\u2019il faudra <strong>une application des projets<\/strong> sur au moins l\u2019un des 14 d\u00e9partements m\u00e9diterran\u00e9ens couverts par la Fondation de l\u2019eau Groupama M\u00e9diterran\u00e9e\u00a0<strong>dont l\u2019H\u00e9rault<\/strong>, le Gard, l\u2019Aude et les P-O, mais aussi la Corse, les Bouches-du-Rh\u00f4ne, le Var, les Hautes-Alpes, les Alpes de Haute-Provence et les Alpes-Maritimes, sans oublier l\u2019Ard\u00e8che, la Dr\u00f4me et le Vaucluse.<\/p>\n<p>\u00ab\u00a0Investir dans un avenir durable\u00a0\u00bb<\/p>\n<p class=\" wall-content\">\u00ab Au-del\u00e0 de la r\u00e9compense, ce prix met en lumi\u00e8re la jeunesse scientifique et son r\u00f4le dans l<strong>a transition \u00e9cologique<\/strong> et le partage de la connaissance \u00bb, souligne le centre ICIREWARD. \u00ab L\u2019excellence scientifique n\u2019a de sens que si elle se partage \u00bb, <a href=\"https:\/\/actu.fr\/occitanie\/montpellier_34172\/interview-de-la-semaine-pour-le-professeur-eric-servat-hydrologue-agir-goutte-que-goutte_62571270.html\" target=\"_blank\" rel=\"noopener\">poursuit le professeur \u00c9ric Servat, directeur du Centre international UNESCO montpelli\u00e9rain<\/a> : \u00ab Aqua Scientia valorise des recherches capables de faire avancer la connaissance <strong>et de r\u00e9pondre aux enjeux mondiaux et locaux<\/strong> \u00bb. Thierry Bonnery, pr\u00e9sident de la Fondation de l\u2019eau Groupama M\u00e9diterran\u00e9e, insiste sur la n\u00e9cessit\u00e9 de r\u00e9pondre aux enjeux globaux : \u00ab R\u00e9compenser de jeunes talents, c\u2019est <strong>investir dans un avenir durable<\/strong>. \u00bb<\/p>\n<p>Votre r\u00e9gion, votre actu !<\/p>\n<p>Recevez chaque jour les infos qui comptent pour vous.<\/p>\n<p>\t<a href=\"https:\/\/actu.fr\/newsletter\" class=\"ac-btn ac-btn--corner ac-btn--medium ac-btn--blue800\" target=\"_blank\" rel=\"noopener\">S&rsquo;incrire<\/a><br \/>\nLe prix Aqua Scientia est ouvert aux titulaires d\u2019un dipl\u00f4me de doctorat ayant soutenu leur th\u00e8se dans une universit\u00e9 fran\u00e7aise entre le 1er janvier 2024 et le 31 d\u00e9cembre 2025. Un jury d\u2019experts (5 \u00e0 7 membres) d\u00e9signera deux laur\u00e9ats qui recevront chacun 5 000 euros pour les encourager \u00e0 poursuivre leurs travaux. <br \/>\nPour cette premi\u00e8re \u00e9dition, les candidatures sont ouvertes jusqu\u2019au 22 f\u00e9vrier 2026. Les laur\u00e9ats seront annonc\u00e9s lors de la c\u00e9r\u00e9monie de remise des prix, \u00e0 Montpellier, en juillet 2026. Toutes les informations (r\u00e8glement, modalit\u00e9s et formulaire de candidature), sont disponibles sur les sites internet du Centre international UNESCO sur l\u2019eau ICIREWARD et de la Fondation de l\u2019eau Groupama M\u00e9diterran\u00e9e :<br \/>\n\u2013 <a href=\"http:\/\/www.fondation-eau-groupama.com\/prix-aqua-scientia\/\" target=\"_blank\" rel=\"noopener\">www.fondation-eau-groupama.com\/prix-aqua-scientia\/<\/a><br \/>\n\u2013 <a href=\"https:\/\/fr.unesco-montpellier.org\/prix-aqua-scientia\" target=\"_blank\" rel=\"noopener\">https:\/\/fr.unesco-montpellier.org\/prix-aqua-scientia<\/a><\/p>\n<p class=\" wall-content\">Personnalisez votre actualit\u00e9 en ajoutant vos villes et m\u00e9dias en favori avec <a href=\"https:\/\/moncompte.actu.fr\" title=\"D\u00e9couvez Mon Actu\" rel=\"nofollow noopener\" data-trk=\"{&quot;cta&quot;:{&quot;action&quot;:&quot;https:\\\/\\\/moncompte.actu.fr&quot;,&quot;category&quot;:&quot;mon compte&quot;,&quot;from&quot;:&quot;article footer&quot;,&quot;name&quot;:&quot;Mon actu&quot;,&quot;type&quot;:&quot;cta&quot;}}\" target=\"_blank\">Mon Actu<\/a>.<\/p>\n","protected":false},"excerpt":{"rendered":"Par Gil Martin Publi\u00e9 le 12 nov. 2025 \u00e0 13h36 L\u2019unique Centre international fran\u00e7ais UNESCO sur l\u2019eau, le&hellip;\n","protected":false},"author":2,"featured_media":529146,"comment_status":"","ping_status":"","sticky":false,"template":"","format":"standard","meta":{"footnotes":""},"categories":[9599],"tags":[1111,11,1777,674,1011,27,2208,12,2680,25,2631],"class_list":{"0":"post-529145","1":"post","2":"type-post","3":"status-publish","4":"format-standard","5":"has-post-thumbnail","7":"category-montpellier","8":"tag-actu","9":"tag-actualites","10":"tag-eu","11":"tag-europe","12":"tag-fr","13":"tag-france","14":"tag-montpellier","15":"tag-news","16":"tag-occitanie","17":"tag-republique-francaise","18":"tag-sciences-technologie"},"share_on_mastodon":{"url":"https:\/\/pubeurope.com\/@fr\/115536876267497479","error":""},"_links":{"self":[{"href":"https:\/\/www.europesays.com\/fr\/wp-json\/wp\/v2\/posts\/529145","targetHints":{"allow":["GET"]}}],"collection":[{"href":"https:\/\/www.europesays.com\/fr\/wp-json\/wp\/v2\/posts"}],"about":[{"href":"https:\/\/www.europesays.com\/fr\/wp-json\/wp\/v2\/types\/post"}],"author":[{"embeddable":true,"href":"https:\/\/www.europesays.com\/fr\/wp-json\/wp\/v2\/users\/2"}],"replies":[{"embeddable":true,"href":"https:\/\/www.europesays.com\/fr\/wp-json\/wp\/v2\/comments?post=529145"}],"version-history":[{"count":0,"href":"https:\/\/www.europesays.com\/fr\/wp-json\/wp\/v2\/posts\/529145\/revisions"}],"wp:featuredmedia":[{"embeddable":true,"href":"https:\/\/www.europesays.com\/fr\/wp-json\/wp\/v2\/media\/529146"}],"wp:attachment":[{"href":"https:\/\/www.europesays.com\/fr\/wp-json\/wp\/v2\/media?parent=529145"}],"wp:term":[{"taxonomy":"category","embeddable":true,"href":"https:\/\/www.europesays.com\/fr\/wp-json\/wp\/v2\/categories?post=529145"},{"taxonomy":"post_tag","embeddable":true,"href":"https:\/\/www.europesays.com\/fr\/wp-json\/wp\/v2\/tags?post=529145"}],"curies":[{"name":"wp","href":"https:\/\/api.w.org\/{rel}","templated":true}]}}