{"id":529151,"date":"2025-11-12T13:16:49","date_gmt":"2025-11-12T13:16:49","guid":{"rendered":"https:\/\/www.europesays.com\/fr\/529151\/"},"modified":"2025-11-12T13:16:49","modified_gmt":"2025-11-12T13:16:49","slug":"live-review-lloyd-cole-au-106-rouen-lart-de-lessentiel","status":"publish","type":"post","link":"https:\/\/www.europesays.com\/fr\/529151\/","title":{"rendered":"[Live Review] Lloyd Cole au 106 (Rouen) : l\u2019art de l\u2019essentiel"},"content":{"rendered":"<p>Lloyd Cole livre \u00e0 Rouen la version la plus s\u00e8che et la plus pr\u00e9cise de ses chansons. Une \u00e9l\u00e9gance sans esbroufe, de l\u2019humour, quelques regrets de fan \u2013 et beaucoup d\u2019\u00e9motion.<\/p>\n<p><img fetchpriority=\"high\" decoding=\"async\" class=\"size-full wp-image-181724 alignnone lazyload\" alt=\"lloyd cole 22\" width=\"800\" height=\"525\" src=\"https:\/\/www.europesays.com\/fr\/wp-content\/uploads\/2025\/11\/lloyd-cole-22.jpg\"  data- data-eio-rwidth=\"800\" data-eio-rheight=\"525\"\/><\/p>\n<p>Vendredi dernier, j\u2019ai \u00e9t\u00e9 entra\u00een\u00e9 par l\u2019un de mes \u00ab\u00a0bros\u00a0\u00bb au concert, au 106 de Rouen, de la derni\u00e8re date de la tourn\u00e9e fran\u00e7aise \u00ab Solo Show \u2013 2 sets \u00bb de Mister <strong>Lloyd Cole<\/strong>. Et cela a eu pour effet de r\u00e9veiller en moi quelques r\u00e9miniscences adolescentes : du genre radiocassettes, coiffure en guidon de v\u00e9lo (que j\u2019arborais fi\u00e8rement alors comme \u00c9cossais d\u2019adoption), et\u2026 pop acidul\u00e9e de ses <strong>Commotions<\/strong>\u2026<\/p>\n<p><strong>Lloyd Cole<\/strong> nous proposait donc deux sets de pr\u00e8s d\u2019une heure chacun, comme <a href=\"https:\/\/www.benzinemag.net\/2023\/11\/05\/live-report-lloyd-cole-au-trianon-30-ans-pour-ecrire-une-chanson-que-ma-mere-aime\/\" rel=\"nofollow noopener\" target=\"_blank\">sa pr\u00e9c\u00e9dente tourn\u00e9e de 2023<\/a>, mais cette fois en format purement (c\u2019est le mot) acoustique : tr\u00e8s peu d\u2019effets, juste la reverb de la console, le pop singer requalifi\u00e9 folk et ses deux six cordes, une Martin D\u201145 et une Taylor 324 (selon la forme de leur t\u00eate). C\u2019est un exercice tr\u00e8s difficile, n\u00e9cessitant une concentration extr\u00eame, que de jouer principalement des arp\u00e8ges avec un instrument acoustique, devant un public certes conquis d\u2019avance, mais cependant exigeant, et voulant participer \u00e0 la f\u00eate. Le maestro rappellera gentiment \u00e0 l\u2019ordre les pseudo-perturbateurs d\u2019un \u00ab\u00a0Please don\u2019t do that !\u00a0\u00bb quand certains d\u2019entre eux (dont je fais partie) souhaitaient l\u2019accompagner en frappant dans leurs mains ! Il interrompra m\u00eame quelques secondes le bien nomm\u00e9 Like a Broken Record \u00e0 cause d\u2019un fan un peu trop enthousiaste\u2026<\/p>\n<p><img loading=\"lazy\" decoding=\"async\" class=\"alignleft size-full wp-image-181725 lazyload\" alt=\"lloyd cole 11\" width=\"450\" height=\"603\" src=\"https:\/\/www.europesays.com\/fr\/wp-content\/uploads\/2025\/11\/lloyd-cole-11.jpg\"  data- data-eio-rwidth=\"450\" data-eio-rheight=\"603\"\/>Les deux sets seront en tout cas impeccables, comme la tenue immacul\u00e9e de \u00ab\u00a0Mr (ne l\u2019appelez plus) Malcontent\u00a0\u00bb, constitu\u00e9s de chansons de ses groupes (<strong>The Commotions<\/strong> et <strong>The Negatives<\/strong>), d\u00e9pouill\u00e9es pour l\u2019occasion, ou de ses efforts solo, ainsi que de belles reprises de <strong>Bowie<\/strong> (Can You Hear Me?) et de <strong>Cohen<\/strong> (Chelsea Hotel #2). Il ponctuera chaque titre d\u2019un \u00ab\u00a0Thank you, tr\u00e8s gentil !\u00a0\u00bb\u2026 Autod\u00e9rision encore lorsqu\u2019avant de jouer Like a Broken Record,\u00a0il lance : \u00ab\u00a0J\u2019ai \u00e9crit cette chanson en 2007, ann\u00e9e de ma plus grande invisibilit\u00e9\u00a0\u00bb. Ou lorsqu\u2019il qualifie chacun de ses albums de \u00ab\u00a0fantastic\u00a0\u00bb. Vraiment un bon gars, ce Lloyd ! Mention sp\u00e9ciale pour ce qui me concerne \u00e0 On Pain et The Idiot, jou\u00e9s dans de superbes versions acoustiques, totalement diff\u00e9rentes de celles, plus \u00e9lectro, pr\u00e9sentes sur le dernier album en date de l\u2019artiste.<\/p>\n<p>Ces deux sets ont r\u00e9v\u00e9l\u00e9 <strong>Cole<\/strong> comme un excellent guitariste, l\u2019interpr\u00e9tation dans ces conditions magnifiant son inventivit\u00e9 musicale, notamment dans le phras\u00e9, le plus souvent chant\u00e9. Sans oublier son sens de l\u2019humour, tout droit sorti de son Derbyshire natal. Certes, cela para\u00eet toujours un peu la m\u00eame chose, mais jou\u00e9 diff\u00e9remment\u2026 Comme la rythmique d\u2019Impossible Girl, qui fait furieusement penser au Whatever d\u2019<strong>Oasis<\/strong> !!<\/p>\n<p>Seulement deux (petits) b\u00e9mols (of course) finalement : pas de solo iconique pendant Forest Fire, ni de Jennifer She Said, l\u2019unique chanson pour laquelle ma belle-s\u0153ur \u00e9tait venue !<\/p>\n<p>Un bon moment pour en oublier d\u2019autres moins joyeux. M\u00eame si ma maman \u00e9tait plus f\u00e9rue de musique classique, je pense qu\u2019elle aurait appr\u00e9ci\u00e9. Ce texte lui est d\u00e9di\u00e9.<\/p>\n<p><img loading=\"lazy\" decoding=\"async\" class=\"alignnone lazyload\" alt=\"\" width=\"75\" height=\"14\" src=\"https:\/\/www.europesays.com\/fr\/wp-content\/uploads\/2025\/05\/4.gif\" data-eio-rwidth=\"200\" data-eio-rheight=\"41\"\/><\/p>\n<p>Stephan Triquet<br \/>(Merci \u00e0 jungleboy pour les illustrations)<\/p>\n<p>Lloyd Cole (solo) au 106 (Rouen)<br \/>Production : AEG<br \/>Date : vendredi 7 novembre 2025<\/p>\n<p>Le dernier album de <strong>Lloyd Cole<\/strong> :<\/p>\n<p><img loading=\"lazy\" decoding=\"async\" class=\"alignleft size-full wp-image-181731 lazyload\" alt=\"On Pain\" width=\"350\" height=\"350\" src=\"https:\/\/www.europesays.com\/fr\/wp-content\/uploads\/2025\/11\/On-Pain.jpg\"  data- data-eio-rwidth=\"350\" data-eio-rheight=\"350\"\/><a href=\"https:\/\/www.benzinemag.net\/2023\/06\/28\/lloyd-cole-on-pain-lelectronique-comme-nouvelle-aventure\/\" rel=\"nofollow noopener\" target=\"_blank\"><strong>Lloyd Cole<\/strong> \u2013 On Pain<\/a><br \/>Label : earMUSIC<br \/>Date de parution : 23 juin 2023<\/p>\n","protected":false},"excerpt":{"rendered":"Lloyd Cole livre \u00e0 Rouen la version la plus s\u00e8che et la plus pr\u00e9cise de ses chansons. Une&hellip;\n","protected":false},"author":2,"featured_media":529152,"comment_status":"","ping_status":"","sticky":false,"template":"","format":"standard","meta":{"footnotes":""},"categories":[9587],"tags":[1111,11,1777,674,1011,27,12,5161,25,9590],"class_list":{"0":"post-529151","1":"post","2":"type-post","3":"status-publish","4":"format-standard","5":"has-post-thumbnail","7":"category-rouen","8":"tag-actu","9":"tag-actualites","10":"tag-eu","11":"tag-europe","12":"tag-fr","13":"tag-france","14":"tag-news","15":"tag-normandie","16":"tag-republique-francaise","17":"tag-rouen"},"share_on_mastodon":{"url":"https:\/\/pubeurope.com\/@fr\/115536924314893221","error":""},"_links":{"self":[{"href":"https:\/\/www.europesays.com\/fr\/wp-json\/wp\/v2\/posts\/529151","targetHints":{"allow":["GET"]}}],"collection":[{"href":"https:\/\/www.europesays.com\/fr\/wp-json\/wp\/v2\/posts"}],"about":[{"href":"https:\/\/www.europesays.com\/fr\/wp-json\/wp\/v2\/types\/post"}],"author":[{"embeddable":true,"href":"https:\/\/www.europesays.com\/fr\/wp-json\/wp\/v2\/users\/2"}],"replies":[{"embeddable":true,"href":"https:\/\/www.europesays.com\/fr\/wp-json\/wp\/v2\/comments?post=529151"}],"version-history":[{"count":0,"href":"https:\/\/www.europesays.com\/fr\/wp-json\/wp\/v2\/posts\/529151\/revisions"}],"wp:featuredmedia":[{"embeddable":true,"href":"https:\/\/www.europesays.com\/fr\/wp-json\/wp\/v2\/media\/529152"}],"wp:attachment":[{"href":"https:\/\/www.europesays.com\/fr\/wp-json\/wp\/v2\/media?parent=529151"}],"wp:term":[{"taxonomy":"category","embeddable":true,"href":"https:\/\/www.europesays.com\/fr\/wp-json\/wp\/v2\/categories?post=529151"},{"taxonomy":"post_tag","embeddable":true,"href":"https:\/\/www.europesays.com\/fr\/wp-json\/wp\/v2\/tags?post=529151"}],"curies":[{"name":"wp","href":"https:\/\/api.w.org\/{rel}","templated":true}]}}