{"id":529157,"date":"2025-11-12T13:20:13","date_gmt":"2025-11-12T13:20:13","guid":{"rendered":"https:\/\/www.europesays.com\/fr\/529157\/"},"modified":"2025-11-12T13:20:13","modified_gmt":"2025-11-12T13:20:13","slug":"il-faut-faire-des-choix-la-police-ferme-son-commissariat-dans-ce-quartier-sensible-de-rennes-en-raison-dun-manque-deffectifs","status":"publish","type":"post","link":"https:\/\/www.europesays.com\/fr\/529157\/","title":{"rendered":"\u00ab\u00a0Il faut faire des choix\u00a0\u00bb\u00a0: la police ferme son commissariat dans ce quartier sensible de Rennes en raison d\u2019un manque d\u2019effectifs"},"content":{"rendered":"<p>Les habitants du quartier de Villejean ne peuvent plus se rendre dans leur commissariat de proximit\u00e9. Confront\u00e9e \u00e0 des probl\u00e8mes d\u2019effectifs, la Police nationale a d\u00e9cid\u00e9 de fermer temporairement le b\u00e2timent il y a pr\u00e8s de deux semaines a appris Le T\u00e9l\u00e9gramme, confirmant une information de Rennes Info Autrement.<\/p>\n<p>\u00ab Il \u00e9tait seulement ouvert le matin pour les d\u00e9p\u00f4ts de plaintes, mais c\u2019est dommage pour la population locale \u00bb, regrette Fr\u00e9d\u00e9ric Gallet, secr\u00e9taire d\u00e9partemental du syndicat de police Alliance Ille-et-Vilaine. \u00ab C\u2019\u00e9tait un service public \u00bb. La date de r\u00e9ouverture du commissariat n\u2019est pas connue.<\/p>\n<p>Si le commissariat ferme, la pr\u00e9sence polici\u00e8re reste<\/p>\n<p>D\u00e9sormais, les habitants souhaitant d\u00e9poser plainte devront se rendre \u00e0 l\u2019H\u00f4tel de Police, situ\u00e9 boulevard de la Tour d\u2019Auvergne. \u00ab Il y a un \u00e0 un tel volume de travail \u00e0 l\u2019h\u00f4tel de Police qu\u2019on ne peut pas tout g\u00e9rer. Sans effectifs suppl\u00e9mentaires, il faut faire des choix \u00bb, poursuit Fr\u00e9d\u00e9ric Gallet. \u00ab Il faut aussi \u00eatre pr\u00e9sent dehors sur le terrain. On ne peut pas se d\u00e9multiplier \u00bb.<\/p>\n<p>Malgr\u00e9 la fermeture du commissariat, la brigade sp\u00e9cialis\u00e9e de terrain (BST) continue d\u2019\u00eatre pr\u00e9sente et de patrouiller activement dans le secteur. Le quartier de Villejean a \u00e9t\u00e9 marqu\u00e9 cette ann\u00e9e par des violentes fusillades li\u00e9es au trafic de drogue. Notamment en avril dernier, quand <a href=\"https:\/\/www.letelegramme.fr\/ille-et-vilaine\/rennes-35000\/fusillade-dans-un-subway-a-rennes-la-video-glacante-de-la-fuite-des-tireurs-6801169.php\" target=\"_blank\" rel=\"noopener\">un commando arm\u00e9 avait ouvert le feu<\/a> sur des dealers rivaux dans le restaurant Subway de la dalle Kennedy, sous les yeux des \u00e9lus Charles Compagnon et Nicolas Boucher, pr\u00e9sents par hasard sur les lieux.<\/p>\n","protected":false},"excerpt":{"rendered":"Les habitants du quartier de Villejean ne peuvent plus se rendre dans leur commissariat de proximit\u00e9. Confront\u00e9e \u00e0&hellip;\n","protected":false},"author":2,"featured_media":529158,"comment_status":"","ping_status":"","sticky":false,"template":"","format":"standard","meta":{"footnotes":""},"categories":[2821],"tags":[1111,11,829,765,1777,674,1011,27,848,12,584,25],"class_list":{"0":"post-529157","1":"post","2":"type-post","3":"status-publish","4":"format-standard","5":"has-post-thumbnail","7":"category-rennes","8":"tag-actu","9":"tag-actualites","10":"tag-bretagne","11":"tag-en-continu","12":"tag-eu","13":"tag-europe","14":"tag-fr","15":"tag-france","16":"tag-ille-et-vilaine","17":"tag-news","18":"tag-rennes","19":"tag-republique-francaise"},"share_on_mastodon":{"url":"https:\/\/pubeurope.com\/@fr\/115536935270026860","error":""},"_links":{"self":[{"href":"https:\/\/www.europesays.com\/fr\/wp-json\/wp\/v2\/posts\/529157","targetHints":{"allow":["GET"]}}],"collection":[{"href":"https:\/\/www.europesays.com\/fr\/wp-json\/wp\/v2\/posts"}],"about":[{"href":"https:\/\/www.europesays.com\/fr\/wp-json\/wp\/v2\/types\/post"}],"author":[{"embeddable":true,"href":"https:\/\/www.europesays.com\/fr\/wp-json\/wp\/v2\/users\/2"}],"replies":[{"embeddable":true,"href":"https:\/\/www.europesays.com\/fr\/wp-json\/wp\/v2\/comments?post=529157"}],"version-history":[{"count":0,"href":"https:\/\/www.europesays.com\/fr\/wp-json\/wp\/v2\/posts\/529157\/revisions"}],"wp:featuredmedia":[{"embeddable":true,"href":"https:\/\/www.europesays.com\/fr\/wp-json\/wp\/v2\/media\/529158"}],"wp:attachment":[{"href":"https:\/\/www.europesays.com\/fr\/wp-json\/wp\/v2\/media?parent=529157"}],"wp:term":[{"taxonomy":"category","embeddable":true,"href":"https:\/\/www.europesays.com\/fr\/wp-json\/wp\/v2\/categories?post=529157"},{"taxonomy":"post_tag","embeddable":true,"href":"https:\/\/www.europesays.com\/fr\/wp-json\/wp\/v2\/tags?post=529157"}],"curies":[{"name":"wp","href":"https:\/\/api.w.org\/{rel}","templated":true}]}}