{"id":529159,"date":"2025-11-12T13:21:10","date_gmt":"2025-11-12T13:21:10","guid":{"rendered":"https:\/\/www.europesays.com\/fr\/529159\/"},"modified":"2025-11-12T13:21:10","modified_gmt":"2025-11-12T13:21:10","slug":"4-millions-deuros-de-travaux-dans-cette-station-depuration","status":"publish","type":"post","link":"https:\/\/www.europesays.com\/fr\/529159\/","title":{"rendered":"4 millions d&rsquo;euros de travaux dans cette station d&rsquo;\u00e9puration"},"content":{"rendered":"<p>            Par<br \/>\n        <strong><br \/>\n            <a href=\"https:\/\/actu.fr\/auteur\/redaction-jv\" title=\"Consulter tous les articles de R\u00e9daction Vitr\u00e9\" rel=\"nofollow noopener\" target=\"_blank\">R\u00e9daction Vitr\u00e9<\/a><br \/>\n        <\/strong><\/p>\n<p>        Publi\u00e9 le<\/p>\n<p>            12 nov. 2025 \u00e0 12h52        <\/p>\n<p>La station d\u2019\u00e9puration de <b>Br\u00e9c\u00e9 et Servon-sur-Vilaine en Ille-et-Vilaine<\/b>, fut mise en service en 1998. Elle vient d\u2019\u00eatre agrandie et modernis\u00e9e. L\u2019inauguration a eu lieu ce vendredi 7 novembre 2025.<\/p>\n<p class=\" wall-content\">\u00ab Au vu des perspectives d\u2019urbanisation et de d\u00e9veloppement de l\u2019activit\u00e9 \u00e9conomique sur les deux communes \u00e0 court terme, Rennes M\u00e9tropole a ainsi men\u00e9 un projet d\u2019extension de la station d\u2019\u00e9puration portant sa capacit\u00e9 de traitement de <b>5 000\u00a0\u00e0 9 000 \u00e9quivalents-habitants<\/b>, via l\u2019extension de la fili\u00e8re de traitement des eaux et la construction d\u2019une nouvelle fili\u00e8re de traitement des boues \u00bb, communique Rennes M\u00e9tropole.<\/p>\n<p>Une \u00e9tape de traitement suppl\u00e9mentaire<\/p>\n<p class=\" wall-content\">La station poss\u00e8de une capacit\u00e9 de traitement journali\u00e8re de <b>2 000\u00a0m3 avec 640\u00a0kg de boues s\u00e8ches<\/b> par jour. La mission de ma\u00eetrise d\u2019\u0153uvre a \u00e9t\u00e9 assur\u00e9e par le bureau d\u2019\u00e9tudes SCE.<\/p>\n<p class=\" wall-content\">Les travaux ont \u00e9t\u00e9 r\u00e9alis\u00e9s par les entreprises Sources (traitement de l\u2019eau), CNR Construction (g\u00e9nie civil) et Man TP (terrassement et r\u00e9seaux divers).<\/p>\n<p class=\" wall-content\">Des am\u00e9liorations ont \u00e9t\u00e9 apport\u00e9es avec \u00ab la mise en place d\u2019une \u00e9tape de traitement suppl\u00e9mentaire \u00bb de filtration tertiaire pour \u00ab r\u00e9duire les mati\u00e8res en suspension et le phosphore afin de diminuer l\u2019impact du rejet des eaux trait\u00e9es dans la Vilaine \u00bb.<\/p>\n<p>Vid\u00e9os : en ce moment sur Actu<\/p>\n<p class=\" wall-content\">Am\u00e9lioration aussi avec \u00ab la refonte compl\u00e8te de la fili\u00e8re de traitement des boues \u00bb avec d\u00e9shydratation, ajout de chaux pour hygi\u00e9niser les boues et agrandissement de la capacit\u00e9 de stockage des boues sur site sous une<b> aire couverte d\u2019environ 530 m\u00b2<\/b> avec possibilit\u00e9 d\u2019\u00e9vacuation (\u00e9pandage agricole ou compostage).<\/p>\n<p class=\" wall-content\">Un local avec vestiaires, sanitaires et r\u00e9fectoire pour le personnel d\u2019exploitation de la station a \u00e9t\u00e9 ajout\u00e9.<\/p>\n<p>Votre r\u00e9gion, votre actu !<\/p>\n<p>Recevez chaque jour les infos qui comptent pour vous.<\/p>\n<p>\t<a href=\"https:\/\/actu.fr\/newsletter\" class=\"ac-btn ac-btn--corner ac-btn--medium ac-btn--blue800\" rel=\"nofollow noopener\" target=\"_blank\">S&rsquo;incrire<\/a><br \/>\nUn futur projet port\u00e9 par des habitants<\/p>\n<p class=\" wall-content\">Enfin, l\u2019installation de 650 m\u00b2 de panneaux photovolta\u00efques permet de couvrir environ 25 \u00e0 30 % des besoins de la station, avec 22GWh\/an. Ces\u00a0travaux d\u2019extension de Br\u00e9c\u00e9-Servon-sur-Vilaine permettent ainsi de restituer au milieu naturel une eau de meilleure qualit\u00e9.<\/p>\n<p class=\" wall-content\">Le co\u00fbt des travaux d\u2019investissement est d\u2019environ <b>4 400 000\u00a0\u20ac TTC<\/b>. La subvention accord\u00e9e par l\u2019Agence de l\u2019Eau Loire-Bretagne est de <b>821 000\u00a0\u20ac.<\/b><\/p>\n<p class=\" wall-content\">Un futur projet port\u00e9 par un collectif d\u2019habitants va voir le jour en 2026, sur les anciennes lagunes d\u2019\u00e9puration de Br\u00e9c\u00e9.<\/p>\n<p class=\" wall-content\">\u00ab Une \u00e9tude environnementale va \u00eatre r\u00e9alis\u00e9e en 2026 sur cette parcelle attenante \u00e0 la station d\u2019\u00e9puration actuelle, afin de proposer des solutions de remise en \u00e9tat du site. La renaturation du site int\u00e9grera au maximum le projet citoyen \u00bb, promet Rennes M\u00e9tropole.<\/p>\n<p class=\" wall-content\">Vendredi 7\u00a0novembre, Christophe Chevance et Melaine Morin, maires respectivement de Br\u00e9c\u00e9 et Servon accompagn\u00e9s de quelques \u00e9lus \u00e9taient pr\u00e9sents, sous la pluie, pour l\u2019inauguration, en pr\u00e9sence de Pascal Herv\u00e9, vice-pr\u00e9sident m\u00e9tropolitain d\u00e9l\u00e9gu\u00e9 \u00e0 l\u2019eau et l\u2019assainissement et des repr\u00e9sentants des diff\u00e9rents corps de m\u00e9tier et entreprises ayant particip\u00e9 \u00e0 cette extension.<\/p>\n<p class=\" wall-content\">Personnalisez votre actualit\u00e9 en ajoutant vos villes et m\u00e9dias en favori avec <a href=\"https:\/\/moncompte.actu.fr\" title=\"D\u00e9couvez Mon Actu\" rel=\"nofollow noopener\" data-trk=\"{&quot;cta&quot;:{&quot;action&quot;:&quot;https:\\\/\\\/moncompte.actu.fr&quot;,&quot;category&quot;:&quot;mon compte&quot;,&quot;from&quot;:&quot;article footer&quot;,&quot;name&quot;:&quot;Mon actu&quot;,&quot;type&quot;:&quot;cta&quot;}}\" target=\"_blank\">Mon Actu<\/a>.<\/p>\n","protected":false},"excerpt":{"rendered":"Par R\u00e9daction Vitr\u00e9 Publi\u00e9 le 12 nov. 2025 \u00e0 12h52 La station d\u2019\u00e9puration de Br\u00e9c\u00e9 et Servon-sur-Vilaine en&hellip;\n","protected":false},"author":2,"featured_media":529160,"comment_status":"","ping_status":"","sticky":false,"template":"","format":"standard","meta":{"footnotes":""},"categories":[2821],"tags":[1111,11,829,1777,674,1011,27,12,584,25,104,2086],"class_list":{"0":"post-529159","1":"post","2":"type-post","3":"status-publish","4":"format-standard","5":"has-post-thumbnail","7":"category-rennes","8":"tag-actu","9":"tag-actualites","10":"tag-bretagne","11":"tag-eu","12":"tag-europe","13":"tag-fr","14":"tag-france","15":"tag-news","16":"tag-rennes","17":"tag-republique-francaise","18":"tag-societe","19":"tag-travaux"},"share_on_mastodon":{"url":"https:\/\/pubeurope.com\/@fr\/115536939248552486","error":""},"_links":{"self":[{"href":"https:\/\/www.europesays.com\/fr\/wp-json\/wp\/v2\/posts\/529159","targetHints":{"allow":["GET"]}}],"collection":[{"href":"https:\/\/www.europesays.com\/fr\/wp-json\/wp\/v2\/posts"}],"about":[{"href":"https:\/\/www.europesays.com\/fr\/wp-json\/wp\/v2\/types\/post"}],"author":[{"embeddable":true,"href":"https:\/\/www.europesays.com\/fr\/wp-json\/wp\/v2\/users\/2"}],"replies":[{"embeddable":true,"href":"https:\/\/www.europesays.com\/fr\/wp-json\/wp\/v2\/comments?post=529159"}],"version-history":[{"count":0,"href":"https:\/\/www.europesays.com\/fr\/wp-json\/wp\/v2\/posts\/529159\/revisions"}],"wp:featuredmedia":[{"embeddable":true,"href":"https:\/\/www.europesays.com\/fr\/wp-json\/wp\/v2\/media\/529160"}],"wp:attachment":[{"href":"https:\/\/www.europesays.com\/fr\/wp-json\/wp\/v2\/media?parent=529159"}],"wp:term":[{"taxonomy":"category","embeddable":true,"href":"https:\/\/www.europesays.com\/fr\/wp-json\/wp\/v2\/categories?post=529159"},{"taxonomy":"post_tag","embeddable":true,"href":"https:\/\/www.europesays.com\/fr\/wp-json\/wp\/v2\/tags?post=529159"}],"curies":[{"name":"wp","href":"https:\/\/api.w.org\/{rel}","templated":true}]}}