{"id":529169,"date":"2025-11-12T13:32:13","date_gmt":"2025-11-12T13:32:13","guid":{"rendered":"https:\/\/www.europesays.com\/fr\/529169\/"},"modified":"2025-11-12T13:32:13","modified_gmt":"2025-11-12T13:32:13","slug":"des-colis-shein-controles-par-la-douane-et-la-repression-des-fraudes","status":"publish","type":"post","link":"https:\/\/www.europesays.com\/fr\/529169\/","title":{"rendered":"des colis Shein contr\u00f4l\u00e9s par la douane et la r\u00e9pression des fraudes"},"content":{"rendered":"<p>            Par<br \/>\n        <strong><br \/>\n            <a href=\"https:\/\/actu.fr\/auteur\/redaction-nantes\" title=\"Consulter tous les articles de R\u00e9daction Nantes\" target=\"_blank\" rel=\"noopener\">R\u00e9daction Nantes<\/a><br \/>\n        <\/strong><\/p>\n<p>        Publi\u00e9 le<\/p>\n<p>            12 nov. 2025 \u00e0 14h18<br \/>\n        ; mis \u00e0 jour le 12 nov. 2025 \u00e0 14h19    <\/p>\n<p>Sous \u00ab\u2009surveillance rapproch\u00e9e des services de l\u2019\u00c9tat\u2009\u00bb, la plateforme asiatique Shein a <a href=\"https:\/\/actu.fr\/societe\/shein-echappe-a-la-suspension-en-france-mais-reste-sous-haute-surveillance-d-autres-plateformes-menacees_63412722.html\" target=\"_blank\" rel=\"noopener\">\u00e9chapp\u00e9 \u00e0 sa fermeture en France<\/a>, ce vendredi 7\u00a0novembre 2025. De nombreux produits non conformes sont vendus sur la plateforme.<\/p>\n<p class=\" wall-content\">Ce mercredi 12\u00a0novembre 2025, <b>une action conjointe de la douane et de la DDPP (Service concurrence consommation et r\u00e9pression des fraudes) a eu<\/b> l<b>ieu au centre de <a href=\"https:\/\/actu.fr\/pays-de-la-loire\/nantes_44109\/pour-noel-les-postiers-de-nantes-se-demenent-pour-livrer-les-colis-a-temps_60458033.html\" target=\"_blank\" rel=\"noopener\">tri postal de Carquefou<\/a><\/b>, en pr\u00e9sence de Fabrice Rigoulet-Roze, pr\u00e9fet des Pays de la Loire et pr\u00e9fet de la Loire-Atlantique.<\/p>\n<p>77 colis contr\u00f4l\u00e9s<\/p>\n<p class=\" wall-content\">Jusqu\u2019\u00e0 11h30, ce mercredi\u00a012 novembres, les agents ont <b>proc\u00e9d\u00e9 \u00e0 une op\u00e9ration de contr\u00f4les coordonn\u00e9s et cibl\u00e9s de colis vendu sur la plateforme Shein<\/b>.<\/p>\n<p>    <img   decoding=\"async\" loading=\"lazy\" class=\"size-large\" src=\"https:\/\/www.europesays.com\/fr\/wp-content\/uploads\/2025\/11\/c100913274196a5009132741999009v-960x640.jpg\" alt=\"77 colis ont \u00e9t\u00e9 retir\u00e9s de la livraison lors de l'op\u00e9ration de contr\u00f4le.\" width=\"960\" height=\"640\"\/><br \/>\n    77 colis ont \u00e9t\u00e9 retir\u00e9s de la livraison lors de l\u2019op\u00e9ration de contr\u00f4le. \u00a9Pr\u00e9fecture de Loire-Atlantique<\/p>\n<p class=\" wall-content\">\u00ab\u2009Sur les 77 colis (319 produits) temporairement retir\u00e9s de la livraison, dont 46 en provenance de la marque Shein, les contr\u00f4les effectu\u00e9s n\u2019ont rien r\u00e9v\u00e9l\u00e9 d\u2019ill\u00e9gal. Toutefois, sur l\u2019ensemble des contr\u00f4les effectu\u00e9s, 5 colis sont suspect\u00e9s de contenir 43 produits contrefaisants et 6 autres colis (11 produits) feront l\u2019objet de remont\u00e9es \u00e0 l\u2019administration centrale par la CCRF pour non-conformit\u00e9s\u2009\u00bb, indique la pr\u00e9fecture de Loire-Atlantique dans un communiqu\u00e9 de presse.<\/p>\n<p class=\" wall-content\">Personnalisez votre actualit\u00e9 en ajoutant vos villes et m\u00e9dias en favori avec <a href=\"https:\/\/moncompte.actu.fr\" title=\"D\u00e9couvez Mon Actu\" rel=\"nofollow noopener\" data-trk=\"{&quot;cta&quot;:{&quot;action&quot;:&quot;https:\\\/\\\/moncompte.actu.fr&quot;,&quot;category&quot;:&quot;mon compte&quot;,&quot;from&quot;:&quot;article footer&quot;,&quot;name&quot;:&quot;Mon actu&quot;,&quot;type&quot;:&quot;cta&quot;}}\" target=\"_blank\">Mon Actu<\/a>.<\/p>\n","protected":false},"excerpt":{"rendered":"Par R\u00e9daction Nantes Publi\u00e9 le 12 nov. 2025 \u00e0 14h18 ; mis \u00e0 jour le 12 nov. 2025&hellip;\n","protected":false},"author":2,"featured_media":529170,"comment_status":"","ping_status":"","sticky":false,"template":"","format":"standard","meta":{"footnotes":""},"categories":[2818],"tags":[1111,11,33,1777,674,1011,27,1006,766,12,2636,25],"class_list":{"0":"post-529169","1":"post","2":"type-post","3":"status-publish","4":"format-standard","5":"has-post-thumbnail","7":"category-nantes","8":"tag-actu","9":"tag-actualites","10":"tag-economie","11":"tag-eu","12":"tag-europe","13":"tag-fr","14":"tag-france","15":"tag-fraude","16":"tag-nantes","17":"tag-news","18":"tag-pays-de-la-loire","19":"tag-republique-francaise"},"share_on_mastodon":{"url":"https:\/\/pubeurope.com\/@fr\/115536983382898197","error":""},"_links":{"self":[{"href":"https:\/\/www.europesays.com\/fr\/wp-json\/wp\/v2\/posts\/529169","targetHints":{"allow":["GET"]}}],"collection":[{"href":"https:\/\/www.europesays.com\/fr\/wp-json\/wp\/v2\/posts"}],"about":[{"href":"https:\/\/www.europesays.com\/fr\/wp-json\/wp\/v2\/types\/post"}],"author":[{"embeddable":true,"href":"https:\/\/www.europesays.com\/fr\/wp-json\/wp\/v2\/users\/2"}],"replies":[{"embeddable":true,"href":"https:\/\/www.europesays.com\/fr\/wp-json\/wp\/v2\/comments?post=529169"}],"version-history":[{"count":0,"href":"https:\/\/www.europesays.com\/fr\/wp-json\/wp\/v2\/posts\/529169\/revisions"}],"wp:featuredmedia":[{"embeddable":true,"href":"https:\/\/www.europesays.com\/fr\/wp-json\/wp\/v2\/media\/529170"}],"wp:attachment":[{"href":"https:\/\/www.europesays.com\/fr\/wp-json\/wp\/v2\/media?parent=529169"}],"wp:term":[{"taxonomy":"category","embeddable":true,"href":"https:\/\/www.europesays.com\/fr\/wp-json\/wp\/v2\/categories?post=529169"},{"taxonomy":"post_tag","embeddable":true,"href":"https:\/\/www.europesays.com\/fr\/wp-json\/wp\/v2\/tags?post=529169"}],"curies":[{"name":"wp","href":"https:\/\/api.w.org\/{rel}","templated":true}]}}