{"id":52917,"date":"2025-04-25T23:11:09","date_gmt":"2025-04-25T23:11:09","guid":{"rendered":"https:\/\/www.europesays.com\/fr\/52917\/"},"modified":"2025-04-25T23:11:09","modified_gmt":"2025-04-25T23:11:09","slug":"national-le-feu-dartifice-de-bamba-et-de-lus-concarneau-contre-quevilly-rouen","status":"publish","type":"post","link":"https:\/\/www.europesays.com\/fr\/52917\/","title":{"rendered":"National\u00a0: le feu d\u2019artifice de Bamba et de l\u2019US Concarneau contre Quevilly-Rouen"},"content":{"rendered":"<p>National (31e journ\u00e9e). US Concarneau &#8211; Quevilly-Rouen\u00a0: 5-1<\/p>\n<p>La large victoire de l\u2019US Concarneau, ce vendredi, contre Quevilly-Rouen permet d\u2019\u00e9vacuer un sujet qui n\u2019en \u00e9tait d\u00e9j\u00e0 plus un\u00a0: les Thoniers sont officiellement et math\u00e9matiquement maintenus en National. Mais au-del\u00e0 de ce dixi\u00e8me succ\u00e8s de la saison, l\u2019US Concarneau a \u00e9tir\u00e9 sa s\u00e9rie d\u2019invincibilit\u00e9 \u00e0 sept matchs avec ce nouvel objectif d\u00e9sormais assign\u00e9 de finir la saison sans perdre.<\/p>\n<p>\u00c0 propos de cette nouvelle s\u00e9rie qui replace l\u2019US Concarneau en sixi\u00e8me position avant une 32e journ\u00e9e, o\u00f9 elle sera exempte, St\u00e9phane Rossi expliquait, jeudi en avant-match, les ingr\u00e9dients qui en font le sel\u00a0: le respect du plan de jeu, le sens collectif et la volont\u00e9 de faire mal \u00e0 l\u2019adversaire.<\/p>\n<p>Bamba, l\u2019\u2019acc\u00e9l\u00e9rateur du jeu concarnois<\/p>\n<p>Il \u00e9voquait aussi le retour de joueurs en forme. Et sans le nommer, on ne peut s\u2019emp\u00eacher de penser \u00e0 Rayan Bamba, acc\u00e9l\u00e9rateur du jeu concarnois en d\u00e9but de saison au m\u00eame titre que Justin Bourgault, <a href=\"https:\/\/www.letelegramme.fr\/sports\/football\/stade-brestois\/le-stade-brestois-officialise-larrivee-de-justin-bourgault-6746959.php\" target=\"_blank\" rel=\"nofollow noopener\">depuis transf\u00e9r\u00e9 au Stade Brestois<\/a>. L\u2019absence de Bamba au c\u0153ur de l\u2019hiver n\u2019est pas \u00e9trang\u00e8re au gros coup de moins bien de son \u00e9quipe.<\/p>\n<p>Son retour en forme, ce vendredi, contre des Normands (trop\u00a0?) vite r\u00e9sign\u00e9s s\u2019est mat\u00e9rialis\u00e9 par un feu d\u2019artifice offensif. C\u2019est bien simple, il a \u00e9t\u00e9 \u00e0 l\u2019origine directe de trois de cinq buts de son \u00e9quipe.<\/p>\n<p>Sur le premier avec un centre au premier poteau pour Kielt qui en a profit\u00e9 pour ouvrir le score et inscrire son septi\u00e8me but de la saison (1-0, 5\u2019). Sur le quatri\u00e8me avec un nouveau service parfait pour Mouzan qui a d\u00fb s\u2019y reprendre \u00e0 deux fois pour inscrire un doubl\u00e9 (4-1, 60\u2019). Et sur le cinqui\u00e8me pour un nouveau centre c\u00f4t\u00e9 droit qui a abouti \u00e0 un but contre son camp de Chibani sous la menace de Sery (5-1, 75\u2019). Ce ne sera pas donc pas compt\u00e9 comme une passe d\u00e9cisive.<\/p>\n<p>Kielt pas loin du but de la saison<\/p>\n<p>Mais c\u2019est bien trois caviars qu\u2019il a d\u00e9livr\u00e9s \u00e0 ses co\u00e9quipiers, sans oublier cette perc\u00e9e supersonique et cette passe \u00e0 Samoura dont le centre pour Kielt a failli aboutir au but de la saison. Si Kielt avait \u00e9t\u00e9 aussi pr\u00e9cis dans sa frappe encha\u00een\u00e9e que pour son contr\u00f4le orient\u00e9 qui avait mis son cerb\u00e8re dans le vent (52\u2019).<\/p>\n<p>Ce match \u00e9tait d\u2019ailleurs celui des lat\u00e9raux\u00a0qu\u2019un centre de Wahib a profit\u00e9 \u00e0 Touzghar, plus vif que le gardien adverse, lors du deuxi\u00e8me but concarnois (2-0, 11\u2019).<\/p>\n<p>On ne saurait dire si c\u2019est le coup d\u2019envoi donn\u00e9 par le vainqueur du Vend\u00e9e Globe Charlie Dalin qui a fait prendre l\u2019eau aux Normands. Mais dans tous les cas, l\u2019US Concarneau termine tr\u00e8s bien une saison qu\u2019elle avait \u00e9galement parfaitement entam\u00e9e.<\/p>\n<p class=\"titre-tech\">La fiche technique<\/p>\n<p class=\"tech\"><strong class=\"tech\">Arbitre\u00a0:<\/strong> Jordane Lomi.<\/p>\n<p class=\"tech\"><strong class=\"tech\">Spectateurs\u00a0: <\/strong>2290.<\/p>\n<p class=\"tech\"><strong class=\"tech\">BUTS.<\/strong> Concarneau\u00a0: Kielt (5\u2019), Touzghar (11\u2019), Mouazan (38\u2019, 60\u2019), Chibani csc (75\u2019)\u00a0; QRM\u00a0: Bouekou (19\u2019)<\/p>\n<p class=\"tech\"><strong class=\"tech\">AVERTISSEMENT. <\/strong>QRM\u00a0: Chibani (73\u2019).<\/p>\n<p class=\"tech\"><strong class=\"tech\">US CONCARNEAU\u00a0: <\/strong>Salles &#8211; Bamba (Etcheverria, 83\u2019), Jannez, Sinquin, Wahib &#8211; Touzghar, Etuin, Mouazan &#8211; Samoura (Sy, 67\u2019), Kielt (Sery, 73\u2019), Soukouna (Silva, 83\u2019). Entra\u00eeneur\u00a0: St\u00e9phane Rossi. Non entr\u00e9 en jeu\u00a0: Philippon (g).<\/p>\n<p class=\"tech\"><strong class=\"tech\">QRM\u00a0:<\/strong> Bonnevie &#8211; Pionner, Soilihi (Adekalom, 63\u2019), Chibani, Dede-Lhomme, Owusu &#8211; Njik\u00e9, Leborgne, Bouekou (Tshipamba,, 46\u2019) &#8211; Fortun\u00e9 (Capron-Littique, 77\u2019), Dami-Amar (Vandenbossche, 63\u2019). Entra\u00eeneur\u00a0: David Carr\u00e9. Non entr\u00e9 en jeu\u00a0: Patron (g).<\/p>\n","protected":false},"excerpt":{"rendered":"National (31e journ\u00e9e). US Concarneau &#8211; Quevilly-Rouen\u00a0: 5-1 La large victoire de l\u2019US Concarneau, ce vendredi, contre Quevilly-Rouen&hellip;\n","protected":false},"author":2,"featured_media":52918,"comment_status":"","ping_status":"","sticky":false,"template":"","format":"standard","meta":{"footnotes":""},"categories":[9587],"tags":[1111,11,3322,3166,1777,674,63,1011,27,3238,12,5161,25,9590,60,14656],"class_list":{"0":"post-52917","1":"post","2":"type-post","3":"status-publish","4":"format-standard","5":"has-post-thumbnail","7":"category-rouen","8":"tag-actu","9":"tag-actualites","10":"tag-concarneau","11":"tag-en-continu-sports","12":"tag-eu","13":"tag-europe","14":"tag-football","15":"tag-fr","16":"tag-france","17":"tag-national","18":"tag-news","19":"tag-normandie","20":"tag-republique-francaise","21":"tag-rouen","22":"tag-sports","23":"tag-us-concarneau"},"share_on_mastodon":{"url":"https:\/\/pubeurope.com\/@fr\/114401134749505275","error":""},"_links":{"self":[{"href":"https:\/\/www.europesays.com\/fr\/wp-json\/wp\/v2\/posts\/52917","targetHints":{"allow":["GET"]}}],"collection":[{"href":"https:\/\/www.europesays.com\/fr\/wp-json\/wp\/v2\/posts"}],"about":[{"href":"https:\/\/www.europesays.com\/fr\/wp-json\/wp\/v2\/types\/post"}],"author":[{"embeddable":true,"href":"https:\/\/www.europesays.com\/fr\/wp-json\/wp\/v2\/users\/2"}],"replies":[{"embeddable":true,"href":"https:\/\/www.europesays.com\/fr\/wp-json\/wp\/v2\/comments?post=52917"}],"version-history":[{"count":0,"href":"https:\/\/www.europesays.com\/fr\/wp-json\/wp\/v2\/posts\/52917\/revisions"}],"wp:featuredmedia":[{"embeddable":true,"href":"https:\/\/www.europesays.com\/fr\/wp-json\/wp\/v2\/media\/52918"}],"wp:attachment":[{"href":"https:\/\/www.europesays.com\/fr\/wp-json\/wp\/v2\/media?parent=52917"}],"wp:term":[{"taxonomy":"category","embeddable":true,"href":"https:\/\/www.europesays.com\/fr\/wp-json\/wp\/v2\/categories?post=52917"},{"taxonomy":"post_tag","embeddable":true,"href":"https:\/\/www.europesays.com\/fr\/wp-json\/wp\/v2\/tags?post=52917"}],"curies":[{"name":"wp","href":"https:\/\/api.w.org\/{rel}","templated":true}]}}