{"id":529175,"date":"2025-11-12T13:39:12","date_gmt":"2025-11-12T13:39:12","guid":{"rendered":"https:\/\/www.europesays.com\/fr\/529175\/"},"modified":"2025-11-12T13:39:12","modified_gmt":"2025-11-12T13:39:12","slug":"a-bordeaux-le-quartier-de-la-gare-est-en-pleins-travaux-ou-se-garer-facilement","status":"publish","type":"post","link":"https:\/\/www.europesays.com\/fr\/529175\/","title":{"rendered":"\u00c0 Bordeaux le quartier de la gare est en pleins travaux, o\u00f9 se garer facilement ?"},"content":{"rendered":"<p>\ud83d\udd52 Article publi\u00e9 le 12 novembre 2025<br \/>&#13;<br \/>\n\u2705 Mis \u00e0 jour le 12 novembre 2025<\/p>\n<p><strong>Autour de la gare, les travaux se multiplient<\/strong>. Les parvis \u00e9voluent, les cheminements pi\u00e9tons se d\u00e9placent, les voies de circulation changent au fil des phases. <strong>Le quartier Saint-Jean est en pleine transformation<\/strong>, et cela se voit dans le quotidien. Les automobilistes, les r\u00e9sidents, les visiteurs et les clients des commerces locaux doivent s\u2019adapter \u00e0 un environnement mouvant. Cette situation peut rendre <strong>le stationnement incertain<\/strong>, surtout aux heures d\u2019affluence.<\/p>\n<p>Cr\u00e9dit photo quartier de la gare \u00e0 Bordeaux \u00a9 FreeProd33 \u2013 Shutterstock<\/p>\n<p>Pourtant, il existe des solutions simples pour <strong>se garer sans perdre de temps<\/strong> et sans subir les bouchons du parvis. Le <a href=\"https:\/\/www.interparking.fr\/fr\/parkings\/bordeaux\/gare-saint-jean-armagnac\/\" target=\"_blank\" rel=\"nofollow noopener\">parking Gare Saint-Jean Armagnac<\/a>, situ\u00e9 c\u00f4t\u00e9 Belcier, reste l\u2019une des options les plus fiables. Il permet de contourner les zones les plus encombr\u00e9es et d\u2019acc\u00e9der rapidement aux diff\u00e9rents secteurs de la gare. La marche vers les quais est courte, l\u2019acc\u00e8s est stable, et la <strong>r\u00e9servation en ligne <\/strong>permet de b\u00e9n\u00e9ficier de <strong>tarifs d\u00e9gressifs<\/strong>. De plus, certaines zones sont \u00e9quip\u00e9es de <strong>bornes pour recharger un v\u00e9hicule \u00e9lectrique<\/strong>, ce qui est pratique pendant un d\u00e9placement.<\/p>\n<p>Un quartier en mutation qui change les habitudes<\/p>\n<p>Le quartier Saint-Jean ne se r\u00e9sume plus \u00e0 un lieu de passage pour prendre un train. C\u2019est aujourd\u2019hui un secteur o\u00f9 l\u2019on vit, o\u00f9 l\u2019on sort, o\u00f9 l\u2019on s\u2019installe. De nouveaux logements voient le jour, des bureaux s\u2019implantent, des restaurants et caf\u00e9s s\u2019animent.<\/p>\n<p>Cet essor est directement li\u00e9 \u00e0 l\u2019ouverture de la LGV. Depuis 2017, la fr\u00e9quentation de la gare a augment\u00e9 en moyenne de 8,5 % par an. La gare accueille aujourd\u2019hui pr\u00e8s de <strong>17 millions de voyageurs annuels<\/strong>, ce qui a acc\u00e9l\u00e9r\u00e9 l\u2019\u00e9volution du quartier. Pour accompagner ce changement, le <strong>projet Grande Gare<\/strong> transforme progressivement les acc\u00e8s, les arr\u00eats bus, les parvis et les liaisons pi\u00e9tonnes. Les travaux progressent par \u00e9tapes, ce qui explique les changements r\u00e9guliers sur le terrain.<\/p>\n<p>En parall\u00e8le, le <a href=\"https:\/\/passion-aquitaine.ouest-france.fr\/canopia-bordeaux-2027\/\" rel=\"nofollow noopener\" target=\"_blank\">projet Canopia<\/a> r\u00e9invente quatre hectares entre la gare et la Garonne. L\u2019objectif est de cr\u00e9er un nouveau c\u0153ur de quartier, avec des <strong>logements, des commerces, des espaces verts<\/strong> et des zones de mobilit\u00e9 apais\u00e9e. Ce projet modifie les flux, les trottoirs et les rep\u00e8res, ce qui contribue \u00e0 la sensation de changement permanent. Ce n\u2019est pas le nombre de places disponibles qui manque r\u00e9ellement, <strong>ce sont les rep\u00e8res qui \u00e9voluent<\/strong>.<\/p>\n<p>Chantier quartier gare de Bordeaux<\/p>\n<p>\u00a0<\/p>\n<p>O\u00f9 se garer sans perdre de temps<\/p>\n<p>Le bon r\u00e9flexe consiste \u00e0 <strong>privil\u00e9gier le c\u00f4t\u00e9 Belcier<\/strong>. Depuis la rocade sud ou le boulevard Jean-Jacques Bosc, l\u2019acc\u00e8s reste lisible, m\u00eame lorsque certains sens de circulation sont modifi\u00e9s. On se gare, puis on rejoint la gare, les commerces ou les restaurants \u00e0 pied en quelques minutes. Le trajet est direct et clairement indiqu\u00e9.<\/p>\n<p>Cette courte marche est un avantage. Elle <strong>\u00e9vite le dernier kilom\u00e8tre<\/strong>, celui o\u00f9 tout se bloque \u00e0 proximit\u00e9 imm\u00e9diate du parvis. De plus, gr\u00e2ce \u00e0 la r\u00e9servation, la place est garantie et le co\u00fbt peut \u00eatre r\u00e9duit, ce qui rend le d\u00e9placement plus agr\u00e9able d\u00e8s le d\u00e9part.<\/p>\n<p>Ce qui va changer d\u00e8s 2025 dans le quartier<\/p>\n<p>L\u2019arriv\u00e9e des <strong>lignes E et F du tram<\/strong>, pr\u00e9vue <a href=\"https:\/\/www.bordeaux-metropole.fr\/actualites\/loffre-transport-en-commun-se-renforce\" target=\"_blank\" rel=\"nofollow noopener\">d\u00e8s d\u00e9cembre 2025<\/a>, va transformer encore davantage les d\u00e9placements. La ligne F assurera une liaison directe entre la gare et l\u2019a\u00e9roport en environ <strong>quarante-cinq minutes<\/strong>. Cela am\u00e9liorera les correspondances et r\u00e9duira la d\u00e9pendance \u00e0 la voiture dans le secteur.<\/p>\n<p><img loading=\"lazy\" decoding=\"async\" aria-describedby=\"caption-attachment-20562\" class=\"wp-image-20562 size-full lazyload ewww_webp_lazy_load\" title=\"Ligne de tram Bordeaux a\u00e9roport\" src=\"https:\/\/www.europesays.com\/fr\/wp-content\/uploads\/2025\/11\/ligne-tram-bordeaux-aeroport.jpg\" alt=\"Ligne de tram Bordeaux a\u00e9roport\" width=\"1200\" height=\"761\" style=\"--smush-placeholder-width: 1200px; --smush-placeholder-aspect-ratio: 1200\/761;\" src-webp=\"https:\/\/www.europesays.com\/fr\/wp-content\/uploads\/2025\/11\/ligne-tram-bordeaux-aeroport.jpg.webp\"\/><\/p>\n<p id=\"caption-attachment-20562\" class=\"wp-caption-text\">Ligne de tram Bordeaux a\u00e9roport \u00a9 Bordeaux M\u00e9tropole<\/p>\n<p>Ces \u00e9volutions s\u2019ajoutent \u00e0 des am\u00e9nagements tr\u00e8s concrets. C\u00f4t\u00e9 Belcier, le parvis a \u00e9t\u00e9 \u00e9largi et nivel\u00e9 afin de faciliter les arriv\u00e9es \u00e0 pied et en tram. La requalification de la rue Carle-Vernet inclut d\u00e9sormais des bandes cyclables s\u00e9curis\u00e9es et une circulation apais\u00e9e. La passerelle provisoire install\u00e9e au-dessus des voies doit \u00eatre remplac\u00e9e par une passerelle d\u00e9finitive \u00e9quip\u00e9e d\u2019escaliers m\u00e9caniques pour <strong>relier plus facilement les diff\u00e9rents halls de la gare<\/strong>.<\/p>\n<p>Le Jardin de l\u2019Ars, d\u00e9j\u00e0 en cours de plantation, deviendra un parc central du quartier. Autrement dit, les d\u00e9placements ne seront plus uniquement orient\u00e9s vers les trains, mais vers les lieux de vie du quartier lui-m\u00eame.<\/p>\n<p>R\u00e9server our une arriv\u00e9e plus sereine<\/p>\n<p><strong>R\u00e9server son stationnement \u00e0 l\u2019avance<\/strong> permet d\u2019arriver plus d\u00e9tendu. Cette \u00e9tape simple \u00e9vite l\u2019incertitude du dernier moment. Elle permet aussi de b\u00e9n\u00e9ficier de <strong>tarifs d\u00e9gressifs<\/strong>, ce qui est avantageux pour un week-end ou plusieurs jours. De plus, la pr\u00e9sence de <strong>bornes de recharge<\/strong> pour v\u00e9hicules \u00e9lectriques offre une solution pratique. Vous laissez la voiture, vous partez en train, en rendez-vous ou au restaurant, et vous revenez avec une autonomie suffisante.<\/p>\n<p>Avec ces outils, <strong>se garer dans le quartier de la gare<\/strong> n\u2019a plus besoin d\u2019\u00eatre v\u00e9cu comme une contrainte. Il suffit d\u2019anticiper l\u00e9g\u00e8rement. On gagne du temps, on \u00e9conomise de l\u2019\u00e9nergie, et l\u2019exp\u00e9rience devient plus fluide.<\/p>\n<p>Le quartier Saint-Jean continue d\u2019\u00e9voluer, mais des solutions solides existent d\u00e9j\u00e0 pour y circuler sereinement. Choisir un <strong>parking accessible c\u00f4t\u00e9 Belcier<\/strong>, r\u00e9server son emplacement \u00e0 l\u2019avance et profiter des \u00e9quipements disponibles permet de vivre ce quartier en transformation, plut\u00f4t que de le subir.<\/p>\n","protected":false},"excerpt":{"rendered":"\ud83d\udd52 Article publi\u00e9 le 12 novembre 2025&#13; \u2705 Mis \u00e0 jour le 12 novembre 2025 Autour de la&hellip;\n","protected":false},"author":2,"featured_media":529176,"comment_status":"","ping_status":"","sticky":false,"template":"","format":"standard","meta":{"footnotes":""},"categories":[2817],"tags":[1111,11,1997,1777,674,1011,27,64829,12,2219,16025,25,5289,64830],"class_list":{"0":"post-529175","1":"post","2":"type-post","3":"status-publish","4":"format-standard","5":"has-post-thumbnail","7":"category-bordeaux","8":"tag-actu","9":"tag-actualites","10":"tag-bordeaux","11":"tag-eu","12":"tag-europe","13":"tag-fr","14":"tag-france","15":"tag-gare-bordeaux","16":"tag-news","17":"tag-nouvelle-aquitaine","18":"tag-parking","19":"tag-republique-francaise","20":"tag-saint-jean","21":"tag-travaux-quartier-gare"},"share_on_mastodon":{"url":"https:\/\/pubeurope.com\/@fr\/115537010725806028","error":""},"_links":{"self":[{"href":"https:\/\/www.europesays.com\/fr\/wp-json\/wp\/v2\/posts\/529175","targetHints":{"allow":["GET"]}}],"collection":[{"href":"https:\/\/www.europesays.com\/fr\/wp-json\/wp\/v2\/posts"}],"about":[{"href":"https:\/\/www.europesays.com\/fr\/wp-json\/wp\/v2\/types\/post"}],"author":[{"embeddable":true,"href":"https:\/\/www.europesays.com\/fr\/wp-json\/wp\/v2\/users\/2"}],"replies":[{"embeddable":true,"href":"https:\/\/www.europesays.com\/fr\/wp-json\/wp\/v2\/comments?post=529175"}],"version-history":[{"count":0,"href":"https:\/\/www.europesays.com\/fr\/wp-json\/wp\/v2\/posts\/529175\/revisions"}],"wp:featuredmedia":[{"embeddable":true,"href":"https:\/\/www.europesays.com\/fr\/wp-json\/wp\/v2\/media\/529176"}],"wp:attachment":[{"href":"https:\/\/www.europesays.com\/fr\/wp-json\/wp\/v2\/media?parent=529175"}],"wp:term":[{"taxonomy":"category","embeddable":true,"href":"https:\/\/www.europesays.com\/fr\/wp-json\/wp\/v2\/categories?post=529175"},{"taxonomy":"post_tag","embeddable":true,"href":"https:\/\/www.europesays.com\/fr\/wp-json\/wp\/v2\/tags?post=529175"}],"curies":[{"name":"wp","href":"https:\/\/api.w.org\/{rel}","templated":true}]}}