{"id":529183,"date":"2025-11-12T13:47:12","date_gmt":"2025-11-12T13:47:12","guid":{"rendered":"https:\/\/www.europesays.com\/fr\/529183\/"},"modified":"2025-11-12T13:47:12","modified_gmt":"2025-11-12T13:47:12","slug":"un-bureau-de-la-poste-braque-a-lexplosif-une-enquete-ouverte-par-le-parquet-de-lille","status":"publish","type":"post","link":"https:\/\/www.europesays.com\/fr\/529183\/","title":{"rendered":"un bureau de La Poste braqu\u00e9 \u00e0 l&rsquo;explosif, une enqu\u00eate ouverte par le parquet de Lille"},"content":{"rendered":"<p class=\"article-p mdl\">Il \u00e9tait 8h30, ce mercredi 12 novembre, lorsque quatre individus d\u00e9barquent devant un bureau de poste \u00e0 Roubaix. Munis d&rsquo;explosifs, les quatre individus forcent alors un coffre servant \u00e0 alimenter des distributeurs automatiques en billets.\u00a0<\/p>\n<p class=\"article-p mdl\">Ce coffre, situ\u00e9 \u00e0 l&rsquo;ext\u00e9rieur de l&rsquo;\u00e9tablissement, est utilis\u00e9 par les convoyeurs pour y d\u00e9poser des fonds, fait savoir une porte-parole de La Poste dans les Hauts-de-France, interrog\u00e9e par l&rsquo;AFP.\u00a0<\/p>\n<p class=\"article-p mdl\">L&rsquo;explosion n&rsquo;a fait aucun bless\u00e9 mais a caus\u00e9 d&rsquo;importants d\u00e9g\u00e2ts sur la fa\u00e7ade du b\u00e2timent, a-t-elle ajout\u00e9. Le bureau de poste n&rsquo;\u00e9tait pas encore ouvert au moment des faits, et une cellule psychologique a \u00e9t\u00e9 mise en place pour le personnel.<\/p>\n<p class=\"article-p mdl\">Selon le parquet de Lille, \u00ab\u00a0les malfaiteurs\u00a0\u00bb ont r\u00e9ussi leur coup en s&#8217;emparant \u00ab\u00a0d\u2019un sac de num\u00e9raire\u00a0\u00bb, Quant au pr\u00e9judice, il est \u00ab\u00a0en cours d\u2019estimation\u00a0\u00bb, indique le parquet.\u00a0<\/p>\n<p class=\"article-p mdl\">La\u00a0Division de la criminalit\u00e9 organis\u00e9e et sp\u00e9cialis\u00e9e (DCOS) &#8211; anciennement PJ &#8211; a \u00e9t\u00e9 saisie par le parquet de Lille d\u2019une enqu\u00eate en crime flagrant des chefs de vol en bande organis\u00e9e, association de malfaiteurs en vue de la pr\u00e9paration d\u2019un crime et destruction de biens par moyens explosifs en bande organis\u00e9e.<\/p>\n<p>    La r\u00e9daction vous recommande<\/p>\n<p class=\"s-newsletter__title\">\n                L\u2019actualit\u00e9 par la r\u00e9daction de RTL dans votre bo\u00eete mail.\n            <\/p>\n<p class=\"s-newsletter__subtitle\">\n                Gr\u00e2ce \u00e0 votre compte RTL abonnez-vous \u00e0 la newsletter RTL info pour suivre toute l&rsquo;actualit\u00e9 au quotidien\n            <\/p>\n<p>\n                                    Lire la suite\n                                <\/p>\n","protected":false},"excerpt":{"rendered":"Il \u00e9tait 8h30, ce mercredi 12 novembre, lorsque quatre individus d\u00e9barquent devant un bureau de poste \u00e0 Roubaix.&hellip;\n","protected":false},"author":2,"featured_media":249462,"comment_status":"","ping_status":"","sticky":false,"template":"","format":"standard","meta":{"footnotes":""},"categories":[2815],"tags":[1111,11,6941,1777,674,2688,107,1011,27,811,303,1307,12,1072,25],"class_list":{"0":"post-529183","1":"post","2":"type-post","3":"status-publish","4":"format-standard","5":"has-post-thumbnail","7":"category-lille","8":"tag-actu","9":"tag-actualites","10":"tag-braquage","11":"tag-eu","12":"tag-europe","13":"tag-explosion","14":"tag-fil-info","15":"tag-fr","16":"tag-france","17":"tag-hauts-de-france","18":"tag-justice","19":"tag-lille","20":"tag-news","21":"tag-police","22":"tag-republique-francaise"},"share_on_mastodon":{"url":"https:\/\/pubeurope.com\/@fr\/115537041509684531","error":""},"_links":{"self":[{"href":"https:\/\/www.europesays.com\/fr\/wp-json\/wp\/v2\/posts\/529183","targetHints":{"allow":["GET"]}}],"collection":[{"href":"https:\/\/www.europesays.com\/fr\/wp-json\/wp\/v2\/posts"}],"about":[{"href":"https:\/\/www.europesays.com\/fr\/wp-json\/wp\/v2\/types\/post"}],"author":[{"embeddable":true,"href":"https:\/\/www.europesays.com\/fr\/wp-json\/wp\/v2\/users\/2"}],"replies":[{"embeddable":true,"href":"https:\/\/www.europesays.com\/fr\/wp-json\/wp\/v2\/comments?post=529183"}],"version-history":[{"count":0,"href":"https:\/\/www.europesays.com\/fr\/wp-json\/wp\/v2\/posts\/529183\/revisions"}],"wp:featuredmedia":[{"embeddable":true,"href":"https:\/\/www.europesays.com\/fr\/wp-json\/wp\/v2\/media\/249462"}],"wp:attachment":[{"href":"https:\/\/www.europesays.com\/fr\/wp-json\/wp\/v2\/media?parent=529183"}],"wp:term":[{"taxonomy":"category","embeddable":true,"href":"https:\/\/www.europesays.com\/fr\/wp-json\/wp\/v2\/categories?post=529183"},{"taxonomy":"post_tag","embeddable":true,"href":"https:\/\/www.europesays.com\/fr\/wp-json\/wp\/v2\/tags?post=529183"}],"curies":[{"name":"wp","href":"https:\/\/api.w.org\/{rel}","templated":true}]}}