{"id":529184,"date":"2025-11-12T13:48:15","date_gmt":"2025-11-12T13:48:15","guid":{"rendered":"https:\/\/www.europesays.com\/fr\/529184\/"},"modified":"2025-11-12T13:48:15","modified_gmt":"2025-11-12T13:48:15","slug":"la-soumission-chimique-est-un-sujet-dactualite","status":"publish","type":"post","link":"https:\/\/www.europesays.com\/fr\/529184\/","title":{"rendered":"La soumission chimique est un sujet d&rsquo;actualit\u00e9"},"content":{"rendered":"<p><strong>Comment est n\u00e9 cet \u00e9v\u00e9nement et quel est son objectif\u00a0?<\/strong>&#13;\n<\/p>\n<p>Quand je participais aux travaux de la mission gouvernementale confi\u00e9e \u00e0 <a href=\"https:\/\/www.laprovence.com\/article\/politique\/5305525032522314\/le-senateur-joel-guerriau-soupconne-davoir-drogue-la-deputee-sandrine-josso-afin-de-la-violer-va-demissionner\" target=\"_blank\" rel=\"noopener\">Madame Josso<\/a>, je me suis rendu compte que la soumission chimique \u00e9tait insuffisamment \u00e9tudi\u00e9e. Les contours juridiques, de sant\u00e9 publique, de m\u00e9decine l\u00e9gale, \u00e9taient mal compris. On a donc r\u00e9fl\u00e9chi \u00e0 un colloque pluridisciplinaire. Avec monsieur le doyen et Laura Pignatel, on a voulu cr\u00e9er un espace d\u2019\u00e9change universitaire judiciaire, scientifique, m\u00e9dical, pour diffuser \u00e0 tous, une information la plus claire et compl\u00e8te possible. L\u2019objectif est de mieux en cerner les m\u00e9canismes et d\u2019am\u00e9liorer la prise en charge des victimes.<\/p>\n<p><strong>Pourquoi avez-vous voulu l\u2019organiser\u00a0?<\/strong>&#13;\n<\/p>\n<p>Ce sujet a \u00e9t\u00e9 mis sur le devant de la sc\u00e8ne avec <a href=\"https:\/\/www.laprovence.com\/article\/faits-divers-justice\/2085385170670615\/l-affaire-des-viols-de-mazan-n-est-qu-un-echantillon-des-femmes-abusees-en-direct-sur-le-site-bazoocam\" target=\"_blank\" rel=\"noopener\">le proc\u00e8s Mazan<\/a>. Il a permis de mettre en \u00e9vidence le fait que la soumission chimique est un moyen pour arriver \u00e0 une agression sexuelle ou \u00e0 un viol. C\u2019\u00e9tait un coup de projecteur m\u00e9diatique mais pas scientifique. On s\u2019est rendu compte, lors des travaux de l\u2019Assembl\u00e9e nationale, qu\u2019on fait face \u00e0 un manque criant d\u2019\u00e9change entre les professionnels depuis des ann\u00e9es. Selon moi, c\u2019est d\u00fb au caract\u00e8re transversal de ce type d\u2019agression. On a voulu&#8230;<\/p>\n","protected":false},"excerpt":{"rendered":"Comment est n\u00e9 cet \u00e9v\u00e9nement et quel est son objectif\u00a0?&#13; Quand je participais aux travaux de la mission&hellip;\n","protected":false},"author":2,"featured_media":529185,"comment_status":"","ping_status":"","sticky":false,"template":"","format":"standard","meta":{"footnotes":""},"categories":[2814],"tags":[17,1111,11,2835,15493,14117,1777,674,274,1011,27,64831,4743,21564,884,12,882,25,34766],"class_list":{"0":"post-529184","1":"post","2":"type-post","3":"status-publish","4":"format-standard","5":"has-post-thumbnail","7":"category-marseille","8":"tag-17","9":"tag-actu","10":"tag-actualites","11":"tag-aix","12":"tag-arnaud","13":"tag-colloque","14":"tag-eu","15":"tag-europe","16":"tag-faits-divers-justice","17":"tag-fr","18":"tag-france","19":"tag-godefroy","20":"tag-la","21":"tag-maitre","22":"tag-marseille","23":"tag-news","24":"tag-provence-alpes-cote-dazur","25":"tag-republique-francaise","26":"tag-soumission"},"share_on_mastodon":{"url":"https:\/\/pubeurope.com\/@fr\/115537045418931164","error":""},"_links":{"self":[{"href":"https:\/\/www.europesays.com\/fr\/wp-json\/wp\/v2\/posts\/529184","targetHints":{"allow":["GET"]}}],"collection":[{"href":"https:\/\/www.europesays.com\/fr\/wp-json\/wp\/v2\/posts"}],"about":[{"href":"https:\/\/www.europesays.com\/fr\/wp-json\/wp\/v2\/types\/post"}],"author":[{"embeddable":true,"href":"https:\/\/www.europesays.com\/fr\/wp-json\/wp\/v2\/users\/2"}],"replies":[{"embeddable":true,"href":"https:\/\/www.europesays.com\/fr\/wp-json\/wp\/v2\/comments?post=529184"}],"version-history":[{"count":0,"href":"https:\/\/www.europesays.com\/fr\/wp-json\/wp\/v2\/posts\/529184\/revisions"}],"wp:featuredmedia":[{"embeddable":true,"href":"https:\/\/www.europesays.com\/fr\/wp-json\/wp\/v2\/media\/529185"}],"wp:attachment":[{"href":"https:\/\/www.europesays.com\/fr\/wp-json\/wp\/v2\/media?parent=529184"}],"wp:term":[{"taxonomy":"category","embeddable":true,"href":"https:\/\/www.europesays.com\/fr\/wp-json\/wp\/v2\/categories?post=529184"},{"taxonomy":"post_tag","embeddable":true,"href":"https:\/\/www.europesays.com\/fr\/wp-json\/wp\/v2\/tags?post=529184"}],"curies":[{"name":"wp","href":"https:\/\/api.w.org\/{rel}","templated":true}]}}